{"id":71634,"date":"2021-03-18T12:54:01","date_gmt":"2021-03-18T15:54:01","guid":{"rendered":"http:\/\/portalcatolico.net\/portal\/?p=71634"},"modified":"2021-03-18T12:54:50","modified_gmt":"2021-03-18T15:54:50","slug":"cardeal-dom-sergio-da-rocha-abre-oficialmente-ano-de-sao-jose-na-arquidiocese-de-salvador","status":"publish","type":"post","link":"http:\/\/portalcatolico.net\/portal\/cardeal-dom-sergio-da-rocha-abre-oficialmente-ano-de-sao-jose-na-arquidiocese-de-salvador\/","title":{"rendered":"Cardeal Dom Sergio da Rocha abre, oficialmente, Ano de S\u00e3o Jos\u00e9 na Arquidiocese de Salvador"},"content":{"rendered":"<p>O Patrono da Igreja Cat\u00f3lica e protetor das fam\u00edlias, S\u00e3o Jos\u00e9, ser\u00e1 homenageado nesta sexta-feira, dia 19 de mar\u00e7o, \u00e0s 17h, no \u00fanico Santu\u00e1rio da Arquidiocese de Salvador dedicado a ele, localizado na Baixa do Bonfim. Em virtude da pandemia, a Celebra\u00e7\u00e3o Eucar\u00edstica acontecer\u00e1 com apenas 30% da capacidade de lota\u00e7\u00e3o do templo, o que corresponde a 45 pessoas, e pode ser acompanhada, em tempo real, pelos perfis no Instagram: @csjose_santuario e @arquisalvador; e tamb\u00e9m pelo Facebook: @ArquidioceseSalvador.<\/p>\n<p>Al\u00e9m de celebrar o dia dedicado a S\u00e3o Jos\u00e9, este ano os cat\u00f3licos t\u00eam um motivo a mais, j\u00e1 que o Papa Francisco declarou o Ano de S\u00e3o Jos\u00e9, de 8 de dezembro de 2020 a 8 de dezembro de 2021. Desta forma, neste dia 19 de mar\u00e7o, ser\u00e1 aberto, oficialmente, o Ano de S\u00e3o Jos\u00e9 na Arquidiocese de Salvador, pelo Arcebispo de Salvador e Primaz do Brasil, Cardeal Dom Sergio da Rocha. Al\u00e9m das redes sociais, quem desejar poder\u00e1 acompanhar a Santa Missa pela Rede Excelsior de Comunica\u00e7\u00e3o (AM 840 e FM 196,1).<\/p>\n<p><strong>S\u00e3o Jos\u00e9<\/strong><br \/>\nEsposo da Virgem Maria e pai adotivo de Jesus, Jos\u00e9, cujo nome em hebraico \u201cYosef\u201d significa \u201caquele que acrescenta\u201d ou \u201cDeus multiplica\u201d, \u00e9 celebrado no dia 19 de mar\u00e7o. Descendente da casa real de Davi, S\u00e3o Jos\u00e9 \u00e9 conhecido como o padroeiro das fam\u00edlias, por ter sido um homem fiel e dedicado \u00e0 Sagrada Fam\u00edlia que, por Deus, a ele foi confiada.<\/p>\n<p>S\u00e3o Jos\u00e9 \u00e9 tamb\u00e9m conhecido como um homem justo e trabalhador. Como carpinteiro, proveu o sustento da fam\u00edlia com dignidade e exemplo. No calend\u00e1rio lit\u00fargico Romano, S\u00e3o Jos\u00e9 foi inserido em 1479, quando a sua festa passou a ser celebrada em 19 de mar\u00e7o. Em 1870, S\u00e3o Jos\u00e9 foi declarado oficialmente como Patrono Universal da Igreja, pelo Papa Pio IX.<\/p>\n<p>No ano de 1889, o Papa Le\u00e3o XIII, exaltou as virtudes de S\u00e3o Jos\u00e9 em um dos documentos da Igreja; e o Papa Bento XV declarou S\u00e3o Jos\u00e9 como Patrono da Justi\u00e7a Social. J\u00e1 para ressaltar uma das qualidades de S\u00e3o Jos\u00e9, a de trabalhador, o Papa Pio XII instituiu a segunda festa em homenagem a ele, que \u00e9 a Festa de S\u00e3o Jos\u00e9 Oper\u00e1rio, celebrada em 1\u00ba de maio. Com informa\u00e7\u00f5es da Arquidiocese de S\u00e3o Salvador(BA)<\/p>\n","protected":false},"excerpt":{"rendered":"<p>O Patrono da Igreja Cat\u00f3lica e protetor das fam\u00edlias, S\u00e3o Jos\u00e9, ser\u00e1 homenageado nesta sexta-feira, dia 19 de mar\u00e7o, \u00e0s 17h, no \u00fanico Santu\u00e1rio da Arquidiocese de Salvador dedicado a ele, localizado na Baixa do Bonfim. Em virtude da pandemia, a Celebra\u00e7\u00e3o Eucar\u00edstica acontecer\u00e1 com apenas 30% da capacidade de lota\u00e7\u00e3o do templo, o que&nbsp;<\/p>\n<p><a class=\"btn btn-style\" href=\"http:\/\/portalcatolico.net\/portal\/cardeal-dom-sergio-da-rocha-abre-oficialmente-ano-de-sao-jose-na-arquidiocese-de-salvador\/\">Continue Reading<\/a><\/p>\n","protected":false},"author":2,"featured_media":71635,"comment_status":"open","ping_status":"open","sticky":false,"template":"","format":"standard","meta":{"footnotes":""},"categories":[3],"tags":[],"class_list":["post-71634","post","type-post","status-publish","format-standard","has-post-thumbnail","hentry","category-noticias_regionais"],"_links":{"self":[{"href":"http:\/\/portalcatolico.net\/portal\/wp-json\/wp\/v2\/posts\/71634","targetHints":{"allow":["GET"]}}],"collection":[{"href":"http:\/\/portalcatolico.net\/portal\/wp-json\/wp\/v2\/posts"}],"about":[{"href":"http:\/\/portalcatolico.net\/portal\/wp-json\/wp\/v2\/types\/post"}],"author":[{"embeddable":true,"href":"http:\/\/portalcatolico.net\/portal\/wp-json\/wp\/v2\/users\/2"}],"replies":[{"embeddable":true,"href":"http:\/\/portalcatolico.net\/portal\/wp-json\/wp\/v2\/comments?post=71634"}],"version-history":[{"count":1,"href":"http:\/\/portalcatolico.net\/portal\/wp-json\/wp\/v2\/posts\/71634\/revisions"}],"predecessor-version":[{"id":71636,"href":"http:\/\/portalcatolico.net\/portal\/wp-json\/wp\/v2\/posts\/71634\/revisions\/71636"}],"wp:featuredmedia":[{"embeddable":true,"href":"http:\/\/portalcatolico.net\/portal\/wp-json\/wp\/v2\/media\/71635"}],"wp:attachment":[{"href":"http:\/\/portalcatolico.net\/portal\/wp-json\/wp\/v2\/media?parent=71634"}],"wp:term":[{"taxonomy":"category","embeddable":true,"href":"http:\/\/portalcatolico.net\/portal\/wp-json\/wp\/v2\/categories?post=71634"},{"taxonomy":"post_tag","embeddable":true,"href":"http:\/\/portalcatolico.net\/portal\/wp-json\/wp\/v2\/tags?post=71634"}],"curies":[{"name":"wp","href":"https:\/\/api.w.org\/{rel}","templated":true}]}}