{"id":71631,"date":"2021-03-18T11:40:38","date_gmt":"2021-03-18T14:40:38","guid":{"rendered":"http:\/\/portalcatolico.net\/portal\/?p=71631"},"modified":"2021-03-18T11:40:38","modified_gmt":"2021-03-18T14:40:38","slug":"plenario-aprova-projeto-que-define-atividade-religiosa-como-essencial-em-itabuna","status":"publish","type":"post","link":"http:\/\/portalcatolico.net\/portal\/plenario-aprova-projeto-que-define-atividade-religiosa-como-essencial-em-itabuna\/","title":{"rendered":"Plen\u00e1rio aprova projeto que define atividade religiosa como essencial em Itabuna"},"content":{"rendered":"<p style=\"font-weight: 400;\">A sess\u00e3o ordin\u00e1ria de quarta-feira (17), na C\u00e2mara de Itabuna, deliberou por vota\u00e7\u00e3o un\u00e2nime o reconhecimento do funcionamento de templos religiosos como essenciais no munic\u00edpio. O projeto de lei 05\/2021 tem como autor o vereador Israel Cardoso (PTC).&nbsp;<\/p>\n<p style=\"font-weight: 400;\">O vereador, autor do projeto de lei, Israel Cardoso, em sua rede social declarou: &#8220;(&#8230;) a aprova\u00e7\u00e3o deste projeto visa resguardar a liberdade religiosa da popula\u00e7\u00e3o. Para tanto, ressaltamos que o funcionamento de todas essas institui\u00e7\u00f5es devem obedecer os crit\u00e9rios sanit\u00e1rios de prote\u00e7\u00e3o. Sabemos que o momento exige cuidados, mas reconhecemos que a atividade religiosa tem um papel fundamental, seja auxiliando individualmente o cidad\u00e3o, seja contribuindo \u00e0 coletividade, atrav\u00e9s do apoio ao poder p\u00fablico em a\u00e7\u00f5es e presta\u00e7\u00f5es de servi\u00e7os nas \u00e1reas de sa\u00fade, educa\u00e7\u00e3o e assist\u00eancia social&#8221;.&nbsp;<\/p>\n<p style=\"font-weight: 400;\">Na rede social, o Vice-prefeito de Itabuna e ex-vereador, Enderson Guinho, ressaltou: &#8220;Feliz em saber que a C\u00e2mara Municipal aprovou o reconhecimento das Igrejas como atividade essencial. Em nosso encontro com Deus, alimentamos o nosso esp\u00edrito, e buscamos a cura do corpo e da alma!&#8221;.&nbsp;&nbsp;<\/p>\n","protected":false},"excerpt":{"rendered":"<p>A sess\u00e3o ordin\u00e1ria de quarta-feira (17), na C\u00e2mara de Itabuna, deliberou por vota\u00e7\u00e3o un\u00e2nime o reconhecimento do funcionamento de templos religiosos como essenciais no munic\u00edpio. O projeto de lei 05\/2021 tem como autor o vereador Israel Cardoso (PTC).&nbsp; O vereador, autor do projeto de lei, Israel Cardoso, em sua rede social declarou: &#8220;(&#8230;) a aprova\u00e7\u00e3o&nbsp;<\/p>\n<p><a class=\"btn btn-style\" href=\"http:\/\/portalcatolico.net\/portal\/plenario-aprova-projeto-que-define-atividade-religiosa-como-essencial-em-itabuna\/\">Continue Reading<\/a><\/p>\n","protected":false},"author":2,"featured_media":71632,"comment_status":"open","ping_status":"open","sticky":false,"template":"","format":"standard","meta":{"footnotes":""},"categories":[4],"tags":[],"class_list":["post-71631","post","type-post","status-publish","format-standard","has-post-thumbnail","hentry","category-destaques"],"_links":{"self":[{"href":"http:\/\/portalcatolico.net\/portal\/wp-json\/wp\/v2\/posts\/71631","targetHints":{"allow":["GET"]}}],"collection":[{"href":"http:\/\/portalcatolico.net\/portal\/wp-json\/wp\/v2\/posts"}],"about":[{"href":"http:\/\/portalcatolico.net\/portal\/wp-json\/wp\/v2\/types\/post"}],"author":[{"embeddable":true,"href":"http:\/\/portalcatolico.net\/portal\/wp-json\/wp\/v2\/users\/2"}],"replies":[{"embeddable":true,"href":"http:\/\/portalcatolico.net\/portal\/wp-json\/wp\/v2\/comments?post=71631"}],"version-history":[{"count":1,"href":"http:\/\/portalcatolico.net\/portal\/wp-json\/wp\/v2\/posts\/71631\/revisions"}],"predecessor-version":[{"id":71633,"href":"http:\/\/portalcatolico.net\/portal\/wp-json\/wp\/v2\/posts\/71631\/revisions\/71633"}],"wp:featuredmedia":[{"embeddable":true,"href":"http:\/\/portalcatolico.net\/portal\/wp-json\/wp\/v2\/media\/71632"}],"wp:attachment":[{"href":"http:\/\/portalcatolico.net\/portal\/wp-json\/wp\/v2\/media?parent=71631"}],"wp:term":[{"taxonomy":"category","embeddable":true,"href":"http:\/\/portalcatolico.net\/portal\/wp-json\/wp\/v2\/categories?post=71631"},{"taxonomy":"post_tag","embeddable":true,"href":"http:\/\/portalcatolico.net\/portal\/wp-json\/wp\/v2\/tags?post=71631"}],"curies":[{"name":"wp","href":"https:\/\/api.w.org\/{rel}","templated":true}]}}