{"id":71628,"date":"2021-03-18T10:32:31","date_gmt":"2021-03-18T13:32:31","guid":{"rendered":"http:\/\/portalcatolico.net\/portal\/?p=71628"},"modified":"2021-03-18T10:32:31","modified_gmt":"2021-03-18T13:32:31","slug":"novenario-de-sao-jose-confira-a-programacao-desta-quinta-feira-na-catedral-em-itabuna","status":"publish","type":"post","link":"http:\/\/portalcatolico.net\/portal\/novenario-de-sao-jose-confira-a-programacao-desta-quinta-feira-na-catedral-em-itabuna\/","title":{"rendered":"Noven\u00e1rio de S\u00e3o Jos\u00e9: Confira a programa\u00e7\u00e3o desta quinta-feira na Catedral em Itabuna"},"content":{"rendered":"<p style=\"font-weight: 400;\">Nesta quinta-feira, \u00e0s 12h, acontecer\u00e1 a Missa da Miseric\u00f3rdia. E \u00e0s&nbsp;19h,&nbsp;acontece a 9\u00ba Noite da novena&nbsp;&nbsp;em honra ao padroeiro da cidade, da catedral e da diocese de Itabuna (BA).&nbsp;&nbsp;&nbsp;&nbsp;&nbsp;&nbsp;&nbsp;&nbsp;<\/p>\n<p style=\"font-weight: 400;\"><strong><u style=\"font-style: inherit; font-weight: inherit;\">O&nbsp;<\/u>Subtema da noite \u00e9:&nbsp;Com cora\u00e7\u00e3o de Pai; Pai na sombra&nbsp;<\/strong><\/p>\n<p style=\"font-weight: 400;\">O Presidente da Celebra\u00e7\u00e3o:&nbsp;Excelent\u00edssimo e Reverend\u00edssimo Dom Carlos Alberto dos Santos \u2013 Bispo de Itabuna.&nbsp;<\/p>\n<p style=\"font-weight: 400;\"><strong>Convidados:<\/strong>&nbsp;&nbsp;Poder Executivo (Prefeitura Municipal de Itabuna); Poder Legislativo (C\u00e2mara de Vereadores de Itabuna); Poder Judici\u00e1rio (F\u00f3rum Ruy Barbosa); For\u00e7as de Seguran\u00e7a; Clubes de Servi\u00e7o; Organiza\u00e7\u00f5es da Sociedade Civil.&nbsp;<\/p>\n<p style=\"font-weight: 400;\"><strong>Respons\u00e1veis:&nbsp;Movimento do Cursilho.&nbsp;<\/strong><\/p>\n<p style=\"font-weight: 400;\">Como aconteceu ano passado, tamb\u00e9m acontecer\u00e1 este ano: a Catedral de S\u00e3o Jos\u00e9 vai seguir todos os protocolos sanit\u00e1rios de preven\u00e7\u00e3o \u00e0 Covid-19. A tradicional prociss\u00e3o do padroeiro da cidade, n\u00e3o vai acontecer pela segunda vez na hist\u00f3ria. A medida \u00e9 justamente para evitar aglomera\u00e7\u00e3o de pessoas. Portanto, as celebra\u00e7\u00f5es v\u00e3o poder ser acompanhadas pelas redes sociais da Catedral de S\u00e3o Jos\u00e9 (no Instagram, no Youtube).&nbsp;&nbsp;<\/p>\n<p style=\"font-weight: 400;\">Quem quiser acompanhar a missa presencialmente, tem que se antecipar para conseguir um lugar garantido, pois o n\u00famero de fieis presentes na igreja, deve ser limitado, de acordo com o decreto do governo. Para garantir a vaga presencial na missa, deve-se entrar em contato com a Secretaria da Catedral, no telefone: (73) 3613- 4818.&nbsp;&nbsp;<\/p>\n<p style=\"font-weight: 400;\">O tema central deste ano \u00e9: &#8220;Patris Corde. Com cora\u00e7\u00e3o de pai&#8221;.&nbsp;&nbsp;<\/p>\n<p style=\"font-weight: 400;\">O noven\u00e1rio come\u00e7ou dia 10 de mar\u00e7o e a grande festa acontece amanh\u00e3, sexta-feira (19).&nbsp;<\/p>\n","protected":false},"excerpt":{"rendered":"<p>Nesta quinta-feira, \u00e0s 12h, acontecer\u00e1 a Missa da Miseric\u00f3rdia. E \u00e0s&nbsp;19h,&nbsp;acontece a 9\u00ba Noite da novena&nbsp;&nbsp;em honra ao padroeiro da cidade, da catedral e da diocese de Itabuna (BA).&nbsp;&nbsp;&nbsp;&nbsp;&nbsp;&nbsp;&nbsp;&nbsp; O&nbsp;Subtema da noite \u00e9:&nbsp;Com cora\u00e7\u00e3o de Pai; Pai na sombra&nbsp; O Presidente da Celebra\u00e7\u00e3o:&nbsp;Excelent\u00edssimo e Reverend\u00edssimo Dom Carlos Alberto dos Santos \u2013 Bispo de Itabuna.&nbsp; Convidados:&nbsp;&nbsp;Poder&nbsp;<\/p>\n<p><a class=\"btn btn-style\" href=\"http:\/\/portalcatolico.net\/portal\/novenario-de-sao-jose-confira-a-programacao-desta-quinta-feira-na-catedral-em-itabuna\/\">Continue Reading<\/a><\/p>\n","protected":false},"author":2,"featured_media":71629,"comment_status":"open","ping_status":"open","sticky":false,"template":"","format":"standard","meta":{"footnotes":""},"categories":[2],"tags":[],"class_list":["post-71628","post","type-post","status-publish","format-standard","has-post-thumbnail","hentry","category-eventos"],"_links":{"self":[{"href":"http:\/\/portalcatolico.net\/portal\/wp-json\/wp\/v2\/posts\/71628","targetHints":{"allow":["GET"]}}],"collection":[{"href":"http:\/\/portalcatolico.net\/portal\/wp-json\/wp\/v2\/posts"}],"about":[{"href":"http:\/\/portalcatolico.net\/portal\/wp-json\/wp\/v2\/types\/post"}],"author":[{"embeddable":true,"href":"http:\/\/portalcatolico.net\/portal\/wp-json\/wp\/v2\/users\/2"}],"replies":[{"embeddable":true,"href":"http:\/\/portalcatolico.net\/portal\/wp-json\/wp\/v2\/comments?post=71628"}],"version-history":[{"count":1,"href":"http:\/\/portalcatolico.net\/portal\/wp-json\/wp\/v2\/posts\/71628\/revisions"}],"predecessor-version":[{"id":71630,"href":"http:\/\/portalcatolico.net\/portal\/wp-json\/wp\/v2\/posts\/71628\/revisions\/71630"}],"wp:featuredmedia":[{"embeddable":true,"href":"http:\/\/portalcatolico.net\/portal\/wp-json\/wp\/v2\/media\/71629"}],"wp:attachment":[{"href":"http:\/\/portalcatolico.net\/portal\/wp-json\/wp\/v2\/media?parent=71628"}],"wp:term":[{"taxonomy":"category","embeddable":true,"href":"http:\/\/portalcatolico.net\/portal\/wp-json\/wp\/v2\/categories?post=71628"},{"taxonomy":"post_tag","embeddable":true,"href":"http:\/\/portalcatolico.net\/portal\/wp-json\/wp\/v2\/tags?post=71628"}],"curies":[{"name":"wp","href":"https:\/\/api.w.org\/{rel}","templated":true}]}}