{"id":71621,"date":"2021-03-18T10:26:28","date_gmt":"2021-03-18T13:26:28","guid":{"rendered":"http:\/\/portalcatolico.net\/portal\/?p=71621"},"modified":"2021-03-18T10:29:06","modified_gmt":"2021-03-18T13:29:06","slug":"novo-bispo-da-diocese-de-jequie-toma-posse-em-missa-nesta-sexta-feira","status":"publish","type":"post","link":"http:\/\/portalcatolico.net\/portal\/novo-bispo-da-diocese-de-jequie-toma-posse-em-missa-nesta-sexta-feira\/","title":{"rendered":"Novo bispo da Diocese de Jequi\u00e9 toma posse, em missa, nesta sexta-feira"},"content":{"rendered":"<p><img loading=\"lazy\" decoding=\"async\" class=\"wp-image-71624 aligncenter\" src=\"http:\/\/portalcatolico.net\/portal\/wp-content\/uploads\/2021\/03\/0ca39c99-c7bc-44dd-804a-90f321cd0cf7-300x300.jpg\" alt=\"\" width=\"813\" height=\"813\" srcset=\"http:\/\/portalcatolico.net\/portal\/wp-content\/uploads\/2021\/03\/0ca39c99-c7bc-44dd-804a-90f321cd0cf7-300x300.jpg 300w, http:\/\/portalcatolico.net\/portal\/wp-content\/uploads\/2021\/03\/0ca39c99-c7bc-44dd-804a-90f321cd0cf7-150x150.jpg 150w, http:\/\/portalcatolico.net\/portal\/wp-content\/uploads\/2021\/03\/0ca39c99-c7bc-44dd-804a-90f321cd0cf7-768x769.jpg 768w, http:\/\/portalcatolico.net\/portal\/wp-content\/uploads\/2021\/03\/0ca39c99-c7bc-44dd-804a-90f321cd0cf7-1024x1024.jpg 1024w, http:\/\/portalcatolico.net\/portal\/wp-content\/uploads\/2021\/03\/0ca39c99-c7bc-44dd-804a-90f321cd0cf7.jpg 1080w\" sizes=\"auto, (max-width: 813px) 100vw, 813px\" \/>A Cerim\u00f4nia da Posse Can\u00f4nica de Dom Paulo Romeu Dantas Bastos como bispo diocesano de Jequi\u00e9 (BA) acontecer\u00e1 nesta sexta-feira, dia 19 de mar\u00e7o. A Solene Celebra\u00e7\u00e3o Eucar\u00edstica ser\u00e1 realizada \u00e0s 8h na Catedral<br \/>\nde Santo Ant\u00f4nio na cidade de Jequi\u00e9.<br \/>\n&nbsp; O primeiro bispo da Diocese de Jequi\u00e9 foi Cristiano Jacob Krapf, atualmente bispo em\u00e9rito.<br \/>\n&nbsp; A Missa ser\u00e1 transmitida pelo p\u00e1gina da Diocese no Facebook (@mitrajequie) e no Youtube pelo canal: Diocese de Jequi\u00e9 &#8211; Oficial (<a href=\"https:\/\/www.youtube.com\/channel\/UCNaF_mU_gtoPmS4EreEy2XQ\"><strong>link aqui<\/strong><\/a>).<br \/>\nDom Paulo foi nomeado pelo Santo Padre o Papa Francisco no dia&nbsp; 13 de janeiro de 2021, sendo o terceiro bispo diocesano. dom Paulo Romeu Dantas Bastos, atual bispo de Alagoinhas (BA), para a diocese de Jequi\u00e9<br \/>\n(BA).<br \/>\nA Igreja Particular est\u00e1 vacante desde 10 de julho de 2019 com a nomea\u00e7\u00e3o de Dom Jos\u00e9 Lopes para o governo pastoral em Caruaru (PE).&nbsp;<\/p>\n<p>Fotos: Reprodu\u00e7\u00e3o\/Internet<\/p>\n","protected":false},"excerpt":{"rendered":"<p>A Cerim\u00f4nia da Posse Can\u00f4nica de Dom Paulo Romeu Dantas Bastos como bispo diocesano de Jequi\u00e9 (BA) acontecer\u00e1 nesta sexta-feira, dia 19 de mar\u00e7o. A Solene Celebra\u00e7\u00e3o Eucar\u00edstica ser\u00e1 realizada \u00e0s 8h na Catedral de Santo Ant\u00f4nio na cidade de Jequi\u00e9. &nbsp; O primeiro bispo da Diocese de Jequi\u00e9 foi Cristiano Jacob Krapf, atualmente bispo&nbsp;<\/p>\n<p><a class=\"btn btn-style\" href=\"http:\/\/portalcatolico.net\/portal\/novo-bispo-da-diocese-de-jequie-toma-posse-em-missa-nesta-sexta-feira\/\">Continue Reading<\/a><\/p>\n","protected":false},"author":2,"featured_media":71622,"comment_status":"open","ping_status":"open","sticky":false,"template":"","format":"standard","meta":{"footnotes":""},"categories":[3],"tags":[],"class_list":["post-71621","post","type-post","status-publish","format-standard","has-post-thumbnail","hentry","category-noticias_regionais"],"_links":{"self":[{"href":"http:\/\/portalcatolico.net\/portal\/wp-json\/wp\/v2\/posts\/71621","targetHints":{"allow":["GET"]}}],"collection":[{"href":"http:\/\/portalcatolico.net\/portal\/wp-json\/wp\/v2\/posts"}],"about":[{"href":"http:\/\/portalcatolico.net\/portal\/wp-json\/wp\/v2\/types\/post"}],"author":[{"embeddable":true,"href":"http:\/\/portalcatolico.net\/portal\/wp-json\/wp\/v2\/users\/2"}],"replies":[{"embeddable":true,"href":"http:\/\/portalcatolico.net\/portal\/wp-json\/wp\/v2\/comments?post=71621"}],"version-history":[{"count":4,"href":"http:\/\/portalcatolico.net\/portal\/wp-json\/wp\/v2\/posts\/71621\/revisions"}],"predecessor-version":[{"id":71627,"href":"http:\/\/portalcatolico.net\/portal\/wp-json\/wp\/v2\/posts\/71621\/revisions\/71627"}],"wp:featuredmedia":[{"embeddable":true,"href":"http:\/\/portalcatolico.net\/portal\/wp-json\/wp\/v2\/media\/71622"}],"wp:attachment":[{"href":"http:\/\/portalcatolico.net\/portal\/wp-json\/wp\/v2\/media?parent=71621"}],"wp:term":[{"taxonomy":"category","embeddable":true,"href":"http:\/\/portalcatolico.net\/portal\/wp-json\/wp\/v2\/categories?post=71621"},{"taxonomy":"post_tag","embeddable":true,"href":"http:\/\/portalcatolico.net\/portal\/wp-json\/wp\/v2\/tags?post=71621"}],"curies":[{"name":"wp","href":"https:\/\/api.w.org\/{rel}","templated":true}]}}