{"id":71616,"date":"2021-03-18T10:22:33","date_gmt":"2021-03-18T13:22:33","guid":{"rendered":"http:\/\/portalcatolico.net\/portal\/?p=71616"},"modified":"2021-03-18T10:23:45","modified_gmt":"2021-03-18T13:23:45","slug":"novenario-de-sao-jose-continua-em-itabuna-confira-a-programacao","status":"publish","type":"post","link":"http:\/\/portalcatolico.net\/portal\/novenario-de-sao-jose-continua-em-itabuna-confira-a-programacao\/","title":{"rendered":"Noven\u00e1rio de S\u00e3o Jos\u00e9 continua em Itabuna. Confira a programa\u00e7\u00e3o!"},"content":{"rendered":"<p style=\"font-weight: 400;\">Continua na cidade de Itabuna, no sul da Bahia, os preparativos para a grande<br \/>\nfesta do padroeiro do munic\u00edpio, da Catedral e da diocese de Itabuna.<br \/>\nNesta quarta-feira (17\/03), foi realizada a 8\u00aa noite do noven\u00e1rio de S\u00e3o<br \/>\nJos\u00e9.<br \/>\n<strong>O Subtema refletido foi: &#8220;Com Cora\u00e7\u00e3o de Pai; Pai Trabalhador&#8221;.&nbsp;&nbsp;<\/strong><\/p>\n<p style=\"font-weight: 400;\">A santa missa teve in\u00edcio \u00e0s 18h.<br \/>\nO presidente da celebra\u00e7\u00e3o e da reflex\u00e3o foi o Reverend\u00edssimo Pe. Francisco de Paulo, CP, Vig\u00e1rio paroquial da Par\u00f3quia Santa Maria Goretti (Bairro Mangabinha em Itabuna). Os concelebrantes foram: Pe. Frei Gilton Oliveira (Par\u00f3quia Santa Rita de C\u00e1ssia); o di\u00e1cono permanente Jo\u00e3o Moreira (Par\u00f3quia Bom Jesus da cidade de Itap\u00e9) e o<br \/>\np\u00e1roco da Catedral de S\u00e3o Jos\u00e9, o Pe. Gilvan Oliveira.<br \/>\nOs convidados foram: os paroquianos das par\u00f3quias Santa Rita de C\u00e1ssia e Santa Maria Goretti, al\u00e9m de religiosos, religiosas, grupos de A\u00e7\u00e3o Comunit\u00e1ria, Institui\u00e7\u00e3o Filantr\u00f3picas.<br \/>\nRespons\u00e1veis: Confer\u00eancia S\u00e3o Jos\u00e9 da Sociedade de S\u00e3o Vivente de Paulo (SSPV). Devido a pandemia do Coronav\u00edrus, a participa\u00e7\u00e3o dos fi\u00e9is \u00e9 atrav\u00e9s de agendamento na secretaria da Paroquia, pelo telefone: (73) 3613-4818.&nbsp;&nbsp;<\/p>\n<p style=\"font-weight: 400;\">Confira neste link, a homilia do sacerdote o Pe. Francisco.&nbsp;<a href=\"https:\/\/www.youtube.com\/channel\/UCOQ7zh1gIDbheN9rmvhxV1A\/videos\">https:\/\/www.youtube.com\/channel\/UCOQ7zh1gIDbheN9rmvhxV1A\/videos<\/a>&nbsp;<\/p>\n<p style=\"font-weight: 400;\"><strong>Confira a programa\u00e7\u00e3o dos pr\u00f3ximos dias:<\/strong><br \/>\n18\/03\/2021: Quinta-feira<br \/>\n12h- Missa da Miseric\u00f3rdia<br \/>\n18h- 9\u00aa Noite da Novena<br \/>\nAnivers\u00e1rio da dedica\u00e7\u00e3o da Catedral de S\u00e3o Jos\u00e9<br \/>\nSubtema: Com Cora\u00e7\u00e3o; Pai na sombra.<br \/>\nPresidente da celebra\u00e7\u00e3o: Excelent\u00edssimo e Reverend\u00edssimo Dom Carlos Alberto dos santos _Bispo da Diocese de Itabuna.<br \/>\nConvidados: Poder Executivo (Prefeitura Municipal de Itabuna); Poder Legislativo (C\u00e2mara de Vereadores de Itabuna); poder Judici\u00e1rio (F\u00f3rum Ruy Barbosa); For\u00e7as de Seguran\u00e7a: Clubes de Servi\u00e7o; Organiza\u00e7\u00e3o da<br \/>\nSociedade Civil.<br \/>\nRespons\u00e1veis: Movimento do Cursilho.<\/p>\n<p>&nbsp;<strong>19\/03\/2021: Sexta-feira \u2013 Dia de S\u00e3o Jos\u00e9 (Feriado municipal religioso)<\/strong><br \/>\n07h- Missa da Comunidade Paroquial<br \/>\n10h-Solene Concelebra\u00e7\u00e3o Eucar\u00edstica.<br \/>\n15h-Missa da Romaria<br \/>\n16h30min -Solene Ato de F\u00e9, com a imagem de S\u00e3o Jos\u00e9 pelas ruas da cidade de Itabuna<br \/>\nEncerramento: B\u00ean\u00e7\u00e3o dos carros, motos e bicicletas.<br \/>\nVale ressaltar que outras par\u00f3quias e comunidades tamb\u00e9m est\u00e3o homenageando S\u00e3o Jos\u00e9. S\u00e3o eles: Itabuna, Una, S\u00e3o Jos\u00e9 da Vitoria, Ibirataia, Gandu, Nova Ibi\u00e1, Ibicara\u00ed, entres outras. Em algumas destas cidades, tamb\u00e9m \u00e9 feriado religioso municipal.&nbsp;<\/p>\n<p><a href=\"https:\/\/www.facebook.com\/portalcatolicooficial\"><strong>Clique aqui e confira o \u00e1lbuns de fotos<\/strong><\/a><\/p>\n","protected":false},"excerpt":{"rendered":"<p>Continua na cidade de Itabuna, no sul da Bahia, os preparativos para a grande festa do padroeiro do munic\u00edpio, da Catedral e da diocese de Itabuna. Nesta quarta-feira (17\/03), foi realizada a 8\u00aa noite do noven\u00e1rio de S\u00e3o Jos\u00e9. O Subtema refletido foi: &#8220;Com Cora\u00e7\u00e3o de Pai; Pai Trabalhador&#8221;.&nbsp;&nbsp; A santa missa teve in\u00edcio \u00e0s&nbsp;<\/p>\n<p><a class=\"btn btn-style\" href=\"http:\/\/portalcatolico.net\/portal\/novenario-de-sao-jose-continua-em-itabuna-confira-a-programacao\/\">Continue Reading<\/a><\/p>\n","protected":false},"author":2,"featured_media":71617,"comment_status":"open","ping_status":"open","sticky":false,"template":"","format":"standard","meta":{"footnotes":""},"categories":[68],"tags":[],"class_list":["post-71616","post","type-post","status-publish","format-standard","has-post-thumbnail","hentry","category-homilias"],"_links":{"self":[{"href":"http:\/\/portalcatolico.net\/portal\/wp-json\/wp\/v2\/posts\/71616","targetHints":{"allow":["GET"]}}],"collection":[{"href":"http:\/\/portalcatolico.net\/portal\/wp-json\/wp\/v2\/posts"}],"about":[{"href":"http:\/\/portalcatolico.net\/portal\/wp-json\/wp\/v2\/types\/post"}],"author":[{"embeddable":true,"href":"http:\/\/portalcatolico.net\/portal\/wp-json\/wp\/v2\/users\/2"}],"replies":[{"embeddable":true,"href":"http:\/\/portalcatolico.net\/portal\/wp-json\/wp\/v2\/comments?post=71616"}],"version-history":[{"count":3,"href":"http:\/\/portalcatolico.net\/portal\/wp-json\/wp\/v2\/posts\/71616\/revisions"}],"predecessor-version":[{"id":71620,"href":"http:\/\/portalcatolico.net\/portal\/wp-json\/wp\/v2\/posts\/71616\/revisions\/71620"}],"wp:featuredmedia":[{"embeddable":true,"href":"http:\/\/portalcatolico.net\/portal\/wp-json\/wp\/v2\/media\/71617"}],"wp:attachment":[{"href":"http:\/\/portalcatolico.net\/portal\/wp-json\/wp\/v2\/media?parent=71616"}],"wp:term":[{"taxonomy":"category","embeddable":true,"href":"http:\/\/portalcatolico.net\/portal\/wp-json\/wp\/v2\/categories?post=71616"},{"taxonomy":"post_tag","embeddable":true,"href":"http:\/\/portalcatolico.net\/portal\/wp-json\/wp\/v2\/tags?post=71616"}],"curies":[{"name":"wp","href":"https:\/\/api.w.org\/{rel}","templated":true}]}}