{"id":71610,"date":"2021-03-18T05:54:19","date_gmt":"2021-03-18T08:54:19","guid":{"rendered":"http:\/\/portalcatolico.net\/portal\/?p=71610"},"modified":"2021-03-18T05:57:12","modified_gmt":"2021-03-18T08:57:12","slug":"gestos-concretos-a-partir-da-campanha-da-fraternidade-deste-ano-aproximam-igrejas-na-caminhada-ecumenica","status":"publish","type":"post","link":"http:\/\/portalcatolico.net\/portal\/gestos-concretos-a-partir-da-campanha-da-fraternidade-deste-ano-aproximam-igrejas-na-caminhada-ecumenica\/","title":{"rendered":"GESTOS CONCRETOS A PARTIR DA CAMPANHA DA FRATERNIDADE DESTE ANO APROXIMAM IGREJAS NA CAMINHADA ECUM\u00caNICA"},"content":{"rendered":"<p>Um Caf\u00e9 Ecum\u00eanico realizado, dia 12 de fevereiro, na c\u00faria da arquidiocese de Aparecida (SP), a partir de um desejo do arcebispo dom Orlando Brandes, abriu caminho para a cria\u00e7\u00e3o de gestos concretos que vem gerando muitos frutos para a aproxima\u00e7\u00e3o entre diferentes igrejas no munic\u00edpio. No encontro, os participantes (padres, pastores e arcebispo) come\u00e7aram a sonhar com uma primeira a\u00e7\u00e3o ecum\u00eanica comum que tomou corpo, motivada pela Campanha da Fraternidade Ecum\u00eanica (CFE) 2021.<\/p>\n<div id=\"gallery-1\" class=\"gallery galleryid-260844 gallery-columns-3 gallery-size-thumbnail\">\n<figure class=\"gallery-item\">\n<div class=\"gallery-icon landscape\"><a class=\"rl-gallery-link\" title=\"\" href=\"https:\/\/eadn-wc02-718006.nxedge.io\/cdn\/wp-content\/uploads\/2021\/03\/Culto-Ecumenico-1.jpg\" data-rl_title=\"\" data-rl_caption=\"\" data-rel=\"lightbox-gallery-1\"><img loading=\"lazy\" decoding=\"async\" class=\"attachment-thumbnail size-thumbnail lazyloaded\" src=\"https:\/\/eadn-wc02-718006.nxedge.io\/cdn\/wp-content\/uploads\/2021\/03\/Culto-Ecumenico-1-150x150.jpg\" sizes=\"auto, (max-width: 150px) 100vw, 150px\" srcset=\"https:\/\/eadn-wc02-718006.nxedge.io\/cdn\/wp-content\/uploads\/2021\/03\/Culto-Ecumenico-1-150x150.jpg 150w, https:\/\/eadn-wc02-718006.nxedge.io\/cdn\/wp-content\/uploads\/2021\/03\/Culto-Ecumenico-1-300x300.jpg 300w, https:\/\/eadn-wc02-718006.nxedge.io\/cdn\/wp-content\/uploads\/2021\/03\/Culto-Ecumenico-1-800x800.jpg 800w\" alt=\"\" width=\"150\" height=\"150\" aria-describedby=\"gallery-1-260852\" data-ll-status=\"loaded\"><\/a><\/div><figcaption id=\"gallery-1-260852\" class=\"wp-caption-text gallery-caption\">Representantes das Igrejas<\/figcaption><\/figure>\n<figure class=\"gallery-item\">\n<div class=\"gallery-icon landscape\"><a class=\"rl-gallery-link\" title=\"\" href=\"https:\/\/eadn-wc02-718006.nxedge.io\/cdn\/wp-content\/uploads\/2021\/03\/Culto-Ecumenico-Frei-Galvao.jpg\" data-rl_title=\"\" data-rl_caption=\"\" data-rel=\"lightbox-gallery-1\"><img loading=\"lazy\" decoding=\"async\" class=\"attachment-thumbnail size-thumbnail lazyloaded\" src=\"https:\/\/eadn-wc02-718006.nxedge.io\/cdn\/wp-content\/uploads\/2021\/03\/Culto-Ecumenico-Frei-Galvao-150x150.jpg\" sizes=\"auto, (max-width: 150px) 100vw, 150px\" srcset=\"https:\/\/eadn-wc02-718006.nxedge.io\/cdn\/wp-content\/uploads\/2021\/03\/Culto-Ecumenico-Frei-Galvao-150x150.jpg 150w, https:\/\/eadn-wc02-718006.nxedge.io\/cdn\/wp-content\/uploads\/2021\/03\/Culto-Ecumenico-Frei-Galvao-300x300.jpg 300w, https:\/\/eadn-wc02-718006.nxedge.io\/cdn\/wp-content\/uploads\/2021\/03\/Culto-Ecumenico-Frei-Galvao-800x800.jpg 800w\" alt=\"\" width=\"150\" height=\"150\" data-ll-status=\"loaded\"><\/a><\/div>\n<\/figure>\n<figure class=\"gallery-item\">\n<div class=\"gallery-icon landscape\"><a class=\"rl-gallery-link\" title=\"\" href=\"https:\/\/eadn-wc02-718006.nxedge.io\/cdn\/wp-content\/uploads\/2021\/03\/Culto-Ecumenico.jpg\" data-rl_title=\"\" data-rl_caption=\"\" data-rel=\"lightbox-gallery-1\"><img loading=\"lazy\" decoding=\"async\" class=\"attachment-thumbnail size-thumbnail lazyloaded\" src=\"https:\/\/eadn-wc02-718006.nxedge.io\/cdn\/wp-content\/uploads\/2021\/03\/Culto-Ecumenico-150x150.jpg\" sizes=\"auto, (max-width: 150px) 100vw, 150px\" srcset=\"https:\/\/eadn-wc02-718006.nxedge.io\/cdn\/wp-content\/uploads\/2021\/03\/Culto-Ecumenico-150x150.jpg 150w, https:\/\/eadn-wc02-718006.nxedge.io\/cdn\/wp-content\/uploads\/2021\/03\/Culto-Ecumenico-300x300.jpg 300w, https:\/\/eadn-wc02-718006.nxedge.io\/cdn\/wp-content\/uploads\/2021\/03\/Culto-Ecumenico-800x800.jpg 800w\" alt=\"\" width=\"150\" height=\"150\" aria-describedby=\"gallery-1-260848\" data-ll-status=\"loaded\"><\/a><\/div><figcaption id=\"gallery-1-260848\" class=\"wp-caption-text gallery-caption\">Fotos: Pastoral Ecum\u00eanica<\/figcaption><\/figure>\n<\/div>\n<p>Trata-se da celebra\u00e7\u00e3o do 1\u00ba Culto Ecum\u00eanico que abriu a Campanha da Fraternidade Ecum\u00eanica 2021 realizado no Santu\u00e1rio Diocesano Frei Galv\u00e3o no dia 1\u00ba de mar\u00e7o, \u00e0s 19h30, que reuniu cerca de 160 membros da Igreja Cat\u00f3lica e de 14 Igrejas Evang\u00e9licas, como a Assembleia de Deus, Igreja Profetas do Caminho, Igreja Encontro com Deus,&nbsp; Assembleia de Deus Minist\u00e9rio de Bel\u00e9m, Igreja Crist\u00e3 Vinde a Mim, Igreja Transformando Vidas, Igreja Projeto Jerusal\u00e9m, Igreja Brasil para o Cristo, Igreja Simple Live, Igreja Evangelho Pleno e Igreja Celeiro de Profetas.<\/p>\n<p><img loading=\"lazy\" decoding=\"async\" class=\"alignleft wp-image-260846 size-medium lazyloaded\" src=\"https:\/\/eadn-wc02-718006.nxedge.io\/cdn\/wp-content\/uploads\/2021\/03\/Padre-Leo-300x221.png\" sizes=\"auto, (max-width: 300px) 100vw, 300px\" srcset=\"https:\/\/eadn-wc02-718006.nxedge.io\/cdn\/wp-content\/uploads\/2021\/03\/Padre-Leo-300x221.png 300w, https:\/\/eadn-wc02-718006.nxedge.io\/cdn\/wp-content\/uploads\/2021\/03\/Padre-Leo.jpg 439w\" alt=\"\" width=\"300\" height=\"221\" data-ll-status=\"loaded\">O padre Ant\u00f4nio Leonel de Oliveira, coordenador da Pastoral Ecum\u00eanica, conta que foram convidados todos os pastores que atuam no territ\u00f3rio da arquidiocese de Aparecida. Participaram do culto os padres da arquidiocese, com dois representantes de suas par\u00f3quia e 14 pastores e representantes de suas comunidades.<\/p>\n<blockquote><p>\u201cFoi um momento gratificante que podemos chamar da unidade dos crist\u00e3os com a participa\u00e7\u00e3o de cerca de 14 pastores envolvidos na realidade ecum\u00eanica. O santu\u00e1rio ficou repleto de participantes tanto da Igreja Cat\u00f3lica quanto das Igrejas Evang\u00e9licas\u201d, disse.<\/p><\/blockquote>\n<p>Como gesto concreto da Campanha da Fraternidade Ecum\u00eanica 2021, a ser realizado por todas pelas comunidades cat\u00f3licas e evang\u00e9licas que participaram do culto, seria realizada a arrecada\u00e7\u00e3o de alimentos no \u00faltimo dia 14 de mar\u00e7o. Em raz\u00e3o da pandemia e dos decretos locais que colocaram a regi\u00e3o em fase vermelha e emergencial, os organizadores acharam melhor adiar para o pr\u00f3ximo m\u00eas, no dia 11 de abril, no segundo domingo da P\u00e1scoa, o Domingo da Miseric\u00f3rdia. O Santu\u00e1rio Nacional de Aparecida tamb\u00e9m participar\u00e1 desta campanha junto com o Devot\u00e3o que conta com carro de som alto-falante para mobilizar as comunidades. No v\u00eddeo abaixo, o padre Leo conta com foi a experi\u00eancia.<\/p>\n<p><strong>Veja como foi a experi\u00eancia:<\/strong><\/p>\n<div class=\"ast-oembed-container\">\n<div>\n<div>\n<div class=\"rll-youtube-player\" data-src=\"https:\/\/www.youtube.com\/embed\/mqEwuHPwI18\" data-id=\"mqEwuHPwI18\" data-query=\"rel=0\">\n<div data-id=\"mqEwuHPwI18\" data-query=\"rel=0\" data-src=\"https:\/\/www.youtube.com\/embed\/mqEwuHPwI18\">\n<p><iframe loading=\"lazy\"  id=\"_ytid_31985\"  width=\"480\" height=\"270\"  data-origwidth=\"480\" data-origheight=\"270\" src=\"https:\/\/www.youtube.com\/embed\/mqEwuHPwI18?enablejsapi=1&#038;autoplay=0&#038;cc_load_policy=0&#038;cc_lang_pref=&#038;iv_load_policy=1&#038;loop=0&#038;rel=1&#038;fs=1&#038;playsinline=0&#038;autohide=2&#038;theme=dark&#038;color=red&#038;controls=1&#038;disablekb=0&#038;\" class=\"__youtube_prefs__  epyt-is-override  no-lazyload\" title=\"YouTube player\"  allow=\"fullscreen; accelerometer; autoplay; clipboard-write; encrypted-media; gyroscope; picture-in-picture; web-share\" referrerpolicy=\"strict-origin-when-cross-origin\" allowfullscreen data-no-lazy=\"1\" data-skipgform_ajax_framebjll=\"\"><\/iframe><\/p>\n<div class=\"play\">&nbsp;<\/div>\n<\/div>\n<\/div>\n<\/div>\n<\/div>\n<\/div>\n<p>&nbsp;<\/p>\n<h3>Cultura da Paz contra intoler\u00e2ncia religiosa<\/h3>\n<p>Em sintonia com a Campanha da Fraternidade Ecum\u00eanica 2021, a Bas\u00edlica Santu\u00e1rio Senhor Bom Jesus do Bonfim, em Salvador (BA), inaugurou no dia 5 de mar\u00e7o uma instala\u00e7\u00e3o art\u00edstica&nbsp; na pra\u00e7a do Bonfim, que pode ser vista na foto acima do Gildo Lima. O objetivo foi chamar a aten\u00e7\u00e3o quanto \u00e0 import\u00e2ncia do di\u00e1logo inter-religioso, a pr\u00e1tica do respeito m\u00fatuo, a supera\u00e7\u00e3o das diversas intoler\u00e2ncias, dos preconceitos, das viol\u00eancias, das a\u00e7\u00f5es que geram divis\u00e3o e conflitos e a necessidade de difundir a \u201cCultura da Paz\u201d. O local \u00e9 considerado e reconhecido como um espa\u00e7o ecum\u00eanico.<\/p>\n<p>A obra de arte, com a palavra paz, \u00e9 do artista pl\u00e1stico Ito Pedreira. \u201cCada letra mede 1,20 m de altura e 27 cm de profundidade, confeccionada em alto relevo, exibindo s\u00edmbolos de v\u00e1rias religi\u00f5es\u201d, explica o reitor da Bas\u00edlica Santu\u00e1rio, padre Edson Menezes da Silva. \u201cA paz se faz sem armas, sem fronteiras, sem divis\u00f5es, sem competi\u00e7\u00f5es, sem disputas, sem cercas, sem muros, sem agress\u00f5es, sem desrespeito\u201d, completa.<\/p>\n<p>Representante da arquidiocese de Salvador (BA) no Conselho Baiano de Igrejas Crist\u00e3s, o equivalente do Conselho Nacional de Igrejas Crist\u00e3s (CONIC) no plano estadual, o padre L\u00e1zaro Muniz, tamb\u00e9m coordena a Comiss\u00e3o para o Ecumenismo e o Di\u00e1logo Inter-Religioso da arquidiocese. Ele conta que o Conselho Baiano de Igrejas Crist\u00e3s vem realizando v\u00e1rias atividades para promover a aproxima\u00e7\u00e3o entre as igrejas, entre elas a Semana de Ora\u00e7\u00e3o pela Unidade Crist\u00e3 e a realiza\u00e7\u00e3o de cultos e atos ecum\u00eanicos e inter-religiosos. Na Bahia, o&nbsp; Conselho vem atuando contra a intoler\u00e2ncia religiosa.<\/p>\n<figure id=\"attachment_260853\" class=\"wp-caption aligncenter\" aria-describedby=\"caption-attachment-260853\"><img loading=\"lazy\" decoding=\"async\" class=\"wp-image-260853 size-full lazyloaded\" src=\"https:\/\/eadn-wc02-718006.nxedge.io\/cdn\/wp-content\/uploads\/2021\/03\/Padre-Lazaro.jpg\" sizes=\"auto, (max-width: 1000px) 100vw, 1000px\" srcset=\"https:\/\/eadn-wc02-718006.nxedge.io\/cdn\/wp-content\/uploads\/2021\/03\/Padre-Lazaro.jpg 1000w, https:\/\/eadn-wc02-718006.nxedge.io\/cdn\/wp-content\/uploads\/2021\/03\/Padre-Lazaro-300x200.jpg 300w, https:\/\/eadn-wc02-718006.nxedge.io\/cdn\/wp-content\/uploads\/2021\/03\/Padre-Lazaro-768x512.jpg 768w, https:\/\/eadn-wc02-718006.nxedge.io\/cdn\/wp-content\/uploads\/2021\/03\/Padre-Lazaro-391x260.jpg 391w, https:\/\/eadn-wc02-718006.nxedge.io\/cdn\/wp-content\/uploads\/2021\/03\/Padre-Lazaro-500x334.jpg 500w\" alt=\"\" width=\"1000\" height=\"667\" data-ll-status=\"loaded\"><figcaption id=\"caption-attachment-260853\" class=\"wp-caption-text\">Padre L\u00e1zaro, o segundo da esquerda para a direita,&nbsp; participa de evento contra a intoler\u00e2ncia religiosa. Foto: arquivo pessoal.<\/figcaption><\/figure>\n<p>Segundo ele, para avan\u00e7ar no di\u00e1logo ecum\u00eanico e inter-religioso, \u00e9 necess\u00e1rio superar a pretens\u00e3o de que h\u00e1 uma superioridade de uma igreja sobre a outra. \u201cAinda h\u00e1 um limite muito grande por parte de cat\u00f3licos e evang\u00e9licos fundamentalistas em abrir-se ao di\u00e1logo\u201d, disse.<\/p>\n<p>De acordo com o padre, que esteve \u00e0 frente do trabalho da Irmandade da Igreja do Ros\u00e1rio dos Homens Pretos por 8 anos, para avan\u00e7ar no di\u00e1logo e na aproxima\u00e7\u00e3o ecum\u00eanica \u00e9 fundamental superar a ideia de que Deus \u00e9 propriedade de algu\u00e9m ou de alguma religi\u00e3o. \u201cDeus n\u00e3o pede para ser defendido. N\u00e3o podemos us\u00e1-lo para justificar a viol\u00eancia e a opress\u00e3o inclusive \u00e0 outras religi\u00f5es. Aprendemos com Jesus que Deus nos ensina amar, inclusive os nossos inimigos\u201d, disse.<\/p>\n<p>Com informa\u00e7\u00f5es e fotos da CNBB<\/p>\n","protected":false},"excerpt":{"rendered":"<p>Um Caf\u00e9 Ecum\u00eanico realizado, dia 12 de fevereiro, na c\u00faria da arquidiocese de Aparecida (SP), a partir de um desejo do arcebispo dom Orlando Brandes, abriu caminho para a cria\u00e7\u00e3o de gestos concretos que vem gerando muitos frutos para a aproxima\u00e7\u00e3o entre diferentes igrejas no munic\u00edpio. No encontro, os participantes (padres, pastores e arcebispo) come\u00e7aram&nbsp;<\/p>\n<p><a class=\"btn btn-style\" href=\"http:\/\/portalcatolico.net\/portal\/gestos-concretos-a-partir-da-campanha-da-fraternidade-deste-ano-aproximam-igrejas-na-caminhada-ecumenica\/\">Continue Reading<\/a><\/p>\n","protected":false},"author":2,"featured_media":71611,"comment_status":"open","ping_status":"open","sticky":false,"template":"","format":"standard","meta":{"footnotes":""},"categories":[4],"tags":[],"class_list":["post-71610","post","type-post","status-publish","format-standard","has-post-thumbnail","hentry","category-destaques"],"_links":{"self":[{"href":"http:\/\/portalcatolico.net\/portal\/wp-json\/wp\/v2\/posts\/71610","targetHints":{"allow":["GET"]}}],"collection":[{"href":"http:\/\/portalcatolico.net\/portal\/wp-json\/wp\/v2\/posts"}],"about":[{"href":"http:\/\/portalcatolico.net\/portal\/wp-json\/wp\/v2\/types\/post"}],"author":[{"embeddable":true,"href":"http:\/\/portalcatolico.net\/portal\/wp-json\/wp\/v2\/users\/2"}],"replies":[{"embeddable":true,"href":"http:\/\/portalcatolico.net\/portal\/wp-json\/wp\/v2\/comments?post=71610"}],"version-history":[{"count":3,"href":"http:\/\/portalcatolico.net\/portal\/wp-json\/wp\/v2\/posts\/71610\/revisions"}],"predecessor-version":[{"id":71615,"href":"http:\/\/portalcatolico.net\/portal\/wp-json\/wp\/v2\/posts\/71610\/revisions\/71615"}],"wp:featuredmedia":[{"embeddable":true,"href":"http:\/\/portalcatolico.net\/portal\/wp-json\/wp\/v2\/media\/71611"}],"wp:attachment":[{"href":"http:\/\/portalcatolico.net\/portal\/wp-json\/wp\/v2\/media?parent=71610"}],"wp:term":[{"taxonomy":"category","embeddable":true,"href":"http:\/\/portalcatolico.net\/portal\/wp-json\/wp\/v2\/categories?post=71610"},{"taxonomy":"post_tag","embeddable":true,"href":"http:\/\/portalcatolico.net\/portal\/wp-json\/wp\/v2\/tags?post=71610"}],"curies":[{"name":"wp","href":"https:\/\/api.w.org\/{rel}","templated":true}]}}