{"id":71588,"date":"2021-03-14T20:57:53","date_gmt":"2021-03-14T23:57:53","guid":{"rendered":"http:\/\/portalcatolico.net\/portal\/?p=71588"},"modified":"2021-03-14T21:00:06","modified_gmt":"2021-03-15T00:00:06","slug":"franciscanos-assumem-o-santuario-frei-galvao-em-guaratingueta","status":"publish","type":"post","link":"http:\/\/portalcatolico.net\/portal\/franciscanos-assumem-o-santuario-frei-galvao-em-guaratingueta\/","title":{"rendered":"Franciscanos assumem o Santu\u00e1rio Frei Galv\u00e3o em Guaratinguet\u00e1"},"content":{"rendered":"<div class=\"article__subTitle\">Para o Ministro Provincial, frei C\u00e9sar K\u00fclkamp \u00e9 um momento hist\u00f3rico e de revigoramento da evangeliza\u00e7\u00e3o franciscana da Prov\u00edncia. \u201cSabemos que este Santu\u00e1rio j\u00e1 \u00e9 um espa\u00e7o querido e buscado pelo povo por sua devo\u00e7\u00e3o ao Santo Frei Galv\u00e3o&#8221;.<\/div>\n<div class=\"article__text \">\n<p>A Prov\u00edncia Franciscana da Imaculada Concei\u00e7\u00e3o escrever\u00e1, no dia 11 de abril de 2021, mais um cap\u00edtulo na sua hist\u00f3ria de 345 anos. Os frades franciscanos estar\u00e3o assumindo o Santu\u00e1rio Frei Galv\u00e3o, em Guaratinguet\u00e1, a terra do santo frade franciscano. Esse momento hist\u00f3rico marcar\u00e1 a posse dos frades com a assinatura do conv\u00eanio, com dura\u00e7\u00e3o de 30 anos, pelo Ministro Provincial Frei C\u00e9sar K\u00fclkamp e pelo Arcebispo Dom Orlando Brandes, representando a Arquidiocese de Aparecida.<\/p>\n<p>Esta Santa Missa, \u00e0s 18 horas (com transmiss\u00e3o pela TV Aparecida), marcar\u00e1 a posse de Frei Diego Melo e Frei Roberto Ishara, frades que praticamente h\u00e1 seis meses est\u00e3o ajudando diariamente nas confiss\u00f5es, aconselhamento, acolhimento do povo e celebra\u00e7\u00f5es, sempre em conson\u00e2ncia e sob as orienta\u00e7\u00f5es do ent\u00e3o reitor, Padre Jos\u00e9 Carlos de Melo, que se despediu do povo no \u00faltimo dia 28 de fevereiro.<\/p>\n<p>Para o Ministro Provincial, \u00e9 um momento hist\u00f3rico e de revigoramento da evangeliza\u00e7\u00e3o franciscana da Prov\u00edncia. \u201cSabemos que este Santu\u00e1rio j\u00e1 \u00e9 um espa\u00e7o querido e buscado pelo povo por sua devo\u00e7\u00e3o ao Santo Frei Galv\u00e3o. Com isso, vemos que ele oferece condi\u00e7\u00f5es para ser um centro de irradia\u00e7\u00e3o do carisma franciscano. Frei Galv\u00e3o, como homem da paz e da caridade, nos oferece a oportunidade de cultivo das dimens\u00f5es da nossa miss\u00e3o e de nossas frentes de evangeliza\u00e7\u00e3o\u201d, acredita Frei C\u00e9sar.<\/p>\n<div>\n<div class=\"article__embed article__embed--unwrap\">\n<figure><img loading=\"lazy\" decoding=\"async\" class=\" wp-image-71589 alignleft\" src=\"http:\/\/portalcatolico.net\/portal\/wp-content\/uploads\/2021\/03\/cq5dam.thumbnail.cropped.750.422-13-1-300x169.jpeg\" alt=\"\" width=\"769\" height=\"433\" srcset=\"http:\/\/portalcatolico.net\/portal\/wp-content\/uploads\/2021\/03\/cq5dam.thumbnail.cropped.750.422-13-1-300x169.jpeg 300w, http:\/\/portalcatolico.net\/portal\/wp-content\/uploads\/2021\/03\/cq5dam.thumbnail.cropped.750.422-13-1.jpeg 750w\" sizes=\"auto, (max-width: 769px) 100vw, 769px\" \/><\/figure>\n<div>&nbsp;<\/div>\n<div>&nbsp;<\/div>\n<div>&nbsp;<\/div>\n<div>&nbsp;<\/div>\n<div>&nbsp;<\/div>\n<div>&nbsp;<\/div>\n<div>&nbsp;<\/div>\n<div>&nbsp;<\/div>\n<div>&nbsp;<\/div>\n<div>&nbsp;<\/div>\n<div>&nbsp;<\/div>\n<div>&nbsp;<\/div>\n<div>&nbsp;<\/div>\n<div>&nbsp;<\/div>\n<div>&nbsp;<\/div>\n<div>&nbsp;<\/div>\n<div>&nbsp;<\/div>\n<div>&nbsp;<\/div>\n<div>&nbsp;<\/div>\n<div>&nbsp;<\/div>\n<div class=\"photo_embed--Title\">&nbsp; &nbsp; &nbsp; &nbsp; &nbsp; &nbsp; &nbsp; &nbsp; &nbsp; &nbsp; &nbsp; &nbsp; &nbsp; &nbsp; &nbsp; &nbsp; &nbsp; &nbsp; &nbsp; &nbsp; &nbsp;Presen\u00e7a Franciscana na Festa de S\u00e3o Galv\u00e3o, 2020<\/div>\n<\/div>\n<\/div>\n<p>Ele espera que da\u00ed se concretize o sonho de uma rede com as nossas presen\u00e7as franciscanas e tamb\u00e9m com toda a Fam\u00edlia Franciscana. \u201cFrei Galv\u00e3o dedicou-se bastante \u00e0 Vida Religiosa feminina. Com isso nos inspira a buscarmos esta conex\u00e3o hoje com as Irm\u00e3s, mas tamb\u00e9m com a OFS, a Jufra, as Juventudes e as outras Obedi\u00eancias. O Santu\u00e1rio \u00e9 Arquidiocesano, ent\u00e3o tamb\u00e9m nos provoca \u00e0 comunh\u00e3o eclesial, o que j\u00e1 foi sendo conquistado com a Igreja Local de Aparecida. Outra dimens\u00e3o importante \u00e9 a evangeliza\u00e7\u00e3o compartilhada com os leigos e leigas. O Santu\u00e1rio j\u00e1 possui um batalh\u00e3o de volunt\u00e1rios, amigos e benfeitores. Em tudo isso, queremos um Santu\u00e1rio da acolhida e da irradia\u00e7\u00e3o\u201d, celebra Frei C\u00e9sar.<\/p>\n<p>Segundo o Ministro Provincial, no \u00faltimo dia 5 de mar\u00e7o foi oficializada a proposta de assun\u00e7\u00e3o do Santu\u00e1rio de Frei Galv\u00e3o pela Prov\u00edncia pelos pr\u00f3ximos 30 anos. Frei Diego e Frei Roberto tamb\u00e9m se reuniram com as lideran\u00e7as e volunt\u00e1rios do Santu\u00e1rio Frei Galv\u00e3o para falar deste projeto de evangeliza\u00e7\u00e3o, que vinha sendo estudado desde o \u00faltimo Cap\u00edtulo Provincial em 2018.<\/p>\n<p>Para Frei Diego, o processo feito de transi\u00e7\u00e3o foi uma decis\u00e3o acertada. \u201cEsse tempo nos proporcionou uma transi\u00e7\u00e3o gradual, sem choques ou dificuldades para ambas as partes. Pudemos conhecer melhor o clero diocesano, a rotina do Santu\u00e1rio, as equipes de pastorais e minist\u00e9rios, al\u00e9m de adentrarmos na quest\u00e3o administrativa. Al\u00e9m disso, estando h\u00e1 quase meio ano na cidade e junto ao Santu\u00e1rio, pudemos perceber o grande carinho do povo em rela\u00e7\u00e3o aos Frades. A associa\u00e7\u00e3o feita entre Frei Galv\u00e3o e os Franciscanos \u00e9 imediata. Parece ser algo desejado h\u00e1 bastante tempo e que agora, finalmente, est\u00e1 se consolidando\u201d, explicou Frei Diego.<\/p>\n<p>O \u201cSantu\u00e1rio de Santo Ant\u00f4nio de Sant\u2019Anna Galv\u00e3o\u201d, ou \u201cSantu\u00e1rio Frei Galv\u00e3o\u201d, como \u00e9 mais conhecido em Guaratinguet\u00e1 e pelos devotos pelo Brasil afora, foi criado no dia 08 de dezembro de 2010. \u201cBem antes disso, o Semin\u00e1rio Frei Galv\u00e3o j\u00e1 recebia muitos romeiros, como tamb\u00e9m a Casa de Frei Galv\u00e3o e a Igreja Santo Ant\u00f4nio, ambos em Guaratinguet\u00e1, e, mais ainda, o Mosteiro da Luz, em S\u00e3o Paulo, local constru\u00eddo por Frei Galv\u00e3o e onde est\u00e1 o seu t\u00famulo\u201d, lembrou Frei C\u00e9sar. A liga\u00e7\u00e3o com estes lugares ser\u00e1 muito importante.<\/p>\n<p>Segundo o Ministro Provincial, um Santu\u00e1rio tem uma din\u00e2mica menos sacramental e mais devocional, de piedade popular. \u201c\u00c9 casa de ora\u00e7\u00e3o e de encontro com Deus. Para isso, deve oferecer sobretudo o acolhimento, al\u00e9m da calma e do sil\u00eancio. O sacramento mais buscado ali \u00e9 o da reconcilia\u00e7\u00e3o\u201d, esclareceu.<\/p>\n<p>Para Frei C\u00e9sar, um Santu\u00e1rio n\u00e3o possui as rotinas paroquiais de catequese, batizados, casamentos e tantos outros processos, mas pode ter liturgias, pastorais, obras sociais, comunica\u00e7\u00e3o, cultura e tantos outros. \u201cN\u00e3o h\u00e1 tanto o fator comunidade, pois o santu\u00e1rio \u00e9 buscado por fi\u00e9is de v\u00e1rias comunidades, pessoas sedentas do sagrado, mas tamb\u00e9m por aqueles que n\u00e3o t\u00eam perten\u00e7a eclesial nem v\u00ednculo religioso, carregando situa\u00e7\u00f5es humanas e espirituais complexas. A todos estes, o Santu\u00e1rio oferece Jesus Cristo, com o testemunho concreto dos seus santos e santas\u201d, acrescentou o Ministro Provincial.<\/p>\n<p>Frei Diego revela sua expectativa e alegria: \u201cSabemos que esse Santu\u00e1rio pode se tornar uma fonte de irradia\u00e7\u00e3o do Carisma Franciscano e \u00e9 por isso que aqui estamos. Tamb\u00e9m temos consci\u00eancia do quanto o modo franciscano de acolher e evangelizar pode contribuir para com a igreja do Brasil. Por tudo isso, s\u00f3 temos que agradecer a Deus e pedir a intercess\u00e3o de S\u00e3o Frei Galv\u00e3o para que sejamos n\u00e3o somente devotos de Frei Galv\u00e3o, mas principalmente imitadores das suas virtudes e apaixonados por Cristo e pelos pobres, especialmente os enfermos, assim como ele foi\u201d.<\/p>\n<div>\n<div class=\"article__embed article__embed--unwrap\">\n<figure><img loading=\"lazy\" decoding=\"async\" class=\"alignnone wp-image-71590\" src=\"http:\/\/portalcatolico.net\/portal\/wp-content\/uploads\/2021\/03\/cq5dam.thumbnail.cropped.750.422-1-300x169.jpeg\" alt=\"\" width=\"765\" height=\"431\" srcset=\"http:\/\/portalcatolico.net\/portal\/wp-content\/uploads\/2021\/03\/cq5dam.thumbnail.cropped.750.422-1-300x169.jpeg 300w, http:\/\/portalcatolico.net\/portal\/wp-content\/uploads\/2021\/03\/cq5dam.thumbnail.cropped.750.422-1.jpeg 750w\" sizes=\"auto, (max-width: 765px) 100vw, 765px\" \/><\/figure>\n<div class=\"photo_embed--Title\">Frei Diego conversa com lideran\u00e7as<\/div>\n<\/div>\n<\/div>\n<p><b>ENTENDA COMO FOI O PROCESSO<\/b><\/p>\n<p>O Ministro Provincial, Frei C\u00e9sar K\u00fclkamp, explica os passos dados neste processo:<\/p>\n<p>Desde 2016, a Arquidiocese de Aparecida, atrav\u00e9s de seu Arcebispo, Dom Orlando Brandes j\u00e1 veio sugerindo que os frades deveriam assumir os cuidados pastorais deste Santu\u00e1rio Arquidiocesano, entendendo que a presen\u00e7a dos frades da mesma Ordem e Prov\u00edncia a que pertenceu Frei Galv\u00e3o seria o mais adequado para este lugar de f\u00e9 e devo\u00e7\u00e3o.<\/p>\n<p>O convite foi oficializado em meados de 2018. O ent\u00e3o Ministro Provincial, Frei Fid\u00eancio Vanb\u00f6mmel, considerou que esta deveria ser uma decis\u00e3o de toda a Prov\u00edncia, dentro do processo de redimensionamento que estava em curso. E assim foi. O Cap\u00edtulo Provincial de 2018 trabalhou o tema do redimensionamento indicando lugares que dever\u00edamos deixar e, entre as novas op\u00e7\u00f5es, figurou o Santu\u00e1rio Frei Galv\u00e3o como consenso entre os capitulares. Frei Galv\u00e3o \u00e9 um frade da nossa Prov\u00edncia, o primeiro santo nascido no Brasil e que merece ter melhor propaga\u00e7\u00e3o da sua devo\u00e7\u00e3o, como verdadeiro instrumento da paz e da caridade.<\/p>\n<p>No dia 13 de dezembro, o novo Ministro Provincial, Frei C\u00e9sar K\u00fclkamp, enviou um of\u00edcio a Dom Orlando apresentando a nossa disposi\u00e7\u00e3o em assumir os cuidados pastorais deste Santu\u00e1rio. Desde princ\u00edpios de 2019, foram trocadas algumas correspond\u00eancias e realizadas algumas reuni\u00f5es. Num desses encontros, em julho de 2019, Dom Orlando disse que gostaria que assum\u00edssemos n\u00e3o apenas os cuidados pastorais do Santu\u00e1rio, mas tamb\u00e9m sua administra\u00e7\u00e3o e a constru\u00e7\u00e3o do novo Santu\u00e1rio, ainda em projeto e em terreno anexo ao atual. Mas, seria importante que a decis\u00e3o tamb\u00e9m fosse assumida por todas as inst\u00e2ncias da Arquidiocese, bem como pela Comiss\u00e3o do Projeto do Novo Santu\u00e1rio, presidida pelo Arcebispo em\u00e9rito, o Cardeal Dom Raymundo Damasceno Assis. Frei Jo\u00e3o Francisco da Silva, guardi\u00e3o da fraternidade do Postulantado Frei Galv\u00e3o, em Guaratinguet\u00e1, e Definidor Provincial, ficou encarregado de ser este interlocutor entre a Arquidiocese e a Prov\u00edncia. Correspond\u00eancias tamb\u00e9m foram trocadas com o Cardeal Dom Raymundo e este manifestou contentamento com a chegada dos frades para este trabalho.<\/p>\n<p>Por vezes, pareceu que este projeto estava se tornando mais distante de se realizar. Mas, no dia 25 de outubro de 2019, dia da festa de Frei Galv\u00e3o, a Comiss\u00e3o Arquidiocesana do Santu\u00e1rio deu parecer favor\u00e1vel a que a Prov\u00edncia o assumisse como um todo (pastoral, administra\u00e7\u00e3o e constru\u00e7\u00e3o), a partir de janeiro de 2021. Antes deveria fazer uma proposta de contrato a ser analisada pela comiss\u00e3o e pelo Conselho Presbiteral. O Definit\u00f3rio de novembro de 2019 constituiu uma comiss\u00e3o para a elabora\u00e7\u00e3o desta proposta que ficou assim: Frei C\u00e9sar, Frei Jo\u00e3o Francisco, Frei Gustavo W. Medella e a Dra. Luana Giosa.<\/p>\n<p>Em fevereiro de 2020, Dom Orlando sugeriu que os frades come\u00e7assem a marcar presen\u00e7a no Santu\u00e1rio, principalmente no atendimento de confiss\u00f5es, sempre em grande n\u00famero. O reitor de ent\u00e3o era tamb\u00e9m p\u00e1roco em outra par\u00f3quia, o que dificultava um trabalho de mais presen\u00e7a. O Definit\u00f3rio come\u00e7ou a pensar em nomes para este trabalho. Desde o in\u00edcio foi levantada a indica\u00e7\u00e3o de Frei Diego Atalino de Melo como primeiro reitor e, de sua parte, logo houve boa aceita\u00e7\u00e3o. O Definit\u00f3rio de abril de 2020 oficializou sua transfer\u00eancia para Guaratinguet\u00e1, morando na Fraternidade do Postulantado, mas a servi\u00e7o do Santu\u00e1rio, para contato e conhecimento da realidade.<\/p>\n<p><b>Presen\u00e7a franciscana na \u00faltima festa de Frei Galv\u00e3o em 2020<\/b><\/p>\n<p>No entanto, desde mar\u00e7o, todos passamos a lidar com a grave pandemia da Covid-19. As igrejas ficaram fechadas, o que n\u00e3o foi diferente no Santu\u00e1rio. As tradicionais romarias foram interrompidas. Os frades estiveram mais atentos \u00e0s necessidades urgentes resultantes da pandemia. Frei Diego, assim, n\u00e3o foi logo para Guaratinguet\u00e1 e dedicou-se antes \u00e0 \u201cTenda Franciscana\u201d, servi\u00e7o emergencial para a alimenta\u00e7\u00e3o da popula\u00e7\u00e3o mais carente da cidade de S\u00e3o Paulo e, depois tamb\u00e9m, da do Rio de Janeiro.<\/p>\n<p>Mesmo em meio \u00e0 Pandemia, o Definit\u00f3rio se reuniu na forma virtual no m\u00eas de junho e transferiu tamb\u00e9m o Frei Roberto Ishara, da Fraternidade da Rocinha para a do Postulantado, mas a servi\u00e7o no Santu\u00e1rio. Ele conseguiu ir logo, mas sem poder ainda marcar presen\u00e7a no Santu\u00e1rio.<\/p>\n<p>Depois de conhecer outras experi\u00eancias de trabalho em santu\u00e1rio, principalmente dos Mission\u00e1rios Redentoristas em Aparecida, e de passar por v\u00e1rios especialistas, a proposta de conv\u00eanio foi entregue a Dom Orlando.<\/p>\n<p>Frei Diego conseguiu chegar a Guaratinguet\u00e1 em fins de setembro. Ele e Frei Roberto come\u00e7aram a ter presen\u00e7a di\u00e1ria no Santu\u00e1rio, atendendo o povo local, os romeiros que come\u00e7avam a chegar aos poucos e uma intensa grade de programas de televis\u00e3o, r\u00e1dio e pela internet. Come\u00e7aram a se empenhar sobretudo na prepara\u00e7\u00e3o da novena e festa do Santo Frei Galv\u00e3o. Um bom destaque foi a boa acolhida do reitor, Pe. Jos\u00e9 Carlos de Melo, e a liberdade que deu ao trabalho dos frades.<\/p>\n<p>No dia da festa, 25 de outubro, muitos frades de Guaratinguet\u00e1 e de S\u00e3o Paulo estiveram presentes, bem como os postulantes, um grande n\u00famero das Irm\u00e3s Franciscanas da Terceira Ordem Ser\u00e1fica e das Irm\u00e3s Clarissas, al\u00e9m de jovens franciscanos e volunt\u00e1rios dos projetos sociais. Essa presen\u00e7a franciscana impressionou a todos e certamente acelerou um pouco mais o processo.<\/p>\n<p><img loading=\"lazy\" decoding=\"async\" class=\"wp-image-71591 aligncenter\" src=\"http:\/\/portalcatolico.net\/portal\/wp-content\/uploads\/2021\/03\/cq5dam.thumbnail.cropped.750.422-1-1-300x169.jpeg\" alt=\"\" width=\"818\" height=\"461\" srcset=\"http:\/\/portalcatolico.net\/portal\/wp-content\/uploads\/2021\/03\/cq5dam.thumbnail.cropped.750.422-1-1-300x169.jpeg 300w, http:\/\/portalcatolico.net\/portal\/wp-content\/uploads\/2021\/03\/cq5dam.thumbnail.cropped.750.422-1-1.jpeg 750w\" sizes=\"auto, (max-width: 818px) 100vw, 818px\" \/><\/p>\n<div>\n<div class=\"article__embed article__embed--unwrap\">\n<figure><picture><source srcset=\"\/content\/dam\/vaticannews\/multimedia\/2021\/03\/11\/SANTUARIO-SAO-GALVAO-2-1.jpg\/_jcr_content\/renditions\/cq5dam.thumbnail.cropped.1500.844.jpeg 2x, \/content\/dam\/vaticannews\/multimedia\/2021\/03\/11\/SANTUARIO-SAO-GALVAO-2-1.jpg\/_jcr_content\/renditions\/cq5dam.thumbnail.cropped.750.422.jpeg 1x\" media=\"(min-width: 1024px)\" data-original-set=\"\/content\/dam\/vaticannews\/multimedia\/2021\/03\/11\/SANTUARIO-SAO-GALVAO-2-1.jpg\/_jcr_content\/renditions\/cq5dam.thumbnail.cropped.1500.844.jpeg 2x, \/content\/dam\/vaticannews\/multimedia\/2021\/03\/11\/SANTUARIO-SAO-GALVAO-2-1.jpg\/_jcr_content\/renditions\/cq5dam.thumbnail.cropped.750.422.jpeg 1x\"><source srcset=\"\/content\/dam\/vaticannews\/multimedia\/2021\/03\/11\/SANTUARIO-SAO-GALVAO-2-1.jpg\/_jcr_content\/renditions\/cq5dam.thumbnail.cropped.1000.563.jpeg 2x, \/content\/dam\/vaticannews\/multimedia\/2021\/03\/11\/SANTUARIO-SAO-GALVAO-2-1.jpg\/_jcr_content\/renditions\/cq5dam.thumbnail.cropped.500.281.jpeg 1x\" media=\"(min-width: 768px)\" data-original-set=\"\/content\/dam\/vaticannews\/multimedia\/2021\/03\/11\/SANTUARIO-SAO-GALVAO-2-1.jpg\/_jcr_content\/renditions\/cq5dam.thumbnail.cropped.1000.563.jpeg 2x, \/content\/dam\/vaticannews\/multimedia\/2021\/03\/11\/SANTUARIO-SAO-GALVAO-2-1.jpg\/_jcr_content\/renditions\/cq5dam.thumbnail.cropped.500.281.jpeg 1x\"><source srcset=\"\/content\/dam\/vaticannews\/multimedia\/2021\/03\/11\/SANTUARIO-SAO-GALVAO-2-1.jpg\/_jcr_content\/renditions\/cq5dam.thumbnail.cropped.500.281.jpeg\" data-original-set=\"\/content\/dam\/vaticannews\/multimedia\/2021\/03\/11\/SANTUARIO-SAO-GALVAO-2-1.jpg\/_jcr_content\/renditions\/cq5dam.thumbnail.cropped.500.281.jpeg\"><\/picture><\/figure>\n<div class=\"photo_embed--Title\">Maquete do novo santu\u00e1rio<\/div>\n<\/div>\n<\/div>\n<p><b>Maquete do novo santu\u00e1rio a ser constru\u00eddo em Guaratinguet\u00e1<\/b><\/p>\n<p>Assim seguiu o trabalho at\u00e9 meados de fevereiro deste ano, quando o reitor, Pe. Jos\u00e9 Carlos, foi escolhido como p\u00e1roco da Par\u00f3quia Santo Afonso Maria de Lig\u00f3rio, em Aparecida. Com isso, no dia 18 de fevereiro, Dom Orlando pediu que envi\u00e1ssemos um of\u00edcio com a indica\u00e7\u00e3o de um frade para assumir, em car\u00e1ter provis\u00f3rio, como reitor do Santu\u00e1rio, o que foi feito no mesmo dia, tanto do reitor, Frei Diego, como do colaborador, Frei Roberto.<\/p>\n<p>O jur\u00eddico da Arquidiocese, o Conselho Presbiteral e o Arcebispo chegaram a um consenso sobre a minuta de nosso conv\u00eanio, com indica\u00e7\u00f5es de altera\u00e7\u00f5es. No dia 26 de fevereiro, fizemos um estudo destas altera\u00e7\u00f5es na comiss\u00e3o e chegamos a algumas contrapropostas, mas em geral sem mudan\u00e7as substanciais. A proposta foi levada a Dom Orlando no dia 05 de mar\u00e7o por Frei C\u00e9sar, Frei Jo\u00e3o Francisco e Frei Diego. Os detalhes foram acertados e aceitos por Dom Orlando e por n\u00f3s.<\/p>\n<p>Assim, na manh\u00e3 do dia de 5 de mar\u00e7o foi oficializada a proposta de assun\u00e7\u00e3o do Santu\u00e1rio de Frei Galv\u00e3o pela Prov\u00edncia pelos pr\u00f3ximos 30 anos.<\/p>\n<p>No dia 11 de abril, Dom Orlando presidir\u00e1 a missa de posse do reitor e do colaborador com a assinatura, dele e do Ministro Provincial, do Conv\u00eanio entre a Arquidiocese e a Prov\u00edncia em favor do Santu\u00e1rio de Frei Galv\u00e3o.<\/p>\n<p>S\u00e3o Frei Galv\u00e3o, S\u00e3o Francisco e Santa Clara intercedam para que possamos viver e servir com alegria e dedica\u00e7\u00e3o neste novo projeto de evangeliza\u00e7\u00e3o sonhado e assumido por toda a Prov\u00edncia!<\/p>\n<p><i>Fonte: Moacir Beggo | franciscanos.org.br<\/i><\/p>\n<\/div>\n","protected":false},"excerpt":{"rendered":"<p>Para o Ministro Provincial, frei C\u00e9sar K\u00fclkamp \u00e9 um momento hist\u00f3rico e de revigoramento da evangeliza\u00e7\u00e3o franciscana da Prov\u00edncia. \u201cSabemos que este Santu\u00e1rio j\u00e1 \u00e9 um espa\u00e7o querido e buscado pelo povo por sua devo\u00e7\u00e3o ao Santo Frei Galv\u00e3o&#8221;. A Prov\u00edncia Franciscana da Imaculada Concei\u00e7\u00e3o escrever\u00e1, no dia 11 de abril de 2021, mais um&nbsp;<\/p>\n<p><a class=\"btn btn-style\" href=\"http:\/\/portalcatolico.net\/portal\/franciscanos-assumem-o-santuario-frei-galvao-em-guaratingueta\/\">Continue Reading<\/a><\/p>\n","protected":false},"author":2,"featured_media":71593,"comment_status":"open","ping_status":"open","sticky":false,"template":"","format":"standard","meta":{"footnotes":""},"categories":[3],"tags":[],"class_list":["post-71588","post","type-post","status-publish","format-standard","has-post-thumbnail","hentry","category-noticias_regionais"],"_links":{"self":[{"href":"http:\/\/portalcatolico.net\/portal\/wp-json\/wp\/v2\/posts\/71588","targetHints":{"allow":["GET"]}}],"collection":[{"href":"http:\/\/portalcatolico.net\/portal\/wp-json\/wp\/v2\/posts"}],"about":[{"href":"http:\/\/portalcatolico.net\/portal\/wp-json\/wp\/v2\/types\/post"}],"author":[{"embeddable":true,"href":"http:\/\/portalcatolico.net\/portal\/wp-json\/wp\/v2\/users\/2"}],"replies":[{"embeddable":true,"href":"http:\/\/portalcatolico.net\/portal\/wp-json\/wp\/v2\/comments?post=71588"}],"version-history":[{"count":1,"href":"http:\/\/portalcatolico.net\/portal\/wp-json\/wp\/v2\/posts\/71588\/revisions"}],"predecessor-version":[{"id":71592,"href":"http:\/\/portalcatolico.net\/portal\/wp-json\/wp\/v2\/posts\/71588\/revisions\/71592"}],"wp:featuredmedia":[{"embeddable":true,"href":"http:\/\/portalcatolico.net\/portal\/wp-json\/wp\/v2\/media\/71593"}],"wp:attachment":[{"href":"http:\/\/portalcatolico.net\/portal\/wp-json\/wp\/v2\/media?parent=71588"}],"wp:term":[{"taxonomy":"category","embeddable":true,"href":"http:\/\/portalcatolico.net\/portal\/wp-json\/wp\/v2\/categories?post=71588"},{"taxonomy":"post_tag","embeddable":true,"href":"http:\/\/portalcatolico.net\/portal\/wp-json\/wp\/v2\/tags?post=71588"}],"curies":[{"name":"wp","href":"https:\/\/api.w.org\/{rel}","templated":true}]}}