{"id":71584,"date":"2021-03-14T10:27:49","date_gmt":"2021-03-14T13:27:49","guid":{"rendered":"http:\/\/portalcatolico.net\/portal\/?p=71584"},"modified":"2021-03-14T10:28:11","modified_gmt":"2021-03-14T13:28:11","slug":"500-anos-de-cristianismo-nas-filipinas-a-fe-e-um-dom","status":"publish","type":"post","link":"http:\/\/portalcatolico.net\/portal\/500-anos-de-cristianismo-nas-filipinas-a-fe-e-um-dom\/","title":{"rendered":"500 anos de cristianismo nas Filipinas: a f\u00e9 \u00e9 um dom"},"content":{"rendered":"<div class=\"article__subTitle\">O tema das celebra\u00e7\u00f5es jubilares no pa\u00eds asi\u00e1tico lembra a frase evang\u00e9lica &#8220;De gra\u00e7a recebestes, de gra\u00e7a dai&#8221;. O foco estar\u00e1 nos desafios de hoje e nas certezas da f\u00e9 em um pa\u00eds onde a for\u00e7a da evangeliza\u00e7\u00e3o est\u00e1, acima de tudo, com os jovens. No domingo (14) o Papa Francisco celebrar\u00e1 a Santa Missa na Bas\u00edlica de S\u00e3o Pedro para recordar o anivers\u00e1rio<\/div>\n<div>&nbsp;<\/div>\n<div>Testemunhas alegres de uma f\u00e9 que chegou h\u00e1 500 anos e ainda est\u00e1 viva. Assim se definem os cat\u00f3licos das Filipinas que se preparam, ap\u00f3s nove anos de prepara\u00e7\u00e3o, para viver seu Jubileu celebrativo este ano, pois foi em 1521 que Raja Humabon, Hara Humumay e 800 filipinos foram batizados na ilha de Cebu, marcando o in\u00edcio de uma longa hist\u00f3ria de evangeliza\u00e7\u00e3o.<\/div>\n<div>&nbsp;<\/div>\n<div>De l\u00e1 para c\u00e1 os desafios mudaram, mas a Palavra de Deus permanece inalterada e esclarecedora e devemos permanecer fi\u00e9is a ela. Assim, em nossa entrevista o Ordin\u00e1rio Militar das Filipinas,&nbsp;<b>Dom Oscar Jaime Lianeta Flor\u00eancio<\/b>, que fala do compromisso &#8220;de ser testemunhas hoje&#8221; e do &#8220;rosto jovem&#8221; do cristianismo no pa\u00eds, formado por jovens leigos e jovens mission\u00e1rios, os verdadeiros &#8220;motores da f\u00e9 nas Filipinas&#8221;.<\/div>\n<div class=\"title__separator\">\n<p>Dom Flor\u00eancio conta tamb\u00e9m como recebeu as palavras que o Papa enviou \u00e0 Confer\u00eancia Episcopal do pa\u00eds este ano, recomendando que os prelados continuem a dar testemunho concreto da &#8220;caridade evang\u00e9lica&#8221; para que a Igreja Cat\u00f3lica filipina seja reconhecida como &#8220;uma casa de portas abertas, que oferece esperan\u00e7a e for\u00e7a&#8221;. Na concretude di\u00e1ria, ele afirma, a caridade evang\u00e9lica \u00e9 para n\u00f3s &#8220;servi\u00e7o aos pobres&#8221; no centro n\u00e3o apenas das palavras, mas das a\u00e7\u00f5es. Ir ao encontro daqueles que vivem as dificuldades do desemprego e que n\u00e3o podem dar comida a suas fam\u00edlias ou acesso a servi\u00e7os: um ano ap\u00f3s o surto da pandemia que exacerbou estes problemas, nossa realidade de caridade evang\u00e9lica &#8211; conclui Dom Flor\u00eancio &#8211; s\u00e3o precisamente todos eles.<\/p>\n<p>Enquanto que o presidente da Confer\u00eancia Episcopal das Filipinas,&nbsp;<b>Dom Romulo Geolina Valles<\/b>&nbsp;comenta as atividades previstas para o Centen\u00e1rio:<\/p>\n<p><b>Dom Romulo:<\/b>&nbsp;\u00c9 uma alegria para n\u00f3s: este \u00e9 um ano especial. Uma alegria que vem de nossos cora\u00e7\u00f5es, uma alegria porque acreditamos, gra\u00e7as \u00e0 f\u00e9 que nos foi dada pela primeira vez h\u00e1 500 anos: a f\u00e9 \u00e9 um dom de Deus. E por isso estamos felizes por este Ano Jubilar especial. Estamos felizes porque a f\u00e9 deu sentido \u00e0 vida: a f\u00e9, de fato, nos ajuda a navegar ao longo da jornada da vida. Al\u00e9m disso, gostaria de acrescentar que n\u00e3o se trata apenas de uma f\u00e9 vivida em si mesma; \u00e9 uma f\u00e9 vivida em fam\u00edlia. E isto \u00e9 t\u00e3o bonito&#8230; Ao conservarmos a nossa f\u00e9, somos ajudados n\u00e3o apenas por indiv\u00edduos, mas por fam\u00edlias. Gostaria de dizer nas palavras que o Papa Francisco usaria: somos as testemunhas da f\u00e9 em Jesus, e somos testemunhas quando mostramos a alegria de crer. Crer e confiar nossas vidas a Jesus nos d\u00e1 alegria. A vida \u00e9 dif\u00edcil, especialmente em um pa\u00eds como o nosso, mas a f\u00e9 nos ajuda a ser fortes, confiantes apesar de todas as tempestades da vida. Gra\u00e7as \u00e0 f\u00e9, temos mais confian\u00e7a: sabemos que o Senhor est\u00e1 conosco. \u00c9 por isso que celebramos este ano especial cheio de alegria, a alegria de estar no Senhor, a alegria de crer no Senhor&#8230;.<\/p>\n<p><i>O Jubileu \u00e9 tamb\u00e9m um momento para fazer um balan\u00e7o de um percurso realizado. Evangeliza\u00e7\u00e3o hoje: o que \u00e9 necess\u00e1rio para continuar proclamando a Palavra em tempos que mudaram?<\/i><\/p>\n<p><b>Dom Romulo:&nbsp;<\/b>Celebra\u00e7\u00f5es jubilares como esta tamb\u00e9m servem para destacar certos aspectos, por exemplo, como a evangeliza\u00e7\u00e3o \u00e9 feita hoje nas Filipinas. Hoje evangelizamos com o objetivo de tornar as pessoas profundamente conscientes e gratas pelo fato de que n\u00f3s, nossa vida, \u00e9 um dom do Senhor. \u00c9 por isso que o tema destas celebra\u00e7\u00f5es jubilares \u00e9: doar, fazer-nos compreender que somos um dom de Deus. E junto com isto, h\u00e1 tamb\u00e9m o desejo de compartilhar esta f\u00e9. Nossa vida \u00e9 um presente de Deus e procuramos compartilhar e dar esta f\u00e9 a outros. O significado das muitas atividades deste Ano Jubilar ser\u00e1 assegurar que todos possam rever e apreciar novamente o significado do dom que recebemos de Deus, e tamb\u00e9m compreender que temos a responsabilidade de levar adiante as obras mission\u00e1rias. \u00c9 o que \u00e9 necess\u00e1rio, diria eu, para poder continuar a anunciar o Evangelho no mundo neste momento de mudan\u00e7a. No contexto deste nosso Jubileu, vamos tentar oferecer mais oportunidades para a continua\u00e7\u00e3o das miss\u00f5es e catequese. Obras mission\u00e1rias e catequese, gra\u00e7as aos quais podemos compreender e estar cada vez mais conscientes de que nossa vida \u00e9 um dom de Deus. Este \u00e9 o prop\u00f3sito das miss\u00f5es: transmitir a f\u00e9 aos outros, evangelizar.<\/p>\n<\/div>\n<div class=\"article__text \">\n<p><b>Por: Gabriella Ceraso \/Com informa\u00e7\u00f5es e foto da Vatican News<\/b><\/p>\n<\/div>\n","protected":false},"excerpt":{"rendered":"<p>O tema das celebra\u00e7\u00f5es jubilares no pa\u00eds asi\u00e1tico lembra a frase evang\u00e9lica &#8220;De gra\u00e7a recebestes, de gra\u00e7a dai&#8221;. O foco estar\u00e1 nos desafios de hoje e nas certezas da f\u00e9 em um pa\u00eds onde a for\u00e7a da evangeliza\u00e7\u00e3o est\u00e1, acima de tudo, com os jovens. No domingo (14) o Papa Francisco celebrar\u00e1 a Santa Missa&nbsp;<\/p>\n<p><a class=\"btn btn-style\" href=\"http:\/\/portalcatolico.net\/portal\/500-anos-de-cristianismo-nas-filipinas-a-fe-e-um-dom\/\">Continue Reading<\/a><\/p>\n","protected":false},"author":2,"featured_media":71585,"comment_status":"open","ping_status":"open","sticky":false,"template":"","format":"standard","meta":{"footnotes":""},"categories":[5],"tags":[],"class_list":["post-71584","post","type-post","status-publish","format-standard","has-post-thumbnail","hentry","category-igreja_no_mundo"],"_links":{"self":[{"href":"http:\/\/portalcatolico.net\/portal\/wp-json\/wp\/v2\/posts\/71584","targetHints":{"allow":["GET"]}}],"collection":[{"href":"http:\/\/portalcatolico.net\/portal\/wp-json\/wp\/v2\/posts"}],"about":[{"href":"http:\/\/portalcatolico.net\/portal\/wp-json\/wp\/v2\/types\/post"}],"author":[{"embeddable":true,"href":"http:\/\/portalcatolico.net\/portal\/wp-json\/wp\/v2\/users\/2"}],"replies":[{"embeddable":true,"href":"http:\/\/portalcatolico.net\/portal\/wp-json\/wp\/v2\/comments?post=71584"}],"version-history":[{"count":2,"href":"http:\/\/portalcatolico.net\/portal\/wp-json\/wp\/v2\/posts\/71584\/revisions"}],"predecessor-version":[{"id":71587,"href":"http:\/\/portalcatolico.net\/portal\/wp-json\/wp\/v2\/posts\/71584\/revisions\/71587"}],"wp:featuredmedia":[{"embeddable":true,"href":"http:\/\/portalcatolico.net\/portal\/wp-json\/wp\/v2\/media\/71585"}],"wp:attachment":[{"href":"http:\/\/portalcatolico.net\/portal\/wp-json\/wp\/v2\/media?parent=71584"}],"wp:term":[{"taxonomy":"category","embeddable":true,"href":"http:\/\/portalcatolico.net\/portal\/wp-json\/wp\/v2\/categories?post=71584"},{"taxonomy":"post_tag","embeddable":true,"href":"http:\/\/portalcatolico.net\/portal\/wp-json\/wp\/v2\/tags?post=71584"}],"curies":[{"name":"wp","href":"https:\/\/api.w.org\/{rel}","templated":true}]}}