{"id":71562,"date":"2021-03-12T21:04:58","date_gmt":"2021-03-13T00:04:58","guid":{"rendered":"http:\/\/portalcatolico.net\/portal\/?p=71562"},"modified":"2021-03-12T21:04:58","modified_gmt":"2021-03-13T00:04:58","slug":"santa-se-reconhece-o-santuario-de-knock-como-mariano-e-eucaristico-internacional","status":"publish","type":"post","link":"http:\/\/portalcatolico.net\/portal\/santa-se-reconhece-o-santuario-de-knock-como-mariano-e-eucaristico-internacional\/","title":{"rendered":"Santa S\u00e9 reconhece o Santu\u00e1rio de Knock como Mariano e Eucar\u00edstico Internacional"},"content":{"rendered":"<div class=\"article__subTitle\">Na festa de S\u00e3o Jos\u00e9, em 19 de mar\u00e7o, o Papa Francisco elevar\u00e1 a Bas\u00edlica irlandesa a Santu\u00e1rio Internacional numa mensagem de v\u00eddeo transmitida ao vivo durante uma missa presidida por dom Neary junto com o reitor do santu\u00e1rio, pe. Richard Gibbons.<\/div>\n<div>\n<p>Grande \u00e9 a alegria para a Igreja na Irlanda: a Santa S\u00e9 reconheceu oficialmente o santu\u00e1rio nacional de Knock como Santu\u00e1rio Mariano e Eucar\u00edstico Internacional.<\/p>\n<p>A not\u00edcia foi dada pelo arcebispo de Tuam, dom Michael Neary, arquidiocese em cujo territ\u00f3rio 151 anos atr\u00e1s houve uma apari\u00e7\u00e3o silenciosa de Nossa Senhora com S\u00e3o Jos\u00e9 e S\u00e3o Jo\u00e3o Evangelista voltados para um altar com acima um Cordeiro e uma Cruz. Na festa de S\u00e3o Jos\u00e9, em 19 de mar\u00e7o, o Papa Francisco elevar\u00e1 a Bas\u00edlica a Santu\u00e1rio Internacional numa mensagem de v\u00eddeo transmitida ao vivo durante uma missa presidida por dom Neary junto com o reitor do santu\u00e1rio, pe. Richard Gibbons. O arcebispo de Tuam falou de um &#8220;marco&#8221; na hist\u00f3ria do que \u00e9 hoje a meta de peregrina\u00e7\u00e3o mais visitada na Irlanda, expressando profunda gratid\u00e3o ao Papa Francisco e \u00e0 Santa S\u00e9 por terem acolhido o pedido apresentado pelos bispos.<\/p>\n<p>Dom Neary observou que a escolha da Solenidade de S\u00e3o Jos\u00e9 para a eleva\u00e7\u00e3o \u00e9 particularmente feliz e significativa no Ano especial dedicado ao pai putativo de Jesus, mas tamb\u00e9m em rela\u00e7\u00e3o \u00e0 hist\u00f3ria das apari\u00e7\u00f5es marianas ocorridas em 21 de agosto de 1879. De fato, na noite de 151 anos atr\u00e1s, \u00e0s 15 pessoas presentes, S\u00e3o Jos\u00e9 tamb\u00e9m apareceu \u00e0 direita da Virgem vestida de branco.<\/p>\n<p>&#8220;Desde ent\u00e3o, o local tornou-se meta de peregrina\u00e7\u00f5es cuja import\u00e2ncia&#8221;, recorda o prelado, &#8220;\u00e9 destacada pela visita que S\u00e3o Jo\u00e3o Paulo II fez em 1979, no centen\u00e1rio das apari\u00e7\u00f5es, deixando uma Rosa de Ouro, mas tamb\u00e9m pelas visitas sucessivas de Santa Teresa de Calcut\u00e1, em 1993, e do Papa Francisco, em 2018, por ocasi\u00e3o de sua viagem apost\u00f3lica para o Encontro Mundial das Fam\u00edlias em Dublin, no qual o Pont\u00edfice pediu a Nossa Senhora para interceder por todas as pessoas sobreviventes de abusos e confirmar todos os fi\u00e9is na inten\u00e7\u00e3o de nunca permitir sua repeti\u00e7\u00e3o.<\/p>\n<p>O culto a Nossa Senhora de Knock foi autorizado em 1936, depois que a autenticidade das apari\u00e7\u00f5es foi reconhecida por uma comiss\u00e3o eclesi\u00e1stica especial. O santu\u00e1rio est\u00e1 localizado no Condado de Mayo, no oeste da Irlanda. \u00c9 visitado a cada ano por mais de um milh\u00e3o e quinhentos mil peregrinos que buscam a assist\u00eancia celestial da Virgem Maria. Numerosos milagres e curas que come\u00e7aram nos dias ap\u00f3s as apari\u00e7\u00f5es foram documentados no santu\u00e1rio. Em 2019, a Igreja irlandesa reconheceu como milagrosa a cura cientificamente inexplic\u00e1vel de uma mulher com esclerose m\u00faltipla, completamente paralisada, que, depois de ser aben\u00e7oada com o ostens\u00f3rio durante a b\u00ean\u00e7\u00e3o dos doentes, voltou a caminhar e foi curada.<\/p>\n<p>Informa\u00e7\u00f5es:Vatican News Service &#8211; LZ\/MJ<\/p>\n<\/div>\n<div class=\"title__separator\">&nbsp;<\/div>\n<div class=\"article__text \">\n<p>&nbsp;<\/p>\n<\/div>\n","protected":false},"excerpt":{"rendered":"<p>Na festa de S\u00e3o Jos\u00e9, em 19 de mar\u00e7o, o Papa Francisco elevar\u00e1 a Bas\u00edlica irlandesa a Santu\u00e1rio Internacional numa mensagem de v\u00eddeo transmitida ao vivo durante uma missa presidida por dom Neary junto com o reitor do santu\u00e1rio, pe. Richard Gibbons. Grande \u00e9 a alegria para a Igreja na Irlanda: a Santa S\u00e9 reconheceu&nbsp;<\/p>\n<p><a class=\"btn btn-style\" href=\"http:\/\/portalcatolico.net\/portal\/santa-se-reconhece-o-santuario-de-knock-como-mariano-e-eucaristico-internacional\/\">Continue Reading<\/a><\/p>\n","protected":false},"author":2,"featured_media":71563,"comment_status":"open","ping_status":"open","sticky":false,"template":"","format":"standard","meta":{"footnotes":""},"categories":[5],"tags":[],"class_list":["post-71562","post","type-post","status-publish","format-standard","has-post-thumbnail","hentry","category-igreja_no_mundo"],"_links":{"self":[{"href":"http:\/\/portalcatolico.net\/portal\/wp-json\/wp\/v2\/posts\/71562","targetHints":{"allow":["GET"]}}],"collection":[{"href":"http:\/\/portalcatolico.net\/portal\/wp-json\/wp\/v2\/posts"}],"about":[{"href":"http:\/\/portalcatolico.net\/portal\/wp-json\/wp\/v2\/types\/post"}],"author":[{"embeddable":true,"href":"http:\/\/portalcatolico.net\/portal\/wp-json\/wp\/v2\/users\/2"}],"replies":[{"embeddable":true,"href":"http:\/\/portalcatolico.net\/portal\/wp-json\/wp\/v2\/comments?post=71562"}],"version-history":[{"count":1,"href":"http:\/\/portalcatolico.net\/portal\/wp-json\/wp\/v2\/posts\/71562\/revisions"}],"predecessor-version":[{"id":71564,"href":"http:\/\/portalcatolico.net\/portal\/wp-json\/wp\/v2\/posts\/71562\/revisions\/71564"}],"wp:featuredmedia":[{"embeddable":true,"href":"http:\/\/portalcatolico.net\/portal\/wp-json\/wp\/v2\/media\/71563"}],"wp:attachment":[{"href":"http:\/\/portalcatolico.net\/portal\/wp-json\/wp\/v2\/media?parent=71562"}],"wp:term":[{"taxonomy":"category","embeddable":true,"href":"http:\/\/portalcatolico.net\/portal\/wp-json\/wp\/v2\/categories?post=71562"},{"taxonomy":"post_tag","embeddable":true,"href":"http:\/\/portalcatolico.net\/portal\/wp-json\/wp\/v2\/tags?post=71562"}],"curies":[{"name":"wp","href":"https:\/\/api.w.org\/{rel}","templated":true}]}}