{"id":71559,"date":"2021-03-12T20:51:52","date_gmt":"2021-03-12T23:51:52","guid":{"rendered":"http:\/\/portalcatolico.net\/portal\/?p=71559"},"modified":"2021-03-12T20:51:52","modified_gmt":"2021-03-12T23:51:52","slug":"presidente-de-portugal-visita-o-papa-francisco-e-falam-de-possivel-peregrinacao-a-fatima-em-2023","status":"publish","type":"post","link":"http:\/\/portalcatolico.net\/portal\/presidente-de-portugal-visita-o-papa-francisco-e-falam-de-possivel-peregrinacao-a-fatima-em-2023\/","title":{"rendered":"Presidente de Portugal visita o Papa Francisco e falam de poss\u00edvel peregrina\u00e7\u00e3o a F\u00e1tima em 2023"},"content":{"rendered":"<p>O Papa recebeu hoje no Vaticano o presidente da Rep\u00fablica Portuguesa em audi\u00eancia privada no seu gabinete do Pal\u00e1cio Apost\u00f3lico. Na ocasi\u00e3o o Santo Padre manifestou seu desejo de voltar a F\u00e1tima em 2023, ano em que o Papa ir\u00e1 a Portugal para a JMJ Lisboa.&nbsp;&nbsp;<\/p>\n<p>Segundo a presid\u00eancia da Rep\u00fablica, Marcelo Rebelo de Sousa, reeleito em novembro de 2020, abordou com o Papa Francisco \u201ca situa\u00e7\u00e3o da pandemia e suas consequ\u00eancias, e ainda as Jornadas da Juventude em Lisboa em 2023, tendo o Papa confirmado a sua firme inten\u00e7\u00e3o de estar presente, visitando tamb\u00e9m de novo F\u00e1tima\u201d.<\/p>\n<p>Tal como em 2016, quando foi eleito pela primeira vez, Rebelo de Sousa decidiu visitar o Vaticano, sublinhando o \u201cpapel essencial\u201d da Santa S\u00e9 no reconhecimento da independ\u00eancia de Portugal. Vale recordar que a funda\u00e7\u00e3o de Portugal foi reconhecida pela Bula \u2018Manifestis Probatum est\u2019, documento do Papa Alexandre III, em 1179, que confirmava a independ\u00eancia do Reino de Le\u00f3n (hoje Espanha) e o t\u00edtulo de Rei de Portugal a Afonso Henriques. O Vaticano tornou-se, assim, o primeiro a reconhecer Portugal como um reino e estado independente.<\/p>\n<p>Em declara\u00e7\u00f5es \u00e0 RTP e Lusa, Marcelo Rebelo de Sousa afirmou que conversou com o Santo Padre sobre sua pr\u00f3xima viagem a Portugal, por ocasi\u00e3o da Jornada Mundial da Juventude (JMJ) Lisboa 2023, que &nbsp;poderia contemplar tamb\u00e9m uma visita do Pont\u00edfice ao Santu\u00e1rio de F\u00e1tima.<\/p>\n<p>Segundo informou a ag\u00eancia ECCLESIA, do episcopado portugu\u00eas, \u201co presidente da Rep\u00fablica Portuguesa falou ainda da \u201cvisita hist\u00f3rica\u201d do Papa ao Iraque e das \u201cperspectivas que se podem abrir\u201d para a pacifica\u00e7\u00e3o no M\u00e9dio Oriente. Os dois respons\u00e1veis abordaram temas ligados \u00e0 atualidade da Uni\u00e3o Europeia, \u00c1frica e Am\u00e9rica Latina, com aten\u00e7\u00e3o particular a Mo\u00e7ambique e \u00e0 Venezuela\u201d.<\/p>\n<p>\u201cMarcelo Rebelo de Sousa assinalou que o Papa est\u00e1 \u201cnaturalmente preocupado com os efeitos sociais da crise\u201d, comentando ainda que encontrou Francisco, depois da viagem da \u00faltima semana, em \u201cgrande forma f\u00edsica, grande forma ps\u00edquica\u201d\u201d, refere ECCLESIA.<\/p>\n<p>Ap\u00f3s o encontro com o Papa, Marcelo Rebelo de Sousa reuniu-se com o cardeal Pietro Parolin, secret\u00e1rio de Estado do Vaticano, acompanhado por D. Paul Richard Gallagher, secret\u00e1rio para as Rela\u00e7\u00f5es com os Estados.<\/p>\n<p>\u201cDurante a visita, a primeira do presidente ao estrangeiro depois da sua reelei\u00e7\u00e3o, foram sublinhadas as boas rela\u00e7\u00f5es entre a Santa S\u00e9 e Portugal, bem como o contributo da&nbsp;Igreja&nbsp;para a&nbsp;vida&nbsp;do pa\u00eds, com especial relevo na gest\u00e3o da crise sanit\u00e1ria atual, na defesa da vida e na pac\u00edfica conviv\u00eancia social\u201d, afirmou, por sua parte a Santa S\u00e9, em comunicado.<\/p>\n<p>Ainda hoje o presidente portugu\u00eas se dirige \u00e0 capital espanhola, Madri, para encontrar-se com o Rei Felipe VI.(ACI)<\/p>\n<p>Presidente Marcelo Rebelo de Sousa e o Papa Francisco. Foto: Vatican Media<\/p>\n","protected":false},"excerpt":{"rendered":"<p>O Papa recebeu hoje no Vaticano o presidente da Rep\u00fablica Portuguesa em audi\u00eancia privada no seu gabinete do Pal\u00e1cio Apost\u00f3lico. Na ocasi\u00e3o o Santo Padre manifestou seu desejo de voltar a F\u00e1tima em 2023, ano em que o Papa ir\u00e1 a Portugal para a JMJ Lisboa.&nbsp;&nbsp; Segundo a presid\u00eancia da Rep\u00fablica, Marcelo Rebelo de Sousa,&nbsp;<\/p>\n<p><a class=\"btn btn-style\" href=\"http:\/\/portalcatolico.net\/portal\/presidente-de-portugal-visita-o-papa-francisco-e-falam-de-possivel-peregrinacao-a-fatima-em-2023\/\">Continue Reading<\/a><\/p>\n","protected":false},"author":2,"featured_media":71560,"comment_status":"open","ping_status":"open","sticky":false,"template":"","format":"standard","meta":{"footnotes":""},"categories":[5],"tags":[],"class_list":["post-71559","post","type-post","status-publish","format-standard","has-post-thumbnail","hentry","category-igreja_no_mundo"],"_links":{"self":[{"href":"http:\/\/portalcatolico.net\/portal\/wp-json\/wp\/v2\/posts\/71559","targetHints":{"allow":["GET"]}}],"collection":[{"href":"http:\/\/portalcatolico.net\/portal\/wp-json\/wp\/v2\/posts"}],"about":[{"href":"http:\/\/portalcatolico.net\/portal\/wp-json\/wp\/v2\/types\/post"}],"author":[{"embeddable":true,"href":"http:\/\/portalcatolico.net\/portal\/wp-json\/wp\/v2\/users\/2"}],"replies":[{"embeddable":true,"href":"http:\/\/portalcatolico.net\/portal\/wp-json\/wp\/v2\/comments?post=71559"}],"version-history":[{"count":1,"href":"http:\/\/portalcatolico.net\/portal\/wp-json\/wp\/v2\/posts\/71559\/revisions"}],"predecessor-version":[{"id":71561,"href":"http:\/\/portalcatolico.net\/portal\/wp-json\/wp\/v2\/posts\/71559\/revisions\/71561"}],"wp:featuredmedia":[{"embeddable":true,"href":"http:\/\/portalcatolico.net\/portal\/wp-json\/wp\/v2\/media\/71560"}],"wp:attachment":[{"href":"http:\/\/portalcatolico.net\/portal\/wp-json\/wp\/v2\/media?parent=71559"}],"wp:term":[{"taxonomy":"category","embeddable":true,"href":"http:\/\/portalcatolico.net\/portal\/wp-json\/wp\/v2\/categories?post=71559"},{"taxonomy":"post_tag","embeddable":true,"href":"http:\/\/portalcatolico.net\/portal\/wp-json\/wp\/v2\/tags?post=71559"}],"curies":[{"name":"wp","href":"https:\/\/api.w.org\/{rel}","templated":true}]}}