{"id":71542,"date":"2021-03-09T21:23:13","date_gmt":"2021-03-10T00:23:13","guid":{"rendered":"http:\/\/portalcatolico.net\/portal\/?p=71542"},"modified":"2021-03-09T21:24:49","modified_gmt":"2021-03-10T00:24:49","slug":"triduo-e-festa-no-santuario-nacional-celebram-200-anos-da-morte-de-sao-clemente","status":"publish","type":"post","link":"http:\/\/portalcatolico.net\/portal\/triduo-e-festa-no-santuario-nacional-celebram-200-anos-da-morte-de-sao-clemente\/","title":{"rendered":"Tr\u00edduo e Festa no Santu\u00e1rio Nacional celebram 200 anos da morte de S\u00e3o Clemente"},"content":{"rendered":"<p><strong><i>Religioso \u00e9 considerado \u201csegundo fundador\u201d da Fam\u00edlia Redentorista, sendo respons\u00e1vel pela expans\u00e3o da Congrega\u00e7\u00e3o pela Europa<\/i><\/strong><\/p>\n<p>Os 200 anos da morte de S\u00e3o Clemente Maria Hofbauer ser\u00e3o comemorados com Tr\u00edduo e Festa no Santu\u00e1rio Nacional. De 09 a 12 de mar\u00e7o, o santo, considerado segundo fundador da Congrega\u00e7\u00e3o do Sant\u00edssimo Redentor, ser\u00e1 recordado com celebra\u00e7\u00f5es no Santu\u00e1rio Nacional de Aparecida (SP). A atividade encerra o Ano Clementino, vivido desde mar\u00e7o de 2020 pela Fam\u00edlia Redentorista.<\/p>\n<p>\u201cDurante todo este ano, a Congrega\u00e7\u00e3o do Sant\u00edssimo Redentor vem sempre falando e estudando a vida de S\u00e3o Clemente. Agora, queremos concluir este per\u00edodo com esse Tr\u00edduo e Festa, fechando com chave de ouro este ano t\u00e3o importante onde refletimos a vida e a miss\u00e3o de S\u00e3o Clemente\u201d, explica o prefeito de igreja do Santu\u00e1rio Nacional, padre Eduardo Ribeiro.<\/p>\n<p>Para favorecer a participa\u00e7\u00e3o dos fi\u00e9is no Tr\u00edduo, de 09 a 11 de mar\u00e7o quatro missas di\u00e1rias v\u00e3o meditar temas importantes da trajet\u00f3ria de S\u00e3o Clemente. Elas acontecem na Bas\u00edlica Nova \u00e0s 6h45, 9h e 12h. Na Bas\u00edlica Velha, as celebra\u00e7\u00f5es ocorrem \u00e0s 18h. As cerim\u00f4nias ser\u00e3o presididas por Mission\u00e1rios Redentoristas da Prov\u00edncia de S\u00e3o Paulo.<\/p>\n<p>No dia da Festa, comemorada na pr\u00f3xima sexta-feira (12), a principal missa do dia acontece \u00e0s 9h no Altar Central da Bas\u00edlica. A Eucaristia ser\u00e1 presidida pelo superior provincial da Unidade Redentorista de S\u00e3o Paulo, padre Marlos Aur\u00e9lio da Silva. Outras celebra\u00e7\u00f5es, rezadas \u00e0s 6h45, 12h e 18h ainda comemoram o dia do santo.<\/p>\n<p>\u201cQueremos celebrar a vida e a miss\u00e3o de S\u00e3o Clemente. Buscamos resgatar sua vida, sua hist\u00f3ria, compreender a sua miss\u00e3o e aprender dele, que \u00e9 um grande exemplo para todos os Mission\u00e1rios\u201d, detalha padre Eduardo.<\/p>\n<p>Apesar de ter nascido na Rep\u00fablica Tcheca na metade do s\u00e9culo XVIII, Hofbauer exerceu a maior parte de seu minist\u00e9rio sacerdotal em Vars\u00f3via e S\u00e3o Beno, na Pol\u00f4nia, seguindo em 1808 para Viena, na \u00c1ustria, cidade onde hoje \u00e9 considerado padroeiro. Ele foi respons\u00e1vel por expandir a Congrega\u00e7\u00e3o Redentorista, que at\u00e9 ent\u00e3o estava presente apenas na It\u00e1lia, para o territ\u00f3rio austr\u00edaco. O religioso, por\u00e9m, foi al\u00e9m, levando a ordem religiosa tamb\u00e9m para a Pol\u00f4nia, onde foi perseguido pelas autoridades locais.<\/p>\n<p>\u201cSanto Afonso \u00e9 o fundador da Congrega\u00e7\u00e3o, mas S\u00e3o Clemente levou o carisma redentorista para fora do territ\u00f3rio italiano. Isso fez com que a Congrega\u00e7\u00e3o Redentorista expandisse mais seus trabalhos. Por isso, ele \u00e9 considerado um segundo fundador dos Mission\u00e1rios Redentoristas\u201d, esclarece o prefeito de igreja.<\/p>\n<p>S\u00e3o Clemente Hofbauer foi beatificado no dia 29 de janeiro de 1888 pelo Papa Le\u00e3o XIII, e canonizado no dia 20 de maio de 1909. Em 1914, o Papa Pio X concedeu-lhe o t\u00edtulo de&nbsp;Ap\u00f3stolo e Patrono de Viena.&nbsp;<\/p>\n<p><i>Por Victor Hugo Barros\/Santu\u00e1rio&nbsp;Nacional&nbsp;de Aparecida(SP)<\/i><\/p>\n","protected":false},"excerpt":{"rendered":"<p>Religioso \u00e9 considerado \u201csegundo fundador\u201d da Fam\u00edlia Redentorista, sendo respons\u00e1vel pela expans\u00e3o da Congrega\u00e7\u00e3o pela Europa Os 200 anos da morte de S\u00e3o Clemente Maria Hofbauer ser\u00e3o comemorados com Tr\u00edduo e Festa no Santu\u00e1rio Nacional. De 09 a 12 de mar\u00e7o, o santo, considerado segundo fundador da Congrega\u00e7\u00e3o do Sant\u00edssimo Redentor, ser\u00e1 recordado com celebra\u00e7\u00f5es&nbsp;<\/p>\n<p><a class=\"btn btn-style\" href=\"http:\/\/portalcatolico.net\/portal\/triduo-e-festa-no-santuario-nacional-celebram-200-anos-da-morte-de-sao-clemente\/\">Continue Reading<\/a><\/p>\n","protected":false},"author":2,"featured_media":71543,"comment_status":"open","ping_status":"open","sticky":false,"template":"","format":"standard","meta":{"footnotes":""},"categories":[69],"tags":[],"class_list":["post-71542","post","type-post","status-publish","format-standard","has-post-thumbnail","hentry","category-artigos"],"_links":{"self":[{"href":"http:\/\/portalcatolico.net\/portal\/wp-json\/wp\/v2\/posts\/71542","targetHints":{"allow":["GET"]}}],"collection":[{"href":"http:\/\/portalcatolico.net\/portal\/wp-json\/wp\/v2\/posts"}],"about":[{"href":"http:\/\/portalcatolico.net\/portal\/wp-json\/wp\/v2\/types\/post"}],"author":[{"embeddable":true,"href":"http:\/\/portalcatolico.net\/portal\/wp-json\/wp\/v2\/users\/2"}],"replies":[{"embeddable":true,"href":"http:\/\/portalcatolico.net\/portal\/wp-json\/wp\/v2\/comments?post=71542"}],"version-history":[{"count":1,"href":"http:\/\/portalcatolico.net\/portal\/wp-json\/wp\/v2\/posts\/71542\/revisions"}],"predecessor-version":[{"id":71544,"href":"http:\/\/portalcatolico.net\/portal\/wp-json\/wp\/v2\/posts\/71542\/revisions\/71544"}],"wp:featuredmedia":[{"embeddable":true,"href":"http:\/\/portalcatolico.net\/portal\/wp-json\/wp\/v2\/media\/71543"}],"wp:attachment":[{"href":"http:\/\/portalcatolico.net\/portal\/wp-json\/wp\/v2\/media?parent=71542"}],"wp:term":[{"taxonomy":"category","embeddable":true,"href":"http:\/\/portalcatolico.net\/portal\/wp-json\/wp\/v2\/categories?post=71542"},{"taxonomy":"post_tag","embeddable":true,"href":"http:\/\/portalcatolico.net\/portal\/wp-json\/wp\/v2\/tags?post=71542"}],"curies":[{"name":"wp","href":"https:\/\/api.w.org\/{rel}","templated":true}]}}