{"id":71538,"date":"2021-03-09T21:07:14","date_gmt":"2021-03-10T00:07:14","guid":{"rendered":"http:\/\/portalcatolico.net\/portal\/?p=71538"},"modified":"2021-03-09T21:07:14","modified_gmt":"2021-03-10T00:07:14","slug":"proximo-na-distancia-ha-um-ano-a-primeira-missa-ao-vivo-da-santa-marta","status":"publish","type":"post","link":"http:\/\/portalcatolico.net\/portal\/proximo-na-distancia-ha-um-ano-a-primeira-missa-ao-vivo-da-santa-marta\/","title":{"rendered":"Pr\u00f3ximo na dist\u00e2ncia: h\u00e1 um ano, a primeira missa ao vivo da Santa Marta"},"content":{"rendered":"<div class=\"article__subTitle\">Em 9 de mar\u00e7o de 2020, no auge da pandemia, a m\u00eddia do Vaticano transmitiu, a pedido do Papa, a missa da manh\u00e3 da Casa Santa Marta. Por mais de dois meses, com as igrejas fechadas por medo de cont\u00e1gio da Covid-19, Francisco n\u00e3o deixa de estar pr\u00f3ximo. Torna-se um compromisso importante para os fi\u00e9is de todo o mundo; at\u00e9 na China participam da celebra\u00e7\u00e3o. O vaticanista Lucio Brunelli explica que &#8220;a conviv\u00eancia com Jesus, todas as manh\u00e3s, foi o verdadeiro centro da consola\u00e7\u00e3o que o Papa trouxe para os dias de tantas pessoas&#8221;.<\/div>\n<div>\n<p><i>&#8220;Como um raio num c\u00e9u limpo&#8221;<\/i>&nbsp;\u00e9 uma forma de express\u00e3o pra descrever quando um acontecimento muda de repente a vida. O rel\u00e2mpago tamb\u00e9m traz luz e, nesse flash, podemos vislumbrar um horizonte de esperan\u00e7a. H\u00e1 a pandemia que sufoca, imobiliza a exist\u00eancia, nos obriga a alterar o equil\u00edbrio no trabalho, em casa e tamb\u00e9m nos tira o alimento da Eucaristia. \u00c9 uma escolha, essa \u00faltima, que nasce da necessidade de conter os cont\u00e1gios.<\/p>\n<p>Na It\u00e1lia \u2013 mas tamb\u00e9m no Brasil, por exemplo \u2013 os n\u00fameros s\u00e3o impressionantes, quase mil pessoas morrem por dia. A luz se ascende sobre a dedica\u00e7\u00e3o de m\u00e9dicos, enfermeiros, faxineiras, balconistas de supermercado e sobre a vida dos mais fr\u00e1geis, os idosos &#8220;mem\u00f3ria&#8221; e &#8220;ra\u00edzes profundas&#8221; para o futuro, como o Papa gosta de cham\u00e1-los.<\/p>\n<p>\u00c9 nessa consterna\u00e7\u00e3o que todos sentem, na solid\u00e3o que tantos vivem, no medo de adoecer, que Francisco escolhe se fazer pr\u00f3ximo. Ele oferece a sua proximidade como pai, permitindo que qualquer pessoa participe, a partir de 9 de mar\u00e7o de 2020, da missa das 7 da manh\u00e3 que, todos os dias, celebra na Casa Santa Marta. Aquele evento, at\u00e9 ent\u00e3o contado pelos profissionais da m\u00eddia do Vaticano e reservado a pequenos grupos, torna-se dispon\u00edvel a todos. O Papa, ao vivo pela televis\u00e3o, celebra a Eucaristia, mostrando imediatamente o significado daquela escolha:<\/p>\n<p><i>\u201cNestes dias, vou oferecer a missa pelos doentes desta epidemia de coronav\u00edrus, pelos m\u00e9dicos, enfermeiros, volunt\u00e1rios que tanto ajudam, familiares, idosos que est\u00e3o em casas de repouso, presos que est\u00e3o encarcerados. Rezemos juntos nesta semana, esta forte ora\u00e7\u00e3o ao Senhor: \u2018Salva-me, \u00f3 Senhor, e d\u00e1-me miseric\u00f3rdia. O meu p\u00e9 est\u00e1 no caminho certo. Na assembleia vou aben\u00e7oar o Senhor\u2019.\u201d<img loading=\"lazy\" decoding=\"async\" class=\"alignnone  wp-image-71539\" src=\"http:\/\/portalcatolico.net\/portal\/wp-content\/uploads\/2021\/03\/cq5dam.thumbnail.cropped.750.422-15-300x169.jpeg\" alt=\"\" width=\"790\" height=\"445\" srcset=\"http:\/\/portalcatolico.net\/portal\/wp-content\/uploads\/2021\/03\/cq5dam.thumbnail.cropped.750.422-15-300x169.jpeg 300w, http:\/\/portalcatolico.net\/portal\/wp-content\/uploads\/2021\/03\/cq5dam.thumbnail.cropped.750.422-15.jpeg 750w\" sizes=\"auto, (max-width: 790px) 100vw, 790px\" \/><\/i><\/p>\n<div>\n<div class=\"article__embed article__embed--unwrap\">\n<figure><picture><source srcset=\"\/content\/dam\/vaticannews\/agenzie\/images\/srv\/2020\/05\/17\/2020-05-17-messa-santa-marta\/1589696563327.JPG\/_jcr_content\/renditions\/cq5dam.thumbnail.cropped.1500.844.jpeg 2x, \/content\/dam\/vaticannews\/agenzie\/images\/srv\/2020\/05\/17\/2020-05-17-messa-santa-marta\/1589696563327.JPG\/_jcr_content\/renditions\/cq5dam.thumbnail.cropped.750.422.jpeg 1x\" media=\"(min-width: 1024px)\" data-original-set=\"\/content\/dam\/vaticannews\/agenzie\/images\/srv\/2020\/05\/17\/2020-05-17-messa-santa-marta\/1589696563327.JPG\/_jcr_content\/renditions\/cq5dam.thumbnail.cropped.1500.844.jpeg 2x, \/content\/dam\/vaticannews\/agenzie\/images\/srv\/2020\/05\/17\/2020-05-17-messa-santa-marta\/1589696563327.JPG\/_jcr_content\/renditions\/cq5dam.thumbnail.cropped.750.422.jpeg 1x\"><source srcset=\"\/content\/dam\/vaticannews\/agenzie\/images\/srv\/2020\/05\/17\/2020-05-17-messa-santa-marta\/1589696563327.JPG\/_jcr_content\/renditions\/cq5dam.thumbnail.cropped.1000.563.jpeg 2x, \/content\/dam\/vaticannews\/agenzie\/images\/srv\/2020\/05\/17\/2020-05-17-messa-santa-marta\/1589696563327.JPG\/_jcr_content\/renditions\/cq5dam.thumbnail.cropped.500.281.jpeg 1x\" media=\"(min-width: 768px)\" data-original-set=\"\/content\/dam\/vaticannews\/agenzie\/images\/srv\/2020\/05\/17\/2020-05-17-messa-santa-marta\/1589696563327.JPG\/_jcr_content\/renditions\/cq5dam.thumbnail.cropped.1000.563.jpeg 2x, \/content\/dam\/vaticannews\/agenzie\/images\/srv\/2020\/05\/17\/2020-05-17-messa-santa-marta\/1589696563327.JPG\/_jcr_content\/renditions\/cq5dam.thumbnail.cropped.500.281.jpeg 1x\"><source srcset=\"\/content\/dam\/vaticannews\/agenzie\/images\/srv\/2020\/05\/17\/2020-05-17-messa-santa-marta\/1589696563327.JPG\/_jcr_content\/renditions\/cq5dam.thumbnail.cropped.500.281.jpeg\" data-original-set=\"\/content\/dam\/vaticannews\/agenzie\/images\/srv\/2020\/05\/17\/2020-05-17-messa-santa-marta\/1589696563327.JPG\/_jcr_content\/renditions\/cq5dam.thumbnail.cropped.500.281.jpeg\"><\/picture><\/figure>\n<div class=\"photo_embed--Title\">A celebra\u00e7\u00e3o do Papa na Santa Marta<\/div>\n<\/div>\n<\/div>\n<p><strong>A Igreja com o povo<\/strong><\/p>\n<p>&#8220;Ora\u00e7\u00e3o forte&#8221;, diz Francisco, uma ora\u00e7\u00e3o que se eleva da sua Casa para se tornar o sopro do mundo. Uma \u00fanica voz que une, que fortalece a comunidade, que ajuda a n\u00e3o se render ao desespero. Todos os dias o Papa tem um pensamento para aqueles que est\u00e3o em dificuldade: as gr\u00e1vidas, as crian\u00e7as longe da escola e que com pressa n\u00e3o saudaram sequer professores e colegas de classe, artistas dotados de &#8220;muita criatividade&#8221; que, &#8220;atrav\u00e9s do caminho da beleza\u201d, havia dito em 27 de abril de 2020, \u201cnos mostram o caminho a seguir&#8221;.<\/p>\n<p>Aquele pegar o rebanho perdido pela m\u00e3o tem um eco incr\u00edvel, at\u00e9 na China seguem diariamente as missas do Papa. Em 18 de maio, depois de mais de dois meses e com a possibilidade de retomar as celebra\u00e7\u00f5es presencialmente, Francisco interrompe esse costume porque, como havia dito em 17 de abril, &#8220;o ideal da Igreja est\u00e1 sempre com o povo e com os Sacramentos. Sempre&#8221;.<\/p>\n<p><strong>A entrevista com o vaticanista Brunelli<\/strong><\/p>\n<p>Um ano depois, como ler a escolha do Papa em transmitir a missa na Santa Marta? Quem responde \u00e9 o vaticanista Lucio Brunelli, ex-diretor da TV2000:<\/p>\n<p><b>R. &#8211;<\/b>&nbsp;<i>Foi uma escolha verdadeiramente prof\u00e9tica e providencial. Foram dias muito particulares, experi\u00eancias sem precedentes em nossas vidas e na vida de milh\u00f5es de pessoas. Est\u00e1vamos confinados em casa, assustados, e o boletim das 18 horas, todos os dias, nos aterrorizava com o n\u00famero de mortes crescendo, crescendo, e est\u00e1vamos tamb\u00e9m sem os Sacramentos, o que tamb\u00e9m foi uma experi\u00eancia absolutamente in\u00e9dita para milh\u00f5es de pessoas. N\u00e3o pod\u00edamos nos confessar, n\u00e3o pod\u00edamos ir \u00e0 missa e, desse ponto de vista, o sim do Papa \u00e0 transmiss\u00e3o ao vivo da missa na Santa Marta foi uma grande consola\u00e7\u00e3o, um grande conforto na vida di\u00e1ria. N\u00e3o foi apenas um consolo &#8220;sentimental&#8221;, mas foi um conforto para a f\u00e9, cujo centro &#8211; que muitas vezes esquecemos &#8211; \u00e9 a figura, a pr\u00f3pria presen\u00e7a de Jesus. Essa conviv\u00eancia com Jesus, todas as manh\u00e3s, foi o verdadeiro centro da consola\u00e7\u00e3o que o Papa trouxe aos meus dias e aos dias de muitos italianos.<\/i><\/p>\n<p><b>Assim, a m\u00eddia sempre retomou as inten\u00e7\u00f5es de ora\u00e7\u00e3o do Papa que eram dedicadas \u00e0s figuras mais expostas ao v\u00edrus, mas n\u00e3o se pode subestimar o peso das homilias, que talvez foram o pr\u00f3prio cora\u00e7\u00e3o desse conforto que voc\u00ea mencionou&#8230;<\/b><\/p>\n<p><b>R. &#8211;&nbsp;<\/b><i>As inten\u00e7\u00f5es eram importantes porque realmente nos faziam sentir mais unidos, por isso, enfermeiros, idosos, fam\u00edlias que estavam em casa com crian\u00e7as eram importantes para a concretude de que fal\u00e1vamos antes, mas o cora\u00e7\u00e3o dessas missas eram as homilias, o coment\u00e1rio do Evangelho feito pelo Papa com essa concretude que fazia parecer que est\u00e1vamos l\u00e1 todos os dias, misturados com a multid\u00e3o que seguia Jesus na Palestina, descobrindo a cada dia um aspecto, uma profundidade.<\/i><\/p>\n<p><b>Como mudou a percep\u00e7\u00e3o da figura do Papa e, em particular, do Papa Francisco, se \u00e9 que mudou de alguma forma?<\/b><\/p>\n<p><b>R. &#8211;<\/b>&nbsp;<i>Fiquei impressionado com o fato de que muitos amigos e conhecidos que eram preconceituosos em rela\u00e7\u00e3o ao Papa Francisco, naquele per\u00edodo, mudaram um pouco de opini\u00e3o. Eles descobriram um Papa Francisco diferente em compara\u00e7\u00e3o com certos esquemas e certos estere\u00f3tipos que eles haviam seguido. Em particular, o estere\u00f3tipo do Papa pol\u00edtico, tanto quando era elogiado como quando era denegrido, sempre preso em um esquema, considerado \u00e0 direita como o Papa amigo dos comunistas, \u00e0 esquerda valorizado como o Papa ecol\u00f3gico, que defende os direitos dos imigrantes. Naqueles dias, era como se todos n\u00f3s tiv\u00e9ssemos descoberto o verdadeiro cora\u00e7\u00e3o deste Pontificado que \u00e9 essencialmente religioso, no sentido profundo e concreto do termo, o retorno ao Evangelho. Acredito que nunca como naqueles dois meses e 9 dias, de 9 de mar\u00e7o a 18 de maio, o Papa Francisco tenha estado t\u00e3o pr\u00f3ximo, tenha entrado no cora\u00e7\u00e3o das pessoas e que elas tenham compreendido o que ele expressa mais profundamente.<\/i><\/p>\n<p><b>At\u00e9 hoje, muitos escrevem \u00e0 m\u00eddia do Vaticano pedindo novamente a missa de Santa Marta e de restabelecer aquele costume interrompido quando foi poss\u00edvel retornar \u00e0 igreja e celebrar a Missa presencialmente. \u00c9 como se houvesse um sentimento de vazio sendo compartilhado&#8230;.<\/b><\/p>\n<p><b>R. &#8211;<\/b>&nbsp;<i>Foi um pouco triste quando as missas de Santa Marta foram interrompidas, embora a motiva\u00e7\u00e3o do Papa fosse muito forte e verdadeira. No dia em que foi devolvida aos fi\u00e9is a possibilidade de participar da missa, ele parou sem demora. Creio que a sua raz\u00e3o seja muito importante porque o risco de uma Igreja &#8220;virtual&#8221; poderia surgir em todos n\u00f3s, enquanto, em vez disso, \u00e9 essencial na vida crist\u00e3 a perten\u00e7a f\u00edsica \u00e0 comunidade e tamb\u00e9m ao Sacramento. Tem sido uma experi\u00eancia excepcional de todos os pontos de vista. Sou um jornalista que sempre se ocupou de informa\u00e7\u00e3o religiosa: essa experi\u00eancia foi importante tamb\u00e9m do ponto de vista num\u00e9rico. Desde que a Rai 1 (o canal p\u00fablico de TV da It\u00e1lia) decidiu transmitir a missa ao vivo &#8211; no in\u00edcio foi apenas a Tv2000 (o canal dos bispos italianos) e depois a transmiss\u00e3o da m\u00eddia do Vaticano, vimos \u00edndices incr\u00edveis acima dos 23% que, somados aos da Tv2000, levaram a mais de 30% dos italianos que acompanhavam a missa da manh\u00e3 da Santa Marta. Essa tamb\u00e9m \u00e9 uma experi\u00eancia que me impressionou muito, j\u00e1 que foi uma missa que chegava nua e crua, sem coment\u00e1rios, e essa tamb\u00e9m foi a sua for\u00e7a. Mesmo os espa\u00e7os de sil\u00eancio, que aparentemente poderiam parecer mais antitelevisivos, como o momento da adora\u00e7\u00e3o eucar\u00edstica, mesmo ali a aten\u00e7\u00e3o n\u00e3o diminu\u00eda porque o Papa consegue tocar os acordes profundos, os acordes da f\u00e9 que s\u00e3o a verdadeira fonte de consola\u00e7\u00e3o, da esperan\u00e7a que sent\u00edamos e sentimos necessidade at\u00e9 hoje.<\/i><\/p>\n<\/div>\n<div class=\"title__separator\"><b>Por:Benedetta Capelli e Andressa Collet &#8211; Vatican News<\/b><\/div>\n","protected":false},"excerpt":{"rendered":"<p>Em 9 de mar\u00e7o de 2020, no auge da pandemia, a m\u00eddia do Vaticano transmitiu, a pedido do Papa, a missa da manh\u00e3 da Casa Santa Marta. Por mais de dois meses, com as igrejas fechadas por medo de cont\u00e1gio da Covid-19, Francisco n\u00e3o deixa de estar pr\u00f3ximo. Torna-se um compromisso importante para os fi\u00e9is&nbsp;<\/p>\n<p><a class=\"btn btn-style\" href=\"http:\/\/portalcatolico.net\/portal\/proximo-na-distancia-ha-um-ano-a-primeira-missa-ao-vivo-da-santa-marta\/\">Continue Reading<\/a><\/p>\n","protected":false},"author":2,"featured_media":71540,"comment_status":"open","ping_status":"open","sticky":false,"template":"","format":"standard","meta":{"footnotes":""},"categories":[5],"tags":[],"class_list":["post-71538","post","type-post","status-publish","format-standard","has-post-thumbnail","hentry","category-igreja_no_mundo"],"_links":{"self":[{"href":"http:\/\/portalcatolico.net\/portal\/wp-json\/wp\/v2\/posts\/71538","targetHints":{"allow":["GET"]}}],"collection":[{"href":"http:\/\/portalcatolico.net\/portal\/wp-json\/wp\/v2\/posts"}],"about":[{"href":"http:\/\/portalcatolico.net\/portal\/wp-json\/wp\/v2\/types\/post"}],"author":[{"embeddable":true,"href":"http:\/\/portalcatolico.net\/portal\/wp-json\/wp\/v2\/users\/2"}],"replies":[{"embeddable":true,"href":"http:\/\/portalcatolico.net\/portal\/wp-json\/wp\/v2\/comments?post=71538"}],"version-history":[{"count":1,"href":"http:\/\/portalcatolico.net\/portal\/wp-json\/wp\/v2\/posts\/71538\/revisions"}],"predecessor-version":[{"id":71541,"href":"http:\/\/portalcatolico.net\/portal\/wp-json\/wp\/v2\/posts\/71538\/revisions\/71541"}],"wp:featuredmedia":[{"embeddable":true,"href":"http:\/\/portalcatolico.net\/portal\/wp-json\/wp\/v2\/media\/71540"}],"wp:attachment":[{"href":"http:\/\/portalcatolico.net\/portal\/wp-json\/wp\/v2\/media?parent=71538"}],"wp:term":[{"taxonomy":"category","embeddable":true,"href":"http:\/\/portalcatolico.net\/portal\/wp-json\/wp\/v2\/categories?post=71538"},{"taxonomy":"post_tag","embeddable":true,"href":"http:\/\/portalcatolico.net\/portal\/wp-json\/wp\/v2\/tags?post=71538"}],"curies":[{"name":"wp","href":"https:\/\/api.w.org\/{rel}","templated":true}]}}