{"id":71506,"date":"2021-03-10T08:46:58","date_gmt":"2021-03-10T11:46:58","guid":{"rendered":"http:\/\/portalcatolico.net\/portal\/?p=71506"},"modified":"2021-03-06T08:47:20","modified_gmt":"2021-03-06T11:47:20","slug":"uma-consolacao-do-coracao","status":"publish","type":"post","link":"http:\/\/portalcatolico.net\/portal\/uma-consolacao-do-coracao\/","title":{"rendered":"Uma consola\u00e7\u00e3o do Cora\u00e7\u00e3o"},"content":{"rendered":"<p>S\u00f3 o cora\u00e7\u00e3o em ofegantes pulsa\u00e7\u00f5es me dava mostras de existir. Era eu, um amedrontado pelo sil\u00eancio, iniciando um retiro, um tempo de recolhimento onde de podia ouvir meu interior. Bem no fundo deste cora\u00e7\u00e3o uma voz me dizia que eu iria iniciar um \u201ctempo de gra\u00e7a\u201d. E este cora\u00e7\u00e3o tamb\u00e9m me dizia que eu preciso falar com meu cora\u00e7\u00e3o, quer dizer, eu deveria conversar com minha interioridade. Nesta conversa o que n\u00e3o poderia me faltar seria a percep\u00e7\u00e3o deste compasso com o cora\u00e7\u00e3o e poder me surpreender com o encanto que ele mesmo pode me oferecer.<\/p>\n<p>A escuta, o sentir e o movimento do cora\u00e7\u00e3o \u00e9 a viva resposta de quem consegue escutar o cora\u00e7\u00e3o orante, o cora\u00e7\u00e3o que reencontra com o que escuta. \u00c9 uma consola\u00e7\u00e3o que desconstr\u00f3i o edif\u00edcio, o muro que consigo erguer contra mim.<\/p>\n<p>Ser\u00e1 que me interesso a mim mesmo? Neste di\u00e1logo entre eu e meu cora\u00e7\u00e3o esta \u00e9 uma pergunta cabal e saber responder n\u00e3o seria por meio do uso de minha espert\u00edze intelectual, mas, antes, buscando ouvir o meu interior. Romano Guardini diz que esta escuta \u00e9 para \u201cConvocarmos a n\u00f3s mesmos\u201d. Ora, pois! Ser\u00e1 que conseguimos nos convocarmos, e, a partir deste chamado, nos interessamos conosco mesmos? Depois destas descobertas ainda se pode objetar: desejar o que neste momento de descobertas? Ser o que, sem estar cercados pelas realidades que me cercam? Querer um cora\u00e7\u00e3o que escuta; ou que deseja escutar, t\u00e3o somente isso.<\/p>\n<p>Eu temo que este cora\u00e7\u00e3o que pulsa n\u00e3o consiga escutar cada pulsa\u00e7\u00e3o. N\u00e3o posso ficar indiferente com o que eu encontrar, devo me encantar at\u00e9 mesmo se encontrar um caminho que n\u00e3o me tr\u00e1s muito consolo. Contudo, sendo este tempo, um \u201ctempo de gra\u00e7a\u201d, posso buscar nas reflex\u00f5es de Albert Camus que me diz: \u201c&#8230; no mundo do sagrado, toda palavra \u00e9 a\u00e7\u00e3o de gra\u00e7as\u201d (O homem revoltado, p. 32).<\/p>\n<p>A \u00fanica palavra que eu consigo descrever, se \u00e9 que consigo argumentos que seja not\u00f3rio para este instante, \u00e9 usar deste tempo, como uma gra\u00e7a que emerge do meu interior e falar o que meu cora\u00e7\u00e3o sente. Uma grande paz envolve minha vida, e com isso, tamb\u00e9m eu, me sinto dialogando com a palavra paz. Assim, neste \u201ctempo de gra\u00e7a\u201d, meu cora\u00e7\u00e3o, j\u00e1 vivendo a calmaria num col\u00f3quio comigo mesmo me disse que esta paz interior \u00e9 uma a\u00e7\u00e3o de gra\u00e7as. Escutar a vida interior \u00e9 viver em paz e ter harmonia com as descobertas de desola\u00e7\u00f5es que, muitas vezes, tenta consolar as pulsa\u00e7\u00f5es desmedidas do cora\u00e7\u00e3o.<\/p>\n<p>Por:Padre Joacir d\u2019Abadia, fil\u00f3sofo autor de 15 livros, especialista em Doc\u00eancia do Ensino Superior e amante da vida descrita nos 3 mais recentes livros publicados<\/p>\n","protected":false},"excerpt":{"rendered":"<p>S\u00f3 o cora\u00e7\u00e3o em ofegantes pulsa\u00e7\u00f5es me dava mostras de existir. Era eu, um amedrontado pelo sil\u00eancio, iniciando um retiro, um tempo de recolhimento onde de podia ouvir meu interior. Bem no fundo deste cora\u00e7\u00e3o uma voz me dizia que eu iria iniciar um \u201ctempo de gra\u00e7a\u201d. E este cora\u00e7\u00e3o tamb\u00e9m me dizia que eu&nbsp;<\/p>\n<p><a class=\"btn btn-style\" href=\"http:\/\/portalcatolico.net\/portal\/uma-consolacao-do-coracao\/\">Continue Reading<\/a><\/p>\n","protected":false},"author":2,"featured_media":71038,"comment_status":"open","ping_status":"open","sticky":false,"template":"","format":"standard","meta":{"footnotes":""},"categories":[69],"tags":[],"class_list":["post-71506","post","type-post","status-publish","format-standard","has-post-thumbnail","hentry","category-artigos"],"_links":{"self":[{"href":"http:\/\/portalcatolico.net\/portal\/wp-json\/wp\/v2\/posts\/71506","targetHints":{"allow":["GET"]}}],"collection":[{"href":"http:\/\/portalcatolico.net\/portal\/wp-json\/wp\/v2\/posts"}],"about":[{"href":"http:\/\/portalcatolico.net\/portal\/wp-json\/wp\/v2\/types\/post"}],"author":[{"embeddable":true,"href":"http:\/\/portalcatolico.net\/portal\/wp-json\/wp\/v2\/users\/2"}],"replies":[{"embeddable":true,"href":"http:\/\/portalcatolico.net\/portal\/wp-json\/wp\/v2\/comments?post=71506"}],"version-history":[{"count":1,"href":"http:\/\/portalcatolico.net\/portal\/wp-json\/wp\/v2\/posts\/71506\/revisions"}],"predecessor-version":[{"id":71507,"href":"http:\/\/portalcatolico.net\/portal\/wp-json\/wp\/v2\/posts\/71506\/revisions\/71507"}],"wp:featuredmedia":[{"embeddable":true,"href":"http:\/\/portalcatolico.net\/portal\/wp-json\/wp\/v2\/media\/71038"}],"wp:attachment":[{"href":"http:\/\/portalcatolico.net\/portal\/wp-json\/wp\/v2\/media?parent=71506"}],"wp:term":[{"taxonomy":"category","embeddable":true,"href":"http:\/\/portalcatolico.net\/portal\/wp-json\/wp\/v2\/categories?post=71506"},{"taxonomy":"post_tag","embeddable":true,"href":"http:\/\/portalcatolico.net\/portal\/wp-json\/wp\/v2\/tags?post=71506"}],"curies":[{"name":"wp","href":"https:\/\/api.w.org\/{rel}","templated":true}]}}