{"id":71449,"date":"2021-02-25T11:00:04","date_gmt":"2021-02-25T14:00:04","guid":{"rendered":"http:\/\/portalcatolico.net\/portal\/?p=71449"},"modified":"2021-02-25T20:00:39","modified_gmt":"2021-02-25T23:00:39","slug":"esposos-renovam-45-anos-de-matrimonio-apos-superar-a-covid-19","status":"publish","type":"post","link":"http:\/\/portalcatolico.net\/portal\/esposos-renovam-45-anos-de-matrimonio-apos-superar-a-covid-19\/","title":{"rendered":"Esposos renovam 45 anos de matrim\u00f4nio ap\u00f3s superar a Covid-19"},"content":{"rendered":"<p>Nenhum obst\u00e1culo enfraqueceu o grande amor de Catalina Fern\u00e1ndez e An\u00edbal Ayala, que, depois de vencer dias complexos por causa do coronav\u00edrus, renovaram suas promessas matrimoniais ao comemorar 45 anos de casados.<\/p>\n<p>Suas filhas, netos e familiares pr\u00f3ximos se reuniram no s\u00e1bado, 20 de fevereiro, na Catedral Metropolitana de Assun\u00e7\u00e3o, para acompanhar o casal na renova\u00e7\u00e3o de suas promessas.<\/p>\n<p>Catalina, de 66 anos, entrou em uma cadeira de rodas segurando um buqu\u00ea de rosas brancas. Precisou de um cilindro de oxig\u00eanio pois ainda est\u00e1 se recuperando das sequelas do coronav\u00edrus.<\/p>\n<p>Catalina e An\u00edbal adoeceram em novembro de 2020.<\/p>\n<p>An\u00edbal, agora com 74 anos, ficou internado por tr\u00eas dias e Catalina ficou internada na UTI durante 13 dias no Hospital IPS Ingavi.<\/p>\n<p>Ao receber alta, Catalina encontrou bal\u00f5es e cartazes de boas-vindas e apoio das pessoas pr\u00f3ximas.<\/p>\n<p>Depois disso, An\u00edbal a pediu em casamento novamente e os dois decidiram renovar os votos na mesma data em que se casaram h\u00e1 45 anos.<\/p>\n<p><img decoding=\"async\" src=\"https:\/\/www.aciprensa.com\/videos\/matrimonio-ayala-fernandez.mp4\" alt=\"\">Foi Dom Edmundo Valenzuela, Arcebispo de Assun\u00e7\u00e3o, quem presidiu a liturgia e destacou o trabalho de cada um na forma\u00e7\u00e3o de \u201cuma bela fam\u00edlia com valores crist\u00e3os e c\u00edvicos, desde a simplicidade, nobreza e retid\u00e3o\u201d; bem como a luta que ambos enfrentam contra o c\u00e2ncer h\u00e1 dois anos.<\/p>\n<p>\u201cPara seguir adiante para comemorar muitos outros anivers\u00e1rios, com a mesma for\u00e7a e amor, os convido a renovar suas promessas matrimoniais\u201d, disse na cerim\u00f4nia.<\/p>\n<p>\u201cEsperamos que seu An\u00edbal e dona Catalina experimentem mais uma vez a gra\u00e7a recebida no dia do matrim\u00f4nio, quando deram testemunho da uni\u00e3o de Cristo e da&nbsp;Igreja\u201d, expressou.<\/p>\n<p>\u201cRezamos para que seu matrim\u00f4nio continue sendo fortalecido pelo exemplo da Sagrada Fam\u00edlia e do amor que vem de Cristo\u201d, acrescentou Dom Valenzuela.<\/p>\n<p>O casal Ayala Fern\u00e1ndez saiu da igreja de m\u00e3os dadas e com a b\u00ean\u00e7\u00e3o apost\u00f3lica do Papa Francisco para a ocasi\u00e3o.<\/p>\n<p>A filha mais nova, Fabiola Ayala, disse \u00e0&nbsp;<a href=\"https:\/\/www.acidigital.com\/\">ACI<\/a>&nbsp;Prensa, ag\u00eancia em espanhol do grupo ACI, \u201cque foram dias de grande ang\u00fastia\u201d, esperando o diagn\u00f3stico m\u00e9dico todos os dias para saber se a m\u00e3e havia melhorado.<\/p>\n<p>\u201cPara mim, eles s\u00e3o a melhor defini\u00e7\u00e3o de amor, compreens\u00e3o, dedica\u00e7\u00e3o e paci\u00eancia di\u00e1ria. Eles sofreram prova\u00e7\u00f5es muito duras, mas sempre nos deram o exemplo de que com ora\u00e7\u00e3o, f\u00e9 e amor tudo pode ser alcan\u00e7ado e superado nesta&nbsp;vida\u201d, disse Fabiola.<\/p>\n<p><em>Publicado originalmente em&nbsp;ACI Prensa.&nbsp;Traduzido e adaptado por Nath\u00e1lia Queiroz.<\/em><\/p>\n<p>Renova\u00e7\u00e3o dos votos matrimoniais de An\u00edbal Ayala e Catalina Fern\u00e1ndez. Cortesia: Fam\u00edlia Ayala Fern\u00e1ndez.<\/p>\n","protected":false},"excerpt":{"rendered":"<p>Nenhum obst\u00e1culo enfraqueceu o grande amor de Catalina Fern\u00e1ndez e An\u00edbal Ayala, que, depois de vencer dias complexos por causa do coronav\u00edrus, renovaram suas promessas matrimoniais ao comemorar 45 anos de casados. Suas filhas, netos e familiares pr\u00f3ximos se reuniram no s\u00e1bado, 20 de fevereiro, na Catedral Metropolitana de Assun\u00e7\u00e3o, para acompanhar o casal na&nbsp;<\/p>\n<p><a class=\"btn btn-style\" href=\"http:\/\/portalcatolico.net\/portal\/esposos-renovam-45-anos-de-matrimonio-apos-superar-a-covid-19\/\">Continue Reading<\/a><\/p>\n","protected":false},"author":2,"featured_media":71450,"comment_status":"open","ping_status":"open","sticky":false,"template":"","format":"standard","meta":{"footnotes":""},"categories":[5],"tags":[],"class_list":["post-71449","post","type-post","status-publish","format-standard","has-post-thumbnail","hentry","category-igreja_no_mundo"],"_links":{"self":[{"href":"http:\/\/portalcatolico.net\/portal\/wp-json\/wp\/v2\/posts\/71449","targetHints":{"allow":["GET"]}}],"collection":[{"href":"http:\/\/portalcatolico.net\/portal\/wp-json\/wp\/v2\/posts"}],"about":[{"href":"http:\/\/portalcatolico.net\/portal\/wp-json\/wp\/v2\/types\/post"}],"author":[{"embeddable":true,"href":"http:\/\/portalcatolico.net\/portal\/wp-json\/wp\/v2\/users\/2"}],"replies":[{"embeddable":true,"href":"http:\/\/portalcatolico.net\/portal\/wp-json\/wp\/v2\/comments?post=71449"}],"version-history":[{"count":1,"href":"http:\/\/portalcatolico.net\/portal\/wp-json\/wp\/v2\/posts\/71449\/revisions"}],"predecessor-version":[{"id":71451,"href":"http:\/\/portalcatolico.net\/portal\/wp-json\/wp\/v2\/posts\/71449\/revisions\/71451"}],"wp:featuredmedia":[{"embeddable":true,"href":"http:\/\/portalcatolico.net\/portal\/wp-json\/wp\/v2\/media\/71450"}],"wp:attachment":[{"href":"http:\/\/portalcatolico.net\/portal\/wp-json\/wp\/v2\/media?parent=71449"}],"wp:term":[{"taxonomy":"category","embeddable":true,"href":"http:\/\/portalcatolico.net\/portal\/wp-json\/wp\/v2\/categories?post=71449"},{"taxonomy":"post_tag","embeddable":true,"href":"http:\/\/portalcatolico.net\/portal\/wp-json\/wp\/v2\/tags?post=71449"}],"curies":[{"name":"wp","href":"https:\/\/api.w.org\/{rel}","templated":true}]}}