{"id":71440,"date":"2021-02-25T14:11:33","date_gmt":"2021-02-25T17:11:33","guid":{"rendered":"http:\/\/portalcatolico.net\/portal\/?p=71440"},"modified":"2021-02-25T14:12:53","modified_gmt":"2021-02-25T17:12:53","slug":"bispo-da-diocese-de-ilheus-celebra-50-anos-de-ordenacao-presbiteral-e-25-anos-de-ordenacao-episcopal","status":"publish","type":"post","link":"http:\/\/portalcatolico.net\/portal\/bispo-da-diocese-de-ilheus-celebra-50-anos-de-ordenacao-presbiteral-e-25-anos-de-ordenacao-episcopal\/","title":{"rendered":"Bispo da Diocese de Ilh\u00e9us celebra 50 anos de ordena\u00e7\u00e3o presbiteral e 25 anos de ordena\u00e7\u00e3o episcopal"},"content":{"rendered":"<p style=\"font-weight: 400;\">Nesta quarta-feira, dia 24 de fevereiro, aconteceu a concelebra\u00e7\u00e3o jubilar dos 50 anos de ordena\u00e7\u00e3o presbiteral e dos 25 anos de episcopal de Dom Mauro Montagnoli, CSS, bispo diocesano da Diocese de Ilh\u00e9us, no litoral sul baiano.&nbsp;&nbsp;<\/p>\n<p style=\"font-weight: 400;\">A celebra\u00e7\u00e3o eucar\u00edstica foi realizada na par\u00f3quia e catedral diocesana de S\u00e3o Sebasti\u00e3o, no centro da cidade de Ilh\u00e9us, \u00e0s 17h. A santa missa em a\u00e7\u00e3o de gra\u00e7a foi presidida pelo aniversariante e concelebrada por padres da cidade de Ilh\u00e9us e de outras regi\u00f5es que comp\u00f5em a diocese. Devido \u00e0s restri\u00e7\u00f5es causadas pela pandemia do coronav\u00edrus, a celebra\u00e7\u00e3o foi restrita aos fieis cat\u00f3licos. Os demais acompanharam a celebra\u00e7\u00e3o pelas redes sociais da diocese. Na oportunidade, Dom Mauro disse: &#8220;Agrade\u00e7o a Deus por tudo isso que ele tem me proporcionado, na minha vida. Agrade\u00e7o as ora\u00e7\u00f5es de todos, a presen\u00e7a f\u00edsica e aquela presen\u00e7a virtual neste momento de a\u00e7\u00e3o de gra\u00e7as a Deus, por tantas gra\u00e7as que Ele me concedeu nos meus 75 anos de vida. Que Deus tenha piedade de mim e aben\u00e7oe a todos&#8221;, declarou o bispo aniversariante.&nbsp;<\/p>\n<p style=\"font-weight: 400;\">O atual bispo diocesano de Ilh\u00e9us, Dom Mauro Montagnoli, CSS, tem 75 anos. Ele fez a profiss\u00e3o religiosa no dia 9 de dezembro de 1964 e foi ordenado sacerdote no dia 24 de janeiro de 1971. Foi nomeado bispo por Jo\u00e3o Paulo II no dia 20 de dezembro de 1995 e recebeu a ordena\u00e7\u00e3o episcopal no dia 24 de fevereiro de 1996 em Ouro Fino, em Minas Gerais. Na CNBB (Confer\u00eancia Nacional dos Bispos do Brasil), foi membro da Comiss\u00e3o Episcopal Pastoral, respons\u00e1vel pelo Setor Leigos, Pastoral da Juventude e Comunidades Eclesiais de Base, membro do Conselho Episcopal Pastoral e presidente da Comiss\u00e3o para o Laicato. No Conselho Episcopal Latino-Americano, foi membro da Comiss\u00e3o Episcopal do Departamento de Leigos e presidente do Departamento de Leigos.&nbsp;<\/p>\n<p style=\"font-weight: 400;\">A equipe deste Portal Cat\u00f3lico de Not\u00edcias parabeniza este servo de Deus, pelos diversos servi\u00e7os de evangeliza\u00e7\u00e3o que s\u00e3o realizados na diocese de Ilh\u00e9us e em outras dioceses.&nbsp;<\/p>\n","protected":false},"excerpt":{"rendered":"<p>Nesta quarta-feira, dia 24 de fevereiro, aconteceu a concelebra\u00e7\u00e3o jubilar dos 50 anos de ordena\u00e7\u00e3o presbiteral e dos 25 anos de episcopal de Dom Mauro Montagnoli, CSS, bispo diocesano da Diocese de Ilh\u00e9us, no litoral sul baiano.&nbsp;&nbsp; A celebra\u00e7\u00e3o eucar\u00edstica foi realizada na par\u00f3quia e catedral diocesana de S\u00e3o Sebasti\u00e3o, no centro da cidade de&nbsp;<\/p>\n<p><a class=\"btn btn-style\" href=\"http:\/\/portalcatolico.net\/portal\/bispo-da-diocese-de-ilheus-celebra-50-anos-de-ordenacao-presbiteral-e-25-anos-de-ordenacao-episcopal\/\">Continue Reading<\/a><\/p>\n","protected":false},"author":2,"featured_media":71441,"comment_status":"open","ping_status":"open","sticky":false,"template":"","format":"standard","meta":{"footnotes":""},"categories":[68],"tags":[],"class_list":["post-71440","post","type-post","status-publish","format-standard","has-post-thumbnail","hentry","category-homilias"],"_links":{"self":[{"href":"http:\/\/portalcatolico.net\/portal\/wp-json\/wp\/v2\/posts\/71440","targetHints":{"allow":["GET"]}}],"collection":[{"href":"http:\/\/portalcatolico.net\/portal\/wp-json\/wp\/v2\/posts"}],"about":[{"href":"http:\/\/portalcatolico.net\/portal\/wp-json\/wp\/v2\/types\/post"}],"author":[{"embeddable":true,"href":"http:\/\/portalcatolico.net\/portal\/wp-json\/wp\/v2\/users\/2"}],"replies":[{"embeddable":true,"href":"http:\/\/portalcatolico.net\/portal\/wp-json\/wp\/v2\/comments?post=71440"}],"version-history":[{"count":3,"href":"http:\/\/portalcatolico.net\/portal\/wp-json\/wp\/v2\/posts\/71440\/revisions"}],"predecessor-version":[{"id":71444,"href":"http:\/\/portalcatolico.net\/portal\/wp-json\/wp\/v2\/posts\/71440\/revisions\/71444"}],"wp:featuredmedia":[{"embeddable":true,"href":"http:\/\/portalcatolico.net\/portal\/wp-json\/wp\/v2\/media\/71441"}],"wp:attachment":[{"href":"http:\/\/portalcatolico.net\/portal\/wp-json\/wp\/v2\/media?parent=71440"}],"wp:term":[{"taxonomy":"category","embeddable":true,"href":"http:\/\/portalcatolico.net\/portal\/wp-json\/wp\/v2\/categories?post=71440"},{"taxonomy":"post_tag","embeddable":true,"href":"http:\/\/portalcatolico.net\/portal\/wp-json\/wp\/v2\/tags?post=71440"}],"curies":[{"name":"wp","href":"https:\/\/api.w.org\/{rel}","templated":true}]}}