{"id":71426,"date":"2021-02-24T20:01:56","date_gmt":"2021-02-24T23:01:56","guid":{"rendered":"http:\/\/portalcatolico.net\/portal\/?p=71426"},"modified":"2021-02-24T20:06:09","modified_gmt":"2021-02-24T23:06:09","slug":"diocese-de-itabuna-suspende-presenca-de-fieis-nas-missas-confira","status":"publish","type":"post","link":"http:\/\/portalcatolico.net\/portal\/diocese-de-itabuna-suspende-presenca-de-fieis-nas-missas-confira\/","title":{"rendered":"Diocese de Itabuna suspende presen\u00e7a de fieis nas missas. Confira!"},"content":{"rendered":"<p>De acordo com a nova Nota Pastoral divulgada nesta quarta-feira (24), ficam suspensas at\u00e9 o dia 28 de fevereiro de 2021, as atividades e celebra\u00e7\u00f5es na diocese com a presen\u00e7a de fi\u00e9is nas Igrejas. As celebra\u00e7\u00f5es podem, neste intervalo, serem transmitidas pelas emissoras de r\u00e1dio e redes sociais paroquiais e diocesanas.&nbsp;<\/p>\n<p>Essa norma foi aplicada considerando a expressiva expans\u00e3o da Covid-19 e o Decreto n\u00ba 20.240, art. 3 de 21 de fevereiro de 2021, do senhor governador do Estado da Bahia que pro\u00edbe a realiza\u00e7\u00e3o de todas as atividades e eventos, inclusive religiosos.&nbsp;<\/p>\n<p>Vale ressaltar que as Igrejas devem permanecer abertas para a ora\u00e7\u00f5es dos fi\u00e9is. Por\u00e9m, os sacerdotes devem celebrar e transmitir a missa, atrav\u00e9s das redes sociais.&nbsp;<\/p>\n<p>Leia a nota na entrega!<\/p>\n<p><a href=\"http:\/\/portalcatolico.net\/portal\/wp-content\/uploads\/2021\/02\/NOTA-PASTORAL-01-2021-NOVAS-NORMAS-EM-TEMPOS-DE-PANDEMIA.pdf\">NOTA PASTORAL 01 2021 NOVAS NORMAS EM TEMPOS DE PANDEMIA<\/a><\/p>\n","protected":false},"excerpt":{"rendered":"<p>De acordo com a nova Nota Pastoral divulgada nesta quarta-feira (24), ficam suspensas at\u00e9 o dia 28 de fevereiro de 2021, as atividades e celebra\u00e7\u00f5es na diocese com a presen\u00e7a de fi\u00e9is nas Igrejas. As celebra\u00e7\u00f5es podem, neste intervalo, serem transmitidas pelas emissoras de r\u00e1dio e redes sociais paroquiais e diocesanas.&nbsp; Essa norma foi aplicada&nbsp;<\/p>\n<p><a class=\"btn btn-style\" href=\"http:\/\/portalcatolico.net\/portal\/diocese-de-itabuna-suspende-presenca-de-fieis-nas-missas-confira\/\">Continue Reading<\/a><\/p>\n","protected":false},"author":2,"featured_media":69129,"comment_status":"open","ping_status":"open","sticky":false,"template":"","format":"standard","meta":{"footnotes":""},"categories":[4],"tags":[],"class_list":["post-71426","post","type-post","status-publish","format-standard","has-post-thumbnail","hentry","category-destaques"],"_links":{"self":[{"href":"http:\/\/portalcatolico.net\/portal\/wp-json\/wp\/v2\/posts\/71426","targetHints":{"allow":["GET"]}}],"collection":[{"href":"http:\/\/portalcatolico.net\/portal\/wp-json\/wp\/v2\/posts"}],"about":[{"href":"http:\/\/portalcatolico.net\/portal\/wp-json\/wp\/v2\/types\/post"}],"author":[{"embeddable":true,"href":"http:\/\/portalcatolico.net\/portal\/wp-json\/wp\/v2\/users\/2"}],"replies":[{"embeddable":true,"href":"http:\/\/portalcatolico.net\/portal\/wp-json\/wp\/v2\/comments?post=71426"}],"version-history":[{"count":2,"href":"http:\/\/portalcatolico.net\/portal\/wp-json\/wp\/v2\/posts\/71426\/revisions"}],"predecessor-version":[{"id":71429,"href":"http:\/\/portalcatolico.net\/portal\/wp-json\/wp\/v2\/posts\/71426\/revisions\/71429"}],"wp:featuredmedia":[{"embeddable":true,"href":"http:\/\/portalcatolico.net\/portal\/wp-json\/wp\/v2\/media\/69129"}],"wp:attachment":[{"href":"http:\/\/portalcatolico.net\/portal\/wp-json\/wp\/v2\/media?parent=71426"}],"wp:term":[{"taxonomy":"category","embeddable":true,"href":"http:\/\/portalcatolico.net\/portal\/wp-json\/wp\/v2\/categories?post=71426"},{"taxonomy":"post_tag","embeddable":true,"href":"http:\/\/portalcatolico.net\/portal\/wp-json\/wp\/v2\/tags?post=71426"}],"curies":[{"name":"wp","href":"https:\/\/api.w.org\/{rel}","templated":true}]}}