{"id":71356,"date":"2021-02-17T11:33:38","date_gmt":"2021-02-17T14:33:38","guid":{"rendered":"http:\/\/portalcatolico.net\/portal\/?p=71356"},"modified":"2021-02-17T11:39:13","modified_gmt":"2021-02-17T14:39:13","slug":"seminarista-recebe-batina-numa-celebracao-realizada-na-diocese-de-itabuna-confira","status":"publish","type":"post","link":"http:\/\/portalcatolico.net\/portal\/seminarista-recebe-batina-numa-celebracao-realizada-na-diocese-de-itabuna-confira\/","title":{"rendered":"Seminarista recebe batina numa celebra\u00e7\u00e3o realizada na Diocese de Itabuna. Confira!"},"content":{"rendered":"<p style=\"font-weight: 400;\">Nesta ter\u00e7a-feira (16), aconteceu a cerim\u00f4nia de&nbsp; b\u00ean\u00e7\u00e3o e recep\u00e7\u00e3o de batina. Pedro Paz recebeu a batina das m\u00e3os do seu p\u00e1roco, na matriz de Nossa Senhora de F\u00e1tima, situada no bairro de F\u00e1tima, na diocese e cidade de&nbsp;Itabuna, no sul da Bahia. A celebra\u00e7\u00e3o foi presidida pelo vig\u00e1rio geral da diocese de Itabuna, Pe. Nicolau Klak. A concelebra\u00e7\u00e3o foi feita pelo reitor do semin\u00e1rio&nbsp;proped\u00eautico, o Pe. Adriano Fernandes, juntamente com os sacerdotes rec\u00e9m- ordenados&nbsp;padres: Diego Americano e Ubiratan Tib\u00farcio. Participaram da santa missa,&nbsp;seminaristas, vocacionados, al\u00e9m dos familiares e amigos.&nbsp;&nbsp;<\/p>\n<p style=\"font-weight: 400;\">Para garantir a seguran\u00e7a dos fi\u00e9is, a par\u00f3quia Nossa&nbsp;Senhora de F\u00e1tima adotou todos os protocolos determinados&nbsp;pela Organiza\u00e7\u00e3o Mundial de Sa\u00fade: disponibilizou&nbsp;&nbsp;dispensers com \u00e1lcool em gel&nbsp;70%, imp\u00f4s a obrigatoriedade do uso de m\u00e1scaras, e colocou sinaliza\u00e7\u00e3o para o&nbsp;distanciamento social.&nbsp;<\/p>\n<p style=\"font-weight: 400;\">A Pastoral da Comunica\u00e7\u00e3o (Pascom), disponibilizou as imagens ao vivo&nbsp;pelas m\u00eddias sociais da par\u00f3quia, devido \u00e0s restri\u00e7\u00f5es da pandemia do coronav\u00edrus.&nbsp;&nbsp;<\/p>\n<p style=\"font-weight: 400;\">Neste link,&nbsp;<a href=\"https:\/\/www.youtube.com\/c\/Par%C3%B3quiaNossaSenhoradeF%C3%A1timaItabunaBahia\/featured\">https:\/\/www.youtube.com\/c\/Par%C3%B3quiaNossaSenhoradeF%C3%A1timaItabunaBahia\/featured<\/a>, voc\u00ea acompanha a homilia do Padre Adriano que falou sobre o significado da b\u00ean\u00e7\u00e3o da Batina e incentivou o seminarista Pedro&nbsp;Paz aos estudos. Na oportunidade, ele pediu aos fieis que rezem pelo jovem seminarista, que aproveitou para agradecer aos pais, aos padres e ao bispo diocesano dom&nbsp;Carlos Alberto dos Santos.&nbsp;&nbsp;<\/p>\n<p style=\"font-weight: 400;\">A equipe deste Portal deseja boa sorte ao seminarista Pedro Paz!&nbsp;<\/p>\n<p>Confira o \u00e1lbuns de fotos <a href=\"https:\/\/www.facebook.com\/portalcatolicooficial\"><strong>AQUI<\/strong><\/a><\/p>\n","protected":false},"excerpt":{"rendered":"<p>Nesta ter\u00e7a-feira (16), aconteceu a cerim\u00f4nia de&nbsp; b\u00ean\u00e7\u00e3o e recep\u00e7\u00e3o de batina. Pedro Paz recebeu a batina das m\u00e3os do seu p\u00e1roco, na matriz de Nossa Senhora de F\u00e1tima, situada no bairro de F\u00e1tima, na diocese e cidade de&nbsp;Itabuna, no sul da Bahia. A celebra\u00e7\u00e3o foi presidida pelo vig\u00e1rio geral da diocese de Itabuna, Pe.&nbsp;<\/p>\n<p><a class=\"btn btn-style\" href=\"http:\/\/portalcatolico.net\/portal\/seminarista-recebe-batina-numa-celebracao-realizada-na-diocese-de-itabuna-confira\/\">Continue Reading<\/a><\/p>\n","protected":false},"author":2,"featured_media":71357,"comment_status":"open","ping_status":"open","sticky":false,"template":"","format":"standard","meta":{"footnotes":""},"categories":[68],"tags":[],"class_list":["post-71356","post","type-post","status-publish","format-standard","has-post-thumbnail","hentry","category-homilias"],"_links":{"self":[{"href":"http:\/\/portalcatolico.net\/portal\/wp-json\/wp\/v2\/posts\/71356","targetHints":{"allow":["GET"]}}],"collection":[{"href":"http:\/\/portalcatolico.net\/portal\/wp-json\/wp\/v2\/posts"}],"about":[{"href":"http:\/\/portalcatolico.net\/portal\/wp-json\/wp\/v2\/types\/post"}],"author":[{"embeddable":true,"href":"http:\/\/portalcatolico.net\/portal\/wp-json\/wp\/v2\/users\/2"}],"replies":[{"embeddable":true,"href":"http:\/\/portalcatolico.net\/portal\/wp-json\/wp\/v2\/comments?post=71356"}],"version-history":[{"count":4,"href":"http:\/\/portalcatolico.net\/portal\/wp-json\/wp\/v2\/posts\/71356\/revisions"}],"predecessor-version":[{"id":71361,"href":"http:\/\/portalcatolico.net\/portal\/wp-json\/wp\/v2\/posts\/71356\/revisions\/71361"}],"wp:featuredmedia":[{"embeddable":true,"href":"http:\/\/portalcatolico.net\/portal\/wp-json\/wp\/v2\/media\/71357"}],"wp:attachment":[{"href":"http:\/\/portalcatolico.net\/portal\/wp-json\/wp\/v2\/media?parent=71356"}],"wp:term":[{"taxonomy":"category","embeddable":true,"href":"http:\/\/portalcatolico.net\/portal\/wp-json\/wp\/v2\/categories?post=71356"},{"taxonomy":"post_tag","embeddable":true,"href":"http:\/\/portalcatolico.net\/portal\/wp-json\/wp\/v2\/tags?post=71356"}],"curies":[{"name":"wp","href":"https:\/\/api.w.org\/{rel}","templated":true}]}}