{"id":71346,"date":"2021-02-15T20:20:59","date_gmt":"2021-02-15T23:20:59","guid":{"rendered":"http:\/\/portalcatolico.net\/portal\/?p=71346"},"modified":"2021-02-15T20:46:12","modified_gmt":"2021-02-15T23:46:12","slug":"paroquias-e-fieis-se-preparam-para-o-inicio-da-quaresma","status":"publish","type":"post","link":"http:\/\/portalcatolico.net\/portal\/paroquias-e-fieis-se-preparam-para-o-inicio-da-quaresma\/","title":{"rendered":"Par\u00f3quias e fieis se preparam para o in\u00edcio da Quaresma!"},"content":{"rendered":"<p style=\"font-weight: 400;\">O in\u00edcio da Quaresma acontecer\u00e1 em todas as par\u00f3quias, em todo o&nbsp;continente, nesta Quarta-feira de Cinzas, dia (17\/02), dia em que a Igreja&nbsp;Cat\u00f3lica Apost\u00f3lica Romana recorda aos fi\u00e9is cat\u00f3licos, a fragilidade da&nbsp;vida humana. \u00c9 nesta Celebra\u00e7\u00e3o Eucar\u00edstica que cada pessoa recebe na&nbsp;testa, o sinal da cruz feita com cinzas. Muitas par\u00f3quias ir\u00e3o&nbsp;transmitir a celebra\u00e7\u00e3o, ao vivo, pelas redes sociais, j\u00e1 que, em virtude da pandemia,&nbsp;as Celebra\u00e7\u00f5es Eucar\u00edsticas est\u00e3o acontecendo com o n\u00famero reduzido de fi\u00e9is.<\/p>\n<p style=\"font-weight: 400;\">Par\u00f3quia Catedral de S\u00e3o Jos\u00e9, no centro da cidade, tem duas&nbsp; missas, \u00e1s 7h e \u00e1s 18h.<br \/>\nNa par\u00f3quia Santa Rita de C\u00e1ssia, localizada na rua Juarez T\u00e1vora,&nbsp;situada no bairro S\u00e3o Caetano em Itabuna (BA), os frades capuchinhos,&nbsp;presidir\u00e3o a santa Missa, em dois hor\u00e1rios: \u00e0s 6h30 e \u00e0s 19h, na Igreja&nbsp;matriz.&nbsp;N\u00e3o perca!&nbsp;<\/p>\n","protected":false},"excerpt":{"rendered":"<p>O in\u00edcio da Quaresma acontecer\u00e1 em todas as par\u00f3quias, em todo o&nbsp;continente, nesta Quarta-feira de Cinzas, dia (17\/02), dia em que a Igreja&nbsp;Cat\u00f3lica Apost\u00f3lica Romana recorda aos fi\u00e9is cat\u00f3licos, a fragilidade da&nbsp;vida humana. \u00c9 nesta Celebra\u00e7\u00e3o Eucar\u00edstica que cada pessoa recebe na&nbsp;testa, o sinal da cruz feita com cinzas. Muitas par\u00f3quias ir\u00e3o&nbsp;transmitir a celebra\u00e7\u00e3o, ao&nbsp;<\/p>\n<p><a class=\"btn btn-style\" href=\"http:\/\/portalcatolico.net\/portal\/paroquias-e-fieis-se-preparam-para-o-inicio-da-quaresma\/\">Continue Reading<\/a><\/p>\n","protected":false},"author":2,"featured_media":71347,"comment_status":"open","ping_status":"open","sticky":false,"template":"","format":"standard","meta":{"footnotes":""},"categories":[4],"tags":[],"class_list":["post-71346","post","type-post","status-publish","format-standard","has-post-thumbnail","hentry","category-destaques"],"_links":{"self":[{"href":"http:\/\/portalcatolico.net\/portal\/wp-json\/wp\/v2\/posts\/71346","targetHints":{"allow":["GET"]}}],"collection":[{"href":"http:\/\/portalcatolico.net\/portal\/wp-json\/wp\/v2\/posts"}],"about":[{"href":"http:\/\/portalcatolico.net\/portal\/wp-json\/wp\/v2\/types\/post"}],"author":[{"embeddable":true,"href":"http:\/\/portalcatolico.net\/portal\/wp-json\/wp\/v2\/users\/2"}],"replies":[{"embeddable":true,"href":"http:\/\/portalcatolico.net\/portal\/wp-json\/wp\/v2\/comments?post=71346"}],"version-history":[{"count":1,"href":"http:\/\/portalcatolico.net\/portal\/wp-json\/wp\/v2\/posts\/71346\/revisions"}],"predecessor-version":[{"id":71348,"href":"http:\/\/portalcatolico.net\/portal\/wp-json\/wp\/v2\/posts\/71346\/revisions\/71348"}],"wp:featuredmedia":[{"embeddable":true,"href":"http:\/\/portalcatolico.net\/portal\/wp-json\/wp\/v2\/media\/71347"}],"wp:attachment":[{"href":"http:\/\/portalcatolico.net\/portal\/wp-json\/wp\/v2\/media?parent=71346"}],"wp:term":[{"taxonomy":"category","embeddable":true,"href":"http:\/\/portalcatolico.net\/portal\/wp-json\/wp\/v2\/categories?post=71346"},{"taxonomy":"post_tag","embeddable":true,"href":"http:\/\/portalcatolico.net\/portal\/wp-json\/wp\/v2\/tags?post=71346"}],"curies":[{"name":"wp","href":"https:\/\/api.w.org\/{rel}","templated":true}]}}