{"id":71344,"date":"2021-02-13T00:00:19","date_gmt":"2021-02-13T03:00:19","guid":{"rendered":"http:\/\/portalcatolico.net\/portal\/?p=71344"},"modified":"2021-02-14T21:04:40","modified_gmt":"2021-02-15T00:04:40","slug":"um-seculo-de-missao-e-fe","status":"publish","type":"post","link":"http:\/\/portalcatolico.net\/portal\/um-seculo-de-missao-e-fe\/","title":{"rendered":"Um s\u00e9culo de miss\u00e3o e f\u00e9"},"content":{"rendered":"<p>A jovem Igreja, Arquidiocese de Belo Horizonte, celebra um s\u00e9culo de miss\u00e3o e f\u00e9. O ciclo de uma promissora hist\u00f3ria mission\u00e1ria foi iniciado pelo gesto can\u00f4nico e zelo apost\u00f3lico do Papa Bento XV. Tamb\u00e9m por meio da labuta pastoral e clarivid\u00eancia de Dom Silv\u00e9rio Gomes Pimenta, ent\u00e3o arcebispo metropolitano de Mariana &#8211; a Igreja primeira de Minas Gerais. \u00c0 nova capital mineira, pouco antes de seu jubileu de prata de inaugura\u00e7\u00e3o, deu-se o louro de ser sede de um grande projeto de evangeliza\u00e7\u00e3o, desdobrado, fecundado e frutificado no desenrolar desse primeiro s\u00e9culo de sua hist\u00f3ria. Era o dia 11 de fevereiro de 1921 quando a ent\u00e3o Diocese de Belo Horizonte foi criada e, agora, chegou o momento de celebrar a caminhada centen\u00e1ria: do cora\u00e7\u00e3o de Minas Gerais, de sua capital, 100 anos da concep\u00e7\u00e3o de uma etapa nova para um tempo novo. Uma trajet\u00f3ria que prossegue edificada sobre os alicerces de li\u00e7\u00f5es preciosas &#8211; em heran\u00e7as e testemunhos -, a partir de alegrias jubilares e jubilosas. Um s\u00e9culo de miss\u00e3o e de f\u00e9, repleto do compromisso com a vida, de se proclamar a Palavra de Deus, o Evangelho de Jesus, ao lado dos pobres, caminhando com eles, em di\u00e1logo aberto com todos.<\/p>\n<p>A Arquidiocese de Belo Horizonte, pioneiramente presente no mundo da educa\u00e7\u00e3o, da arte e da cultura, da defesa do meio ambiente, protagonista na comunica\u00e7\u00e3o, em interface com os segmentos construtores da sociedade da paz e da solidariedade. Uma hist\u00f3ria bem iniciada &#8211; tudo que come\u00e7a bem, mesmo entre percal\u00e7os e desafios, avan\u00e7a para o bem. Por isso mesmo, rever\u00eancia aos alicerces lan\u00e7ados por gigantes na f\u00e9 e no pastoreio. A pedra fundamental veio com Dom Ant\u00f4nio dos Santos Cabral, primeiro arcebispo, que contemplou horizontes belos e inspiradores. Esses horizontes foram fecundados pelo pastoreio sapiencial de Dom Jo\u00e3o Resende Costa, segundo arcebispo, que firmou as ra\u00edzes da Arquidiocese de Belo Horizonte na m\u00edstica de uma espiritualidade-fonte. Avan\u00e7os extraordin\u00e1rios vieram com o corajoso pastoreio do Cardeal Dom Serafim Fernandes de Ara\u00fajo &#8211; conquistas pastorais e na gest\u00e3o para confirmar uma Igreja Povo de Deus, construindo a esperan\u00e7a, enriquecida pelo destemor dos caminhos entre grandes viradas civilizat\u00f3rias e culturais, na convic\u00e7\u00e3o de que proclamar a palavra de Deus \u00e9 o fermento da hist\u00f3ria e dos avan\u00e7os que sempre devem ser buscados.<\/p>\n<p>O legado dessas d\u00e9cadas responsabiliza, contribui e inspira os servidores oper\u00e1rios da contemporaneidade, encharcando-os de gratid\u00e3o e de paix\u00e3o pelo Reino de Deus &#8211; desdobradas em servi\u00e7os para gerar solidariedades e, assim, edificar um mundo de mais justi\u00e7a, fraternidade e paz. Essa paix\u00e3o de servidores consagrados, dedicados \u00e0 bela miss\u00e3o de se estar a servi\u00e7o do Evangelho, defendendo a vida, em todas as suas etapas, des\u00e1gua no oceano da beleza encantadora da f\u00e9 que une o Povo de Deus. A f\u00e9, que est\u00e1 nas bases da cultura desse povo, constitui uma identidade mission\u00e1ria que exala a alegria de pertencer a uma crescente rede de comunidades, em par\u00f3quias e fam\u00edlias &#8211; cada casa \u00e9 lugar do amor de Deus.<\/p>\n<p>Clara \u00e9 a consci\u00eancia de que o servi\u00e7o prestado constitui gota d\u2019\u00e1gua no mar de necessidades e de urg\u00eancias para que, efetivamente, seja constru\u00edda a cultura da paz, selado o cora\u00e7\u00e3o humano com as marcas do Evangelho. A celebra\u00e7\u00e3o do ano jubilar, com abertura neste 11 de fevereiro, \u00e9 programa\u00e7\u00e3o, acima de tudo, marcada por uma espiritualidade m\u00edstica, desdobrada em ardor mission\u00e1rio, compaix\u00e3o misericordiosa, di\u00e1logo permanente, an\u00fancio corajoso e sapiencial para firmar os alicerces do ciclo novo que se abre, como broto de esperan\u00e7a, luz que permite enxergar horizontes. A programa\u00e7\u00e3o envolve os segmentos da Arquidiocese de Belo Horizonte e a sociedade civil. Um tempo a ser vivido em profunda comunh\u00e3o com o Papa Francisco, com homens e mulheres de toda a Igreja Cat\u00f3lica, mundo afora, desafiados a promover uma grande rea\u00e7\u00e3o mission\u00e1ria, para multiplicar gestos de solidariedade, presen\u00e7a do Reino de Deus na humanidade.<\/p>\n<p>Edifica-se, no cora\u00e7\u00e3o da Arquidiocese de Belo Horizonte, jovem Igreja de cem anos, impulsos e inspira\u00e7\u00f5es para conquistar, com galhardia, um novo centen\u00e1rio, cumprindo, amorosamente, a obedi\u00eancia inegoci\u00e1vel ao mandato de seu Senhor e Mestre: \u201cIde para fazer disc\u00edpulos\u201d. As celebra\u00e7\u00f5es, os momentos de espiritualidade, os eventos culturais e pastorais, a coragem prof\u00e9tica de gestos e projetos na efetiva\u00e7\u00e3o do cuidado social, a partir do n\u00facleo insubstitu\u00edvel da f\u00e9 crist\u00e3 cat\u00f3lica, s\u00e3o alavancas para qualificar o patrim\u00f4nio evangelizador, mission\u00e1rio e sociocultural. Todos esses acontecimentos ajudam a convencer o mundo da for\u00e7a do amor de Deus, fazendo com que muitos se abram a este amor.<\/p>\n<p>A jovem Igreja da Arquidiocese de Belo Horizonte, com ares e tra\u00e7os de amadurecida, consciente de sua tarefa e de suas possibilidades, convida cada pessoa para participar da festa jubilar. Essa participa\u00e7\u00e3o ilumina a consci\u00eancia de se pertencer a um \u201ccorpo\u201d, ao qual se deve sempre amar, prezar e cuidar. Zelo assumido por todos, reconhecendo que a vida deve ser dedicada \u00e0 constru\u00e7\u00e3o dos alicerces que sustentem um novo s\u00e9culo de miss\u00e3o, com a ben\u00e7\u00e3o de Deus, a prote\u00e7\u00e3o de Nossa Senhora da Piedade, Padroeira de Minas Gerais, e o patroc\u00ednio de S\u00e3o Jos\u00e9. Adiante, rumo ao novo tempo, na constru\u00e7\u00e3o dos pr\u00f3ximos 100 anos de servi\u00e7os ao povo de Deus nos alicerces da f\u00e9.<\/p>\n<p>&nbsp;<\/p>\n<p>Dom Walmor Oliveira de Azevedo<\/p>\n<p>Arcebispo metropolitano de Belo Horizonte(MG)<\/p>\n<p>Presidente da Confer\u00eancia Nacional dos Bispos do Brasil (CNBB)<\/p>\n","protected":false},"excerpt":{"rendered":"<p>A jovem Igreja, Arquidiocese de Belo Horizonte, celebra um s\u00e9culo de miss\u00e3o e f\u00e9. O ciclo de uma promissora hist\u00f3ria mission\u00e1ria foi iniciado pelo gesto can\u00f4nico e zelo apost\u00f3lico do Papa Bento XV. Tamb\u00e9m por meio da labuta pastoral e clarivid\u00eancia de Dom Silv\u00e9rio Gomes Pimenta, ent\u00e3o arcebispo metropolitano de Mariana &#8211; a Igreja primeira&nbsp;<\/p>\n<p><a class=\"btn btn-style\" href=\"http:\/\/portalcatolico.net\/portal\/um-seculo-de-missao-e-fe\/\">Continue Reading<\/a><\/p>\n","protected":false},"author":2,"featured_media":64330,"comment_status":"closed","ping_status":"closed","sticky":false,"template":"","format":"standard","meta":{"footnotes":""},"categories":[69],"tags":[],"class_list":["post-71344","post","type-post","status-publish","format-standard","has-post-thumbnail","hentry","category-artigos"],"_links":{"self":[{"href":"http:\/\/portalcatolico.net\/portal\/wp-json\/wp\/v2\/posts\/71344","targetHints":{"allow":["GET"]}}],"collection":[{"href":"http:\/\/portalcatolico.net\/portal\/wp-json\/wp\/v2\/posts"}],"about":[{"href":"http:\/\/portalcatolico.net\/portal\/wp-json\/wp\/v2\/types\/post"}],"author":[{"embeddable":true,"href":"http:\/\/portalcatolico.net\/portal\/wp-json\/wp\/v2\/users\/2"}],"replies":[{"embeddable":true,"href":"http:\/\/portalcatolico.net\/portal\/wp-json\/wp\/v2\/comments?post=71344"}],"version-history":[{"count":1,"href":"http:\/\/portalcatolico.net\/portal\/wp-json\/wp\/v2\/posts\/71344\/revisions"}],"predecessor-version":[{"id":71345,"href":"http:\/\/portalcatolico.net\/portal\/wp-json\/wp\/v2\/posts\/71344\/revisions\/71345"}],"wp:featuredmedia":[{"embeddable":true,"href":"http:\/\/portalcatolico.net\/portal\/wp-json\/wp\/v2\/media\/64330"}],"wp:attachment":[{"href":"http:\/\/portalcatolico.net\/portal\/wp-json\/wp\/v2\/media?parent=71344"}],"wp:term":[{"taxonomy":"category","embeddable":true,"href":"http:\/\/portalcatolico.net\/portal\/wp-json\/wp\/v2\/categories?post=71344"},{"taxonomy":"post_tag","embeddable":true,"href":"http:\/\/portalcatolico.net\/portal\/wp-json\/wp\/v2\/tags?post=71344"}],"curies":[{"name":"wp","href":"https:\/\/api.w.org\/{rel}","templated":true}]}}