{"id":71341,"date":"2021-02-13T20:15:20","date_gmt":"2021-02-13T23:15:20","guid":{"rendered":"http:\/\/portalcatolico.net\/portal\/?p=71341"},"modified":"2021-02-14T20:16:01","modified_gmt":"2021-02-14T23:16:01","slug":"ha-16-anos-faleceu-irma-lucia-de-jesus-uma-das-videntes-de-fatima","status":"publish","type":"post","link":"http:\/\/portalcatolico.net\/portal\/ha-16-anos-faleceu-irma-lucia-de-jesus-uma-das-videntes-de-fatima\/","title":{"rendered":"H\u00e1 16 anos faleceu Irm\u00e3 L\u00facia de Jesus, uma das videntes de F\u00e1tima"},"content":{"rendered":"<p>Neste dia 13 de fevereiro, faz 16 anos do falecimento de uma das videntes de Nossa Senhora de F\u00e1tima, a Serva de Deus Irm\u00e3 Maria L\u00facia de Jesus e do Cora\u00e7\u00e3o Imaculado, mais conhecida apenas como Ir. L\u00facia.<\/p>\n<p>L\u00facia Rosa dos Santos nasceu em Aljustrel, no dia 28 de mar\u00e7o de 1907, e foi batizada dois dias depois. Em suas &#8216;Mem\u00f3rias&#8217;, relata que em 1915 teve pela primeira vez vis\u00f5es de uma esp\u00e9cie de nuvem, com forma humana, por tr\u00eas ocasi\u00f5es diferentes, quando estava com outras amigas.<\/p>\n<p>A partir do ano seguinte, L\u00facia e seus primos, os Santos Francisco e Jacinta Marto, receberam as manifesta\u00e7\u00f5es do Anjo de Portugal.<\/p>\n<p>Em 13 de maio de 1917, apareceu aos tr\u00eas pastorinhos a&nbsp;Virgem Maria&nbsp;e, a partir de ent\u00e3o, a&nbsp;vida&nbsp;deles se transformou completamente.&nbsp; As crian\u00e7as acolheram o apelo de Nossa Senhora, passaram a recitar diariamente o ter\u00e7o, fazer sacrif\u00edcios pelos pecadores e, durante seis meses, sempre no dia 13, comparecem ao local onde a Virgem lhes aparecia.<\/p>\n<p>Al\u00e9m disso, L\u00facia, Francisco e Jacinta passaram a ser constantemente interrogados sobre o que viram e acusados de mentirem e inventarem os acontecimentos. Mas, nada disso desanimou a f\u00e9 daquelas crian\u00e7as, que seguiram firmes no amor a Deus e \u00e0 Nossa Senhora.<\/p>\n<p>Ap\u00f3s a \u00faltima apari\u00e7\u00e3o em 13 de outubro de 1917, L\u00facia se recolheu no Asilo de Vilar, a conselho do Bispo de Leiria, Dom Jos\u00e9 Alves Correia da Silva, come\u00e7ando assim uma vida retirada do mundo.<\/p>\n<p>Em 5 de janeiro de 1922, escreveu o primeiro relato das apari\u00e7\u00f5es e, em 8 de julho de 1924, respondeu, no Porto, ao interrogat\u00f3rio oficial da Comiss\u00e3o Can\u00f4nica Diocesana nomeada por Dom Jos\u00e9 Alves Correia da Silva, sobre os acontecimentos de F\u00e1tima.<\/p>\n<p>Posteriormente, em 1925, L\u00facia ingressou na Congrega\u00e7\u00e3o de Santa Doroteia, na Espanha, onde se deram as apari\u00e7\u00f5es de Tuy e Pontevedra, as apari\u00e7\u00f5es da Sant\u00edssima Trindade, de Nossa Senhora e do Menino Jesus.<\/p>\n<p>Desejando uma vida de maior recolhimento para responder \u00e0 mensagem que a Senhora lhe tinha confiado, entrou no Carmelo de Coimbra, em 1948, onde se entregou mais profundamente \u00e0 ora\u00e7\u00e3o e ao sacrif\u00edcio e tomou o nome de Irm\u00e3 Maria L\u00facia de Jesus e do Cora\u00e7\u00e3o Imaculado.<\/p>\n<p>Foi neste Carmelo que Irm\u00e3 L\u00facia faleceu em 13 de fevereiro de 2005. Atualmente, seus restos mortais se encontram sepultados na Bas\u00edlica de Nossa Senhora do Ros\u00e1rio, no Santu\u00e1rio de F\u00e1tima, desde o dia 19 de fevereiro de 2006.<\/p>\n<p>Tr\u00eas anos ap\u00f3s a morte de Ir. L\u00facia, em 3 de fevereiro de 2008, o Cardeal Jos\u00e9 Saraiva Martins, ent\u00e3o prefeito da Congrega\u00e7\u00e3o para as Causas dos Santos, anunciou, no Carmelo de Coimbra, que o&nbsp;Papa Bento XVI&nbsp;tinha aceitado os pedidos do bispo de Coimbra, Dom Albino Cleto, e de numerosos fi\u00e9is em todo o mundo, para que fosse dispensado o per\u00edodo can\u00f4nico de espera de cinco anos para abertura do processo de beatifica\u00e7\u00e3o da vidente, autorizando a sua antecipa\u00e7\u00e3o.<\/p>\n<p>A fase diocesana do processo foi aberta por Dom Albino Cleto, em 30 de abril de 2008, e a sua conclus\u00e3o foi anunciada em 13 de janeiro de 2017. A sess\u00e3o solene de encerramento do processo decorreu a 13 de fevereiro de 2017, nove anos depois do seu in\u00edcio e 12 anos ap\u00f3s a morte da vidente.<\/p>\n<p>Agora, o processo de canoniza\u00e7\u00e3o de Irm\u00e3 L\u00facia se encontra na compet\u00eancia direta da Santa S\u00e9 e do Papa.(ACI)<\/p>\n<p>Ir. L\u00facia de Jesus. Foto: Facebook Santu\u00e1rio de F\u00e1tima<\/p>\n","protected":false},"excerpt":{"rendered":"<p>Neste dia 13 de fevereiro, faz 16 anos do falecimento de uma das videntes de Nossa Senhora de F\u00e1tima, a Serva de Deus Irm\u00e3 Maria L\u00facia de Jesus e do Cora\u00e7\u00e3o Imaculado, mais conhecida apenas como Ir. L\u00facia. L\u00facia Rosa dos Santos nasceu em Aljustrel, no dia 28 de mar\u00e7o de 1907, e foi batizada&nbsp;<\/p>\n<p><a class=\"btn btn-style\" href=\"http:\/\/portalcatolico.net\/portal\/ha-16-anos-faleceu-irma-lucia-de-jesus-uma-das-videntes-de-fatima\/\">Continue Reading<\/a><\/p>\n","protected":false},"author":2,"featured_media":71342,"comment_status":"open","ping_status":"open","sticky":false,"template":"","format":"standard","meta":{"footnotes":""},"categories":[5],"tags":[],"class_list":["post-71341","post","type-post","status-publish","format-standard","has-post-thumbnail","hentry","category-igreja_no_mundo"],"_links":{"self":[{"href":"http:\/\/portalcatolico.net\/portal\/wp-json\/wp\/v2\/posts\/71341","targetHints":{"allow":["GET"]}}],"collection":[{"href":"http:\/\/portalcatolico.net\/portal\/wp-json\/wp\/v2\/posts"}],"about":[{"href":"http:\/\/portalcatolico.net\/portal\/wp-json\/wp\/v2\/types\/post"}],"author":[{"embeddable":true,"href":"http:\/\/portalcatolico.net\/portal\/wp-json\/wp\/v2\/users\/2"}],"replies":[{"embeddable":true,"href":"http:\/\/portalcatolico.net\/portal\/wp-json\/wp\/v2\/comments?post=71341"}],"version-history":[{"count":1,"href":"http:\/\/portalcatolico.net\/portal\/wp-json\/wp\/v2\/posts\/71341\/revisions"}],"predecessor-version":[{"id":71343,"href":"http:\/\/portalcatolico.net\/portal\/wp-json\/wp\/v2\/posts\/71341\/revisions\/71343"}],"wp:featuredmedia":[{"embeddable":true,"href":"http:\/\/portalcatolico.net\/portal\/wp-json\/wp\/v2\/media\/71342"}],"wp:attachment":[{"href":"http:\/\/portalcatolico.net\/portal\/wp-json\/wp\/v2\/media?parent=71341"}],"wp:term":[{"taxonomy":"category","embeddable":true,"href":"http:\/\/portalcatolico.net\/portal\/wp-json\/wp\/v2\/categories?post=71341"},{"taxonomy":"post_tag","embeddable":true,"href":"http:\/\/portalcatolico.net\/portal\/wp-json\/wp\/v2\/tags?post=71341"}],"curies":[{"name":"wp","href":"https:\/\/api.w.org\/{rel}","templated":true}]}}