{"id":71338,"date":"2021-02-14T20:09:22","date_gmt":"2021-02-14T23:09:22","guid":{"rendered":"http:\/\/portalcatolico.net\/portal\/?p=71338"},"modified":"2021-02-14T20:10:43","modified_gmt":"2021-02-14T23:10:43","slug":"quaresma-tempo-de-fe-e-esperanca-para-viver-a-crise-afirma-o-papa","status":"publish","type":"post","link":"http:\/\/portalcatolico.net\/portal\/quaresma-tempo-de-fe-e-esperanca-para-viver-a-crise-afirma-o-papa\/","title":{"rendered":"Quaresma: tempo de f\u00e9 e esperan\u00e7a para viver a crise, afirma o Papa"},"content":{"rendered":"<p>Na quarta-feira de cinzas, o Papa n\u00e3o realizar\u00e1 a Audi\u00eancia Geral de todas as semanas para presidir \u00e0 santa missa com o Rito da b\u00ean\u00e7\u00e3o e imposi\u00e7\u00e3o das Cinzas no Altar da C\u00e1tedra, na Bas\u00edlica de S\u00e3o Pedro.<\/p>\n<p>Ao se despedir dos fi\u00e9is na Pra\u00e7a S\u00e3o Pedro, o Papa Francisco recordou que na pr\u00f3xima quarta-feira tem in\u00edcio a Quaresma.<\/p>\n<p>\u201cSer\u00e1 um tempo favor\u00e1vel para dar um sentido de f\u00e9 e de esperan\u00e7a para a crise que estamos vivendo.\u201d<\/p>\n<p>O Pont\u00edfice concluiu recordando as tr\u00eas palavras que fazem entender o estilo de Deus. \u201cN\u00e3o se esque\u00e7am: proximidade, compaix\u00e3o e ternura\u201d, convidando os fi\u00e9is a repetirem com ele estas tr\u00eas palavras.<br \/>\nTransmiss\u00e3o ao vivo<br \/>\nNa quarta-feira de cinzas, o Papa n\u00e3o realizar\u00e1 a Audi\u00eancia Geral de todas as semanas para presidir \u00e0 santa missa com o Rito da b\u00ean\u00e7\u00e3o e imposi\u00e7\u00e3o das Cinzas no Altar da C\u00e1tedra, na Bas\u00edlica de S\u00e3o Pedro.<br \/>\nA R\u00e1dio Vaticano\/Vatican News transmitir\u00e1 o evento ao vivo, com coment\u00e1rios em portugu\u00eas, a partir das 9h30 locais (05h30 no hor\u00e1rio de Bras\u00edlia).(Vatican News)<\/p>\n","protected":false},"excerpt":{"rendered":"<p>Na quarta-feira de cinzas, o Papa n\u00e3o realizar\u00e1 a Audi\u00eancia Geral de todas as semanas para presidir \u00e0 santa missa com o Rito da b\u00ean\u00e7\u00e3o e imposi\u00e7\u00e3o das Cinzas no Altar da C\u00e1tedra, na Bas\u00edlica de S\u00e3o Pedro. Ao se despedir dos fi\u00e9is na Pra\u00e7a S\u00e3o Pedro, o Papa Francisco recordou que na pr\u00f3xima quarta-feira&nbsp;<\/p>\n<p><a class=\"btn btn-style\" href=\"http:\/\/portalcatolico.net\/portal\/quaresma-tempo-de-fe-e-esperanca-para-viver-a-crise-afirma-o-papa\/\">Continue Reading<\/a><\/p>\n","protected":false},"author":2,"featured_media":71339,"comment_status":"open","ping_status":"open","sticky":false,"template":"","format":"standard","meta":{"footnotes":""},"categories":[5],"tags":[],"class_list":["post-71338","post","type-post","status-publish","format-standard","has-post-thumbnail","hentry","category-igreja_no_mundo"],"_links":{"self":[{"href":"http:\/\/portalcatolico.net\/portal\/wp-json\/wp\/v2\/posts\/71338","targetHints":{"allow":["GET"]}}],"collection":[{"href":"http:\/\/portalcatolico.net\/portal\/wp-json\/wp\/v2\/posts"}],"about":[{"href":"http:\/\/portalcatolico.net\/portal\/wp-json\/wp\/v2\/types\/post"}],"author":[{"embeddable":true,"href":"http:\/\/portalcatolico.net\/portal\/wp-json\/wp\/v2\/users\/2"}],"replies":[{"embeddable":true,"href":"http:\/\/portalcatolico.net\/portal\/wp-json\/wp\/v2\/comments?post=71338"}],"version-history":[{"count":1,"href":"http:\/\/portalcatolico.net\/portal\/wp-json\/wp\/v2\/posts\/71338\/revisions"}],"predecessor-version":[{"id":71340,"href":"http:\/\/portalcatolico.net\/portal\/wp-json\/wp\/v2\/posts\/71338\/revisions\/71340"}],"wp:featuredmedia":[{"embeddable":true,"href":"http:\/\/portalcatolico.net\/portal\/wp-json\/wp\/v2\/media\/71339"}],"wp:attachment":[{"href":"http:\/\/portalcatolico.net\/portal\/wp-json\/wp\/v2\/media?parent=71338"}],"wp:term":[{"taxonomy":"category","embeddable":true,"href":"http:\/\/portalcatolico.net\/portal\/wp-json\/wp\/v2\/categories?post=71338"},{"taxonomy":"post_tag","embeddable":true,"href":"http:\/\/portalcatolico.net\/portal\/wp-json\/wp\/v2\/tags?post=71338"}],"curies":[{"name":"wp","href":"https:\/\/api.w.org\/{rel}","templated":true}]}}