{"id":71323,"date":"2021-02-11T00:53:26","date_gmt":"2021-02-11T03:53:26","guid":{"rendered":"http:\/\/portalcatolico.net\/portal\/?p=71323"},"modified":"2021-02-10T20:55:44","modified_gmt":"2021-02-10T23:55:44","slug":"pascom-da-diocese-de-eunapolis-divulga-programacao-do-modulo-ii-da-escola-de-formacao-continuada","status":"publish","type":"post","link":"http:\/\/portalcatolico.net\/portal\/pascom-da-diocese-de-eunapolis-divulga-programacao-do-modulo-ii-da-escola-de-formacao-continuada\/","title":{"rendered":"Pascom da diocese de Eun\u00e1polis divulga programa\u00e7\u00e3o do  M\u00f3dulo II da Escola de Forma\u00e7\u00e3o Continuada"},"content":{"rendered":"<p style=\"font-weight: 400;\">A Pastoral da Comunica\u00e7\u00e3o (Pascom) da diocese de Eun\u00e1polis ir\u00e1 reunir tr\u00eas grandes nomes e experi\u00eancias da Pascom, nacional, do Regional Nordeste III e do sub-regional Nordeste III, em um s\u00f3 momento: no M\u00f3dulo II da Escola de Forma\u00e7\u00e3o Continuada, que acontecer\u00e1 nos dias 27 e 28 de fevereiro, a partir das 15h. O evento vai ser transmitido no canal do Youtube da Diocese de Eun\u00e1polis e no site da Pascom diocesana.<br \/>\nNesse m\u00f3dulo, ser\u00e1 dada a continua\u00e7\u00e3o os estudos do Diret\u00f3rio da Comunica\u00e7\u00e3o da Igreja Cat\u00f3lica no Brasil, com as seguintes forma\u00e7\u00f5es:<br \/>\nDia 27\/02, \u00e0s 15h \u2013 Forma\u00e7\u00e3o com o tema &#8220;Comunica\u00e7\u00e3o e Viv\u00eancia da f\u00e9&#8221;, apresentada pelo&nbsp;coordenador geral da Pascom n\u00edvel Brasil, Marcus Tullius.<br \/>\nEm seguida, \u00e0s 16h, tem a segunda forma\u00e7\u00e3o, com o tema: &#8220;\u00c9tica e Comunica\u00e7\u00e3o&#8221;, apresentada pelo Coordenador da Pascom no Regional Nordeste III, Mirrail Menezes.<br \/>\nNo dia 28\/02, \u00e0s 15h, acontece a oficina sobre &#8220;A\u00e7\u00f5es pr\u00e1ticas para uma boa transmiss\u00e3o&#8221;, apresentada pelo Coordenador da Pascom no sub-regional Nordeste III, Tiago Souza.<\/p>\n<p>Acompanhe a programa\u00e7\u00e3o neste link:&nbsp;<a href=\"http:\/\/www.eunapascom.com\/2021\/02\/ii-escola-de-formacao-continuada-pascom.html\">http:\/\/www.eunapascom.com\/2021\/02\/ii-escola-de-formacao-continuada-pascom.html<\/a>.&nbsp;<\/p>\n<p style=\"font-weight: 400;\">Participe deste momento de forma\u00e7\u00e3o, comunh\u00e3o e&nbsp;partilha da f\u00e9 em Jesus.<br \/>\nA nossa equipe deste Portal de Not\u00edcias parabeniza os membros da Pascom por esta linda iniciativa de incentivo e de evangeliza\u00e7\u00e3o.<br \/>\nInforma\u00e7\u00f5es: Pascom de Eun\u00e1polis&nbsp;&nbsp;<\/p>\n<p style=\"font-weight: 400;\">Edi\u00e7\u00e3o de texto:&nbsp;Reda\u00e7\u00e3o\/Portalcatolico.Net&nbsp;<\/p>\n","protected":false},"excerpt":{"rendered":"<p>A Pastoral da Comunica\u00e7\u00e3o (Pascom) da diocese de Eun\u00e1polis ir\u00e1 reunir tr\u00eas grandes nomes e experi\u00eancias da Pascom, nacional, do Regional Nordeste III e do sub-regional Nordeste III, em um s\u00f3 momento: no M\u00f3dulo II da Escola de Forma\u00e7\u00e3o Continuada, que acontecer\u00e1 nos dias 27 e 28 de fevereiro, a partir das 15h. O evento&nbsp;<\/p>\n<p><a class=\"btn btn-style\" href=\"http:\/\/portalcatolico.net\/portal\/pascom-da-diocese-de-eunapolis-divulga-programacao-do-modulo-ii-da-escola-de-formacao-continuada\/\">Continue Reading<\/a><\/p>\n","protected":false},"author":2,"featured_media":71324,"comment_status":"open","ping_status":"open","sticky":false,"template":"","format":"standard","meta":{"footnotes":""},"categories":[1],"tags":[],"class_list":["post-71323","post","type-post","status-publish","format-standard","has-post-thumbnail","hentry","category-agenda"],"_links":{"self":[{"href":"http:\/\/portalcatolico.net\/portal\/wp-json\/wp\/v2\/posts\/71323","targetHints":{"allow":["GET"]}}],"collection":[{"href":"http:\/\/portalcatolico.net\/portal\/wp-json\/wp\/v2\/posts"}],"about":[{"href":"http:\/\/portalcatolico.net\/portal\/wp-json\/wp\/v2\/types\/post"}],"author":[{"embeddable":true,"href":"http:\/\/portalcatolico.net\/portal\/wp-json\/wp\/v2\/users\/2"}],"replies":[{"embeddable":true,"href":"http:\/\/portalcatolico.net\/portal\/wp-json\/wp\/v2\/comments?post=71323"}],"version-history":[{"count":2,"href":"http:\/\/portalcatolico.net\/portal\/wp-json\/wp\/v2\/posts\/71323\/revisions"}],"predecessor-version":[{"id":71327,"href":"http:\/\/portalcatolico.net\/portal\/wp-json\/wp\/v2\/posts\/71323\/revisions\/71327"}],"wp:featuredmedia":[{"embeddable":true,"href":"http:\/\/portalcatolico.net\/portal\/wp-json\/wp\/v2\/media\/71324"}],"wp:attachment":[{"href":"http:\/\/portalcatolico.net\/portal\/wp-json\/wp\/v2\/media?parent=71323"}],"wp:term":[{"taxonomy":"category","embeddable":true,"href":"http:\/\/portalcatolico.net\/portal\/wp-json\/wp\/v2\/categories?post=71323"},{"taxonomy":"post_tag","embeddable":true,"href":"http:\/\/portalcatolico.net\/portal\/wp-json\/wp\/v2\/tags?post=71323"}],"curies":[{"name":"wp","href":"https:\/\/api.w.org\/{rel}","templated":true}]}}