{"id":71136,"date":"2021-01-14T21:42:00","date_gmt":"2021-01-15T00:42:00","guid":{"rendered":"http:\/\/portalcatolico.net\/portal\/?p=71136"},"modified":"2021-01-14T21:42:00","modified_gmt":"2021-01-15T00:42:00","slug":"por-que-devemos-confiar-que-maria-esta-ao-nosso-lado","status":"publish","type":"post","link":"http:\/\/portalcatolico.net\/portal\/por-que-devemos-confiar-que-maria-esta-ao-nosso-lado\/","title":{"rendered":"Por que devemos confiar que Maria est\u00e1 ao nosso lado"},"content":{"rendered":"<p class=\"subtitle\">Ela est\u00e1 aos p\u00e9s da minha vida, sustentando-me, acariciando-me em meus medos, levantando-me em minhas fraquezas.<\/p>\n<p>Estamos consagrados como filhos, como irm\u00e3os, em uma mesma terra. Deus nos torna sagrados, terra sagrada, rocha santa. \u201cP\u00f5e-me como um selo sobre o teu cora\u00e7\u00e3o, como um selo sobre os teus bra\u00e7os; porque o amor \u00e9 forte como a morte, a paix\u00e3o \u00e9 violenta como o cheol. Suas centelhas s\u00e3o centelhas de fogo, uma chama divina. As torrentes n\u00e3o poderiam extinguir o amor, nem os rios o poderiam submergir\u201d (C\u00e2ntico dos C\u00e2nticos 8, 6-7).<\/p>\n<p>N\u00f3s simplesmente nos deixamos transformar por esse Deus que se humilha, e por Maria, que nos carrega em seus bra\u00e7os. Somos barro, p\u00f3, terra. Somos pequenos, fr\u00e1geis, necessitados.<\/p>\n<p><strong>Nova alian\u00e7a<\/strong><\/p>\n<p>Maria esteve no nosso mundo e o transformou em terra nova. A alian\u00e7a renovada anos depois \u00e9 a repeti\u00e7\u00e3o do \u201csim\u201d de Maria em nossa vida. Ela volta a pisar minha terra, volta a tocar a minha vida. \u00c9 o passo que damos, a porta aberta, o olhar que espera, a alegria valente de quem se entrega com confian\u00e7a.<\/p>\n<p>Maria se ajoelha diante da minha vida esperando o meu \u201csim\u201d. Fico impressionado ao ver esta atitude sua, aguardando, esperando. Impacta-me ver seu rosto fixo, contemplando minha pobreza. Ela me espera.<\/p>\n<p>Seu olhar me cativa. Ela est\u00e1 rezando por mim. Tem seu cora\u00e7\u00e3o aberto, esperando esse cora\u00e7\u00e3o que lhe entrego timidamente. Meu \u201csim\u201d, suspenso no ar em um momento de liberdade. O \u201csim\u201d fr\u00e1gil que claudica, o \u201csim\u201d forte no sil\u00eancio. O \u201csim\u201d sussurrado sem palavras ou expressado com voz potente.<\/p>\n<p><strong>Maria espera o nosso \u201csim\u201d<\/strong><\/p>\n<p>Maria espera, firme, com os olhos cheios de ternura, cheios de l\u00e1grimas. Ela est\u00e1 aos p\u00e9s da minha vida, sustentando-me, acariciando-me em meus medos, levantando-me em minhas fraquezas. Maria se ajoelha porque \u00e9 menina, \u00e9 m\u00e3e, porque respeita a minha alma sagrada e sabe o que vale o meu \u201csim\u201d fr\u00e1gil e \u00e0s vezes pouco convencido, meu \u201csim\u201d, livre.<\/p>\n<p>Ela se comove ao me ver hesitar, ao me ver lutar, ao ver meus medos, ao observar meus sonhos. Sabe quem sou eu. Conhece-me no mais profundo, desde sempre, desde que me abra\u00e7ou no meu Batismo, desde que acompanhou minhas quedas de crian\u00e7a e se alegrou com meus \u00eaxitos do caminho, desde que fui sonhado por Deus.Conhece meus medos mais aut\u00eanticos, minhas limita\u00e7\u00f5es e minha for\u00e7a interior. Ela se comove com minhas conquistas, com esses talentos que me lan\u00e7am \u00e0 vida. Com essas fraquezas que me fazem trope\u00e7ar e cair. Alegra-se ao ver o que existe em meu interior, a pureza que eu n\u00e3o vejo, a fortaleza que me parece inexistente, a nobreza que nem eu valorizo tanto.<\/p>\n<p><strong>Ela compreende<\/strong><\/p>\n<p>\u00c9 surpreendente o amor com que olha para mim. Como se gostasse de tudo o que h\u00e1 em mim, mesmo que nem eu goste do que vejo.<\/p>\n<p>Ela compreende esse medo que tenho de falhar, de n\u00e3o estar \u00e0 altura, de n\u00e3o responder \u00e0s expectativas. \u00c9 t\u00e3o f\u00e1cil cair e deixar-nos levar pela vida!<\/p>\n<p>Maria sabe que tenho medo de que tudo se complique, de me encher de compromissos e obriga\u00e7\u00f5es que talvez n\u00e3o seja capaz de cumprir. Sabe que temo escandalizar os outros ou n\u00e3o chegar ao topo das montanhas com as quais sonho.(Aleteia)<\/p>\n<p>\u00c9 por isso que Ela espera de joelhos, aguarda paciente.<\/p>\n","protected":false},"excerpt":{"rendered":"<p>Ela est\u00e1 aos p\u00e9s da minha vida, sustentando-me, acariciando-me em meus medos, levantando-me em minhas fraquezas. Estamos consagrados como filhos, como irm\u00e3os, em uma mesma terra. Deus nos torna sagrados, terra sagrada, rocha santa. \u201cP\u00f5e-me como um selo sobre o teu cora\u00e7\u00e3o, como um selo sobre os teus bra\u00e7os; porque o amor \u00e9 forte como&nbsp;<\/p>\n<p><a class=\"btn btn-style\" href=\"http:\/\/portalcatolico.net\/portal\/por-que-devemos-confiar-que-maria-esta-ao-nosso-lado\/\">Continue Reading<\/a><\/p>\n","protected":false},"author":2,"featured_media":71137,"comment_status":"open","ping_status":"open","sticky":false,"template":"","format":"standard","meta":{"footnotes":""},"categories":[69],"tags":[],"class_list":["post-71136","post","type-post","status-publish","format-standard","has-post-thumbnail","hentry","category-artigos"],"_links":{"self":[{"href":"http:\/\/portalcatolico.net\/portal\/wp-json\/wp\/v2\/posts\/71136","targetHints":{"allow":["GET"]}}],"collection":[{"href":"http:\/\/portalcatolico.net\/portal\/wp-json\/wp\/v2\/posts"}],"about":[{"href":"http:\/\/portalcatolico.net\/portal\/wp-json\/wp\/v2\/types\/post"}],"author":[{"embeddable":true,"href":"http:\/\/portalcatolico.net\/portal\/wp-json\/wp\/v2\/users\/2"}],"replies":[{"embeddable":true,"href":"http:\/\/portalcatolico.net\/portal\/wp-json\/wp\/v2\/comments?post=71136"}],"version-history":[{"count":1,"href":"http:\/\/portalcatolico.net\/portal\/wp-json\/wp\/v2\/posts\/71136\/revisions"}],"predecessor-version":[{"id":71138,"href":"http:\/\/portalcatolico.net\/portal\/wp-json\/wp\/v2\/posts\/71136\/revisions\/71138"}],"wp:featuredmedia":[{"embeddable":true,"href":"http:\/\/portalcatolico.net\/portal\/wp-json\/wp\/v2\/media\/71137"}],"wp:attachment":[{"href":"http:\/\/portalcatolico.net\/portal\/wp-json\/wp\/v2\/media?parent=71136"}],"wp:term":[{"taxonomy":"category","embeddable":true,"href":"http:\/\/portalcatolico.net\/portal\/wp-json\/wp\/v2\/categories?post=71136"},{"taxonomy":"post_tag","embeddable":true,"href":"http:\/\/portalcatolico.net\/portal\/wp-json\/wp\/v2\/tags?post=71136"}],"curies":[{"name":"wp","href":"https:\/\/api.w.org\/{rel}","templated":true}]}}