{"id":71133,"date":"2021-01-14T21:14:53","date_gmt":"2021-01-15T00:14:53","guid":{"rendered":"http:\/\/portalcatolico.net\/portal\/?p=71133"},"modified":"2021-01-14T21:14:53","modified_gmt":"2021-01-15T00:14:53","slug":"papa-francisco-e-bento-xvi-recebem-vacina-contra-covid-19","status":"publish","type":"post","link":"http:\/\/portalcatolico.net\/portal\/papa-francisco-e-bento-xvi-recebem-vacina-contra-covid-19\/","title":{"rendered":"Papa Francisco e Bento XVI recebem vacina contra Covid-19"},"content":{"rendered":"<p><em>Francisco na entrevista televisiva de domingo anunciou que tomaria a vacina esta semana. O Papa em\u00e9rito foi vacinado esta manh\u00e3.<\/em><\/p>\n<p>Prossegue a campanha de vacina\u00e7\u00e3o contra a Covid-19, no Vaticano, iniciada na manh\u00e3 desta quarta-feira, 13 de janeiro, ap\u00f3s a chegada do soro. Tanto o Papa Francisco quanto o Papa em\u00e9rito Bento XVI j\u00e1 receberam a primeira dose da vacina.<\/p>\n<p>\u201cPosso confirmar que como parte do programa de vacina\u00e7\u00e3o do Estado da Cidade do Vaticano\u201d, disse o diretor da Sala de Imprensa da Santa S\u00e9, Matteo Bruni, respondendo \u00e0s perguntas dos jornalistas, \u201cat\u00e9 hoje a primeira dose da vacina para a Covid-19 foi administrada ao Papa Francisco e ao Papa em\u00e9rito\u201d.<\/p>\n<p>Francisco havia anunciado durante a entrevista ao Tg5 que seria vacinado esta semana, enquanto o secret\u00e1rio particular de Bento XVI, dom Georg Gaenswein, tinha confirmado que o Papa em\u00e9rito tamb\u00e9m seria vacinado.<\/p>\n<p>Recorda-se que na entrevista o Papa Francisco definiu a vacina\u00e7\u00e3o \u201cuma a\u00e7\u00e3o \u00e9tica, porque est\u00e1 em risco a sua sa\u00fade, a sua vida, mas tamb\u00e9m a vida dos outros\u201d.<\/p>\n<p>Com informa\u00e7\u00f5es e foto do Vatican News<\/p>\n","protected":false},"excerpt":{"rendered":"<p>Francisco na entrevista televisiva de domingo anunciou que tomaria a vacina esta semana. O Papa em\u00e9rito foi vacinado esta manh\u00e3. Prossegue a campanha de vacina\u00e7\u00e3o contra a Covid-19, no Vaticano, iniciada na manh\u00e3 desta quarta-feira, 13 de janeiro, ap\u00f3s a chegada do soro. Tanto o Papa Francisco quanto o Papa em\u00e9rito Bento XVI j\u00e1 receberam&nbsp;<\/p>\n<p><a class=\"btn btn-style\" href=\"http:\/\/portalcatolico.net\/portal\/papa-francisco-e-bento-xvi-recebem-vacina-contra-covid-19\/\">Continue Reading<\/a><\/p>\n","protected":false},"author":2,"featured_media":71134,"comment_status":"open","ping_status":"open","sticky":false,"template":"","format":"standard","meta":{"footnotes":""},"categories":[5],"tags":[],"class_list":["post-71133","post","type-post","status-publish","format-standard","has-post-thumbnail","hentry","category-igreja_no_mundo"],"_links":{"self":[{"href":"http:\/\/portalcatolico.net\/portal\/wp-json\/wp\/v2\/posts\/71133","targetHints":{"allow":["GET"]}}],"collection":[{"href":"http:\/\/portalcatolico.net\/portal\/wp-json\/wp\/v2\/posts"}],"about":[{"href":"http:\/\/portalcatolico.net\/portal\/wp-json\/wp\/v2\/types\/post"}],"author":[{"embeddable":true,"href":"http:\/\/portalcatolico.net\/portal\/wp-json\/wp\/v2\/users\/2"}],"replies":[{"embeddable":true,"href":"http:\/\/portalcatolico.net\/portal\/wp-json\/wp\/v2\/comments?post=71133"}],"version-history":[{"count":1,"href":"http:\/\/portalcatolico.net\/portal\/wp-json\/wp\/v2\/posts\/71133\/revisions"}],"predecessor-version":[{"id":71135,"href":"http:\/\/portalcatolico.net\/portal\/wp-json\/wp\/v2\/posts\/71133\/revisions\/71135"}],"wp:featuredmedia":[{"embeddable":true,"href":"http:\/\/portalcatolico.net\/portal\/wp-json\/wp\/v2\/media\/71134"}],"wp:attachment":[{"href":"http:\/\/portalcatolico.net\/portal\/wp-json\/wp\/v2\/media?parent=71133"}],"wp:term":[{"taxonomy":"category","embeddable":true,"href":"http:\/\/portalcatolico.net\/portal\/wp-json\/wp\/v2\/categories?post=71133"},{"taxonomy":"post_tag","embeddable":true,"href":"http:\/\/portalcatolico.net\/portal\/wp-json\/wp\/v2\/tags?post=71133"}],"curies":[{"name":"wp","href":"https:\/\/api.w.org\/{rel}","templated":true}]}}