{"id":71130,"date":"2021-01-14T21:02:08","date_gmt":"2021-01-15T00:02:08","guid":{"rendered":"http:\/\/portalcatolico.net\/portal\/?p=71130"},"modified":"2021-01-14T21:02:08","modified_gmt":"2021-01-15T00:02:08","slug":"no-mundo-340-milhoes-de-cristaos-perseguidos-covid-agrava-discriminacoes","status":"publish","type":"post","link":"http:\/\/portalcatolico.net\/portal\/no-mundo-340-milhoes-de-cristaos-perseguidos-covid-agrava-discriminacoes\/","title":{"rendered":"No mundo 340 milh\u00f5es de crist\u00e3os perseguidos. Covid agrava discrimina\u00e7\u00f5es"},"content":{"rendered":"<div class=\"article__subTitle\">Situa\u00e7\u00e3o dram\u00e1tica apresentada pelo relat\u00f3rio anual da ONG &#8220;Open Doors&#8221; sobre as persegui\u00e7\u00f5es dos crist\u00e3os. Em 2020, aumentou o n\u00famero de fi\u00e9is mortos pela f\u00e9 (4.761) assim como as restri\u00e7\u00f5es \u00e0 liberdade religiosa. &#8220;Os crist\u00e3os pedem para n\u00e3o serem esquecidos na ora\u00e7\u00e3o e pela diplomacia internacional&#8221;, afirma o diretor da ONG.<\/div>\n<div>&nbsp;<\/div>\n<div>H\u00e1 mais de 340 milh\u00f5es de crist\u00e3os no mundo, cerca de um em cada oito, que sofrem um alto n\u00edvel de persegui\u00e7\u00e3o e discrimina\u00e7\u00e3o, um fen\u00f4meno que para 309 milh\u00f5es desses fi\u00e9is se torna at\u00e9 &#8220;extremo&#8221; em 50 pa\u00edses. Esta \u00e9 a den\u00fancia do relat\u00f3rio anual da ONG&nbsp;<i>Open Doors<\/i>&nbsp;apresentado na quarta-feira (13) em Roma.<\/div>\n<div>\n<p><b>O contexto da pandemia<\/b><\/p>\n<p>O trabalho da equipe de pesquisadores da&nbsp;<i>Open Doors<\/i>, empenhada em monitorar a situa\u00e7\u00e3o dos crist\u00e3os em 100 na\u00e7\u00f5es ao redor do mundo, revelou um agravamento substancial das situa\u00e7\u00f5es de vulnerabilidade de crist\u00e3os individuais e comunidades de crentes expostos \u00e0 persegui\u00e7\u00e3o, devido \u00e0 pandemia da Covid-19 que criou um contexto pretextual para novas restri\u00e7\u00f5es \u00e0 liberdade religiosa e fomentou a agilidade de grupos fundamentalistas e criminosos.<\/p>\n<p><b>Aumentam as mortes de crist\u00e3os<\/b><\/p>\n<p>O documento afirma claramente que &#8220;a persegui\u00e7\u00e3o anti-crist\u00e3 est\u00e1 crescendo em termos absolutos&#8221;. Estima-se que no \u00faltimo ano o n\u00famero de crist\u00e3os mortos foi de 4.761 (uma m\u00e9dia de 13 por dia) com um aumento de 60% e a Nig\u00e9ria juntamente com outras na\u00e7\u00f5es da \u00c1frica Subsaariana est\u00e3o entre os 10 principais pa\u00edses com mais mortes de crist\u00e3os. Os crist\u00e3os presos sem processo e encarcerados s\u00e3o 4.277 (11 a cada dia) e os crist\u00e3os sequestrados 1.710 (uma m\u00e9dia de 4 por dia). Por outro lado, houve uma diminui\u00e7\u00e3o no n\u00famero de fechamentos, ataques e destrui\u00e7\u00e3o de Igrejas e edif\u00edcios relacionados (escolas, hospitais, etc.) para um total de 4.488 casos em compara\u00e7\u00e3o com 9.488 no ano anterior.<\/p>\n<p><b>Onde ocorre as persegui\u00e7\u00f5es<\/b><\/p>\n<p>Aumenta para 12 o n\u00famero de na\u00e7\u00f5es que revelam persegui\u00e7\u00f5es que podem ser definidas como extremas. As cinco primeiras posi\u00e7\u00f5es permanecem inalteradas. Em primeiro lugar desde 2002 encontramos a Cor\u00e9ia do Norte e depois o Afeganist\u00e3o, Som\u00e1lia, L\u00edbia e Paquist\u00e3o, onde a persegui\u00e7\u00e3o se manifesta na viol\u00eancia anti-crist\u00e3, mas tamb\u00e9m na discrimina\u00e7\u00e3o nas diversas \u00e1reas da vida cotidiana dos crist\u00e3os, em repres\u00e1lia \u00e0 lei anti-blasf\u00eamia. Neste quadro complexo condicionado por persegui\u00e7\u00f5es de diferentes origens &#8211; pol\u00edtica, ideol\u00f3gica, \u00e9tnica, religiosa, nacionalista &#8211; a pandemia tem evidenciado e agravado as vulnerabilidades sociais, econ\u00f4micas e \u00e9tnicas de milh\u00f5es de crist\u00e3os no mundo. \u201c\u00c9 evidente&#8221;, continua o Relat\u00f3rio, &#8220;que se tornou um catalisador de atitudes opressivas e repressivas, muitas vezes ocultas&#8221;. O Relat\u00f3rio 2021 destaca o caso da \u00cdndia, onde mais de 100.000 crist\u00e3os receberam ajuda de parceiros da Open Doors\/Portas Abertas e 80% deles disseram aos pesquisadores da WWList que foram afastados dos centros de distribui\u00e7\u00e3o de ajuda.<\/p>\n<p><b>Aumenta a viol\u00eancia dom\u00e9stica<\/b><\/p>\n<p>A pesquisa de&nbsp;<i>Open Doors<\/i>&nbsp;tamb\u00e9m se det\u00e9m em um aspecto espec\u00edfico, o da viol\u00eancia dom\u00e9stica, que devido ao confinamento, tem crescido exponencialmente. &#8220;Muitos convertidos \u00e0 f\u00e9 crist\u00e3 ficaram isolados em casa com pessoas que hostilizavam abertamente a sua nova f\u00e9. Para milh\u00f5es de crist\u00e3os, o trabalho, a educa\u00e7\u00e3o e outros compromissos externos proporcionam al\u00edvio do controle dom\u00e9stico e\/ou agress\u00e3o, bem como abuso f\u00edsico, emocional, verbal e psicol\u00f3gico&#8221; esclarece o Relat\u00f3rio.<\/p>\n<p>O diretor da ONG Open Doors, Cristian Nani explica ao Vatican News que muitos crist\u00e3os s\u00e3o considerados \u201cos \u00faltimos da fila\u201d em muitos pa\u00edses.<\/p>\n<p><b>Os crit\u00e9rios do relat\u00f3rio<\/b><\/p>\n<p>&#8220;N\u00e3o nos referimos apenas ao grau de viol\u00eancia que as comunidades crist\u00e3s podem sofrer em pa\u00edses onde existem formas de discrimina\u00e7\u00e3o e persegui\u00e7\u00e3o&#8221;, explica o diretor, &#8220;mas aprofundamos o tema do ponto de vista dos v\u00e1rios aspectos da vida do crist\u00e3o.&nbsp; Estes s\u00e3o a vida privada, isto \u00e9, a rela\u00e7\u00e3o \u00edntima com a f\u00e9; a vida familiar e como viver a f\u00e9 dentro dela; depois h\u00e1 a vida comunit\u00e1ria ou civil e consequentemente tamb\u00e9m o mundo do trabalho; e obviamente a vida nacional, isto \u00e9, que tipo de leis podem discriminar uma minoria crist\u00e3 e finalmente a vida da Igreja, isto \u00e9, a possibilidade de que a comunidade de crist\u00e3os possa sofrer formas de restri\u00e7\u00e3o \u00e0s atividades religiosas&#8221;.<\/p>\n<p><b>As matrizes da persegui\u00e7\u00e3o<\/b><\/p>\n<p>O diretor Nani ent\u00e3o apresenta as &#8220;nove matrizes&#8221; que s\u00e3o as causas das persegui\u00e7\u00e3o: a isl\u00e2mica; nacionalismo religioso; antagonismo \u00e9tnico; opress\u00e3o tribal entendida como cl\u00e3 e fam\u00edlia; fen\u00f4meno que se estende em muitos pa\u00edses africanos; protecionismo denominacional, ou seja, quando uma denomina\u00e7\u00e3o crist\u00e3 oprime outra; tamb\u00e9m opress\u00e3o comunista e p\u00f3s-comunista; a intoler\u00e2ncia secular que se espalha em pa\u00edses tecnicamente mais livres como os Ocidentais; paranoia ditatorial; e por fim o crime organizado em pa\u00edses como Col\u00f4mbia ou M\u00e9xico.<\/p>\n<p><b>Tend\u00eancias emergentes<\/b><\/p>\n<p>Al\u00e9m das consequ\u00eancias da Covid, algumas tend\u00eancias surgiram em 2020, destacadas pelo pr\u00f3prio diretor Nani: &#8220;Aumentaram a violenta milit\u00e2ncia isl\u00e2mica na \u00c1frica assim como as restri\u00e7\u00f5es e a vigil\u00e2ncia das comunidades crist\u00e3s por parte dos governos mais autorit\u00e1rios. Outra tend\u00eancia \u00e9 o nacionalismo baseado em uma filia\u00e7\u00e3o religiosa majorit\u00e1ria que est\u00e1 crescendo em algumas na\u00e7\u00f5es como Turquia ou \u00cdndia; por fim a Covid que tem favorecido a consolida\u00e7\u00e3o de grupos criminosos como os narcos no M\u00e9xico e na Col\u00f4mbia que s\u00e3o uma fonte de persegui\u00e7\u00e3o contra os crist\u00e3os&#8221;.<\/p>\n<p><b>Crist\u00e3os, recurso para a sociedade<\/b><\/p>\n<p>Neste contexto, o diretor falou do sofrimento dos crist\u00e3os de todas as confiss\u00f5es &#8220;que pedem para n\u00e3o serem esquecidos, tamb\u00e9m em termos de ora\u00e7\u00e3o&#8221;. &#8220;No n\u00edvel das rela\u00e7\u00f5es entre pa\u00edses, somos chamados &#8211; acrescenta o diretor &#8211; a levar em conta o estado de sa\u00fade da liberdade religiosa\u201d. Concluindo, Cristian Nani destaca o fato de que, &#8220;embora a f\u00e9 seja um fator de vulnerabilidade, ela tamb\u00e9m \u00e9 um elemento na resolu\u00e7\u00e3o de conflitos devastadores ou \u00eaxodos, porque as igrejas locais e os trabalhadores crist\u00e3os podem ser um recurso fundamental para trazer esperan\u00e7a e estabilidade&#8221;.<\/p>\n<\/div>\n<div class=\"title__separator\"><b>Por: Marco Guerra\/Vatican News<\/b><\/div>\n","protected":false},"excerpt":{"rendered":"<p>Situa\u00e7\u00e3o dram\u00e1tica apresentada pelo relat\u00f3rio anual da ONG &#8220;Open Doors&#8221; sobre as persegui\u00e7\u00f5es dos crist\u00e3os. Em 2020, aumentou o n\u00famero de fi\u00e9is mortos pela f\u00e9 (4.761) assim como as restri\u00e7\u00f5es \u00e0 liberdade religiosa. &#8220;Os crist\u00e3os pedem para n\u00e3o serem esquecidos na ora\u00e7\u00e3o e pela diplomacia internacional&#8221;, afirma o diretor da ONG. &nbsp; H\u00e1 mais de&nbsp;<\/p>\n<p><a class=\"btn btn-style\" href=\"http:\/\/portalcatolico.net\/portal\/no-mundo-340-milhoes-de-cristaos-perseguidos-covid-agrava-discriminacoes\/\">Continue Reading<\/a><\/p>\n","protected":false},"author":2,"featured_media":71131,"comment_status":"open","ping_status":"open","sticky":false,"template":"","format":"standard","meta":{"footnotes":""},"categories":[5],"tags":[],"class_list":["post-71130","post","type-post","status-publish","format-standard","has-post-thumbnail","hentry","category-igreja_no_mundo"],"_links":{"self":[{"href":"http:\/\/portalcatolico.net\/portal\/wp-json\/wp\/v2\/posts\/71130","targetHints":{"allow":["GET"]}}],"collection":[{"href":"http:\/\/portalcatolico.net\/portal\/wp-json\/wp\/v2\/posts"}],"about":[{"href":"http:\/\/portalcatolico.net\/portal\/wp-json\/wp\/v2\/types\/post"}],"author":[{"embeddable":true,"href":"http:\/\/portalcatolico.net\/portal\/wp-json\/wp\/v2\/users\/2"}],"replies":[{"embeddable":true,"href":"http:\/\/portalcatolico.net\/portal\/wp-json\/wp\/v2\/comments?post=71130"}],"version-history":[{"count":1,"href":"http:\/\/portalcatolico.net\/portal\/wp-json\/wp\/v2\/posts\/71130\/revisions"}],"predecessor-version":[{"id":71132,"href":"http:\/\/portalcatolico.net\/portal\/wp-json\/wp\/v2\/posts\/71130\/revisions\/71132"}],"wp:featuredmedia":[{"embeddable":true,"href":"http:\/\/portalcatolico.net\/portal\/wp-json\/wp\/v2\/media\/71131"}],"wp:attachment":[{"href":"http:\/\/portalcatolico.net\/portal\/wp-json\/wp\/v2\/media?parent=71130"}],"wp:term":[{"taxonomy":"category","embeddable":true,"href":"http:\/\/portalcatolico.net\/portal\/wp-json\/wp\/v2\/categories?post=71130"},{"taxonomy":"post_tag","embeddable":true,"href":"http:\/\/portalcatolico.net\/portal\/wp-json\/wp\/v2\/tags?post=71130"}],"curies":[{"name":"wp","href":"https:\/\/api.w.org\/{rel}","templated":true}]}}