{"id":71121,"date":"2021-01-13T19:49:29","date_gmt":"2021-01-13T22:49:29","guid":{"rendered":"http:\/\/portalcatolico.net\/portal\/?p=71121"},"modified":"2021-01-13T19:49:46","modified_gmt":"2021-01-13T22:49:46","slug":"vem-ai-o-novenario-e-festa-em-honra-a-santa-ines","status":"publish","type":"post","link":"http:\/\/portalcatolico.net\/portal\/vem-ai-o-novenario-e-festa-em-honra-a-santa-ines\/","title":{"rendered":"Vem a\u00ed, o Noven\u00e1rio e Festa em honra \u00e0 Santa In\u00eas!"},"content":{"rendered":"<p>A par\u00f3quia Santa In\u00eas, da cidade e diocese de Itabuna&nbsp;(BA), convida a todos para participarem da novena e festa em honra \u00e0 padroeira do bairro Santa In\u00eas. O noven\u00e1rio ocorrer\u00e1 entre os dias 15 a 23\/01, com in\u00edcio sempre \u00e0s 19h, de segunda \u00e0&nbsp;s\u00e1bado, e \u00e0s 18h aos domingos. O noven\u00e1rio \u00e9 em prepara\u00e7\u00e3o para a festa que encerrar\u00e1 o per\u00edodo com uma bel\u00edssima solenidade no dia 24\/01, \u00e0s 18h, seguida de&nbsp;carreata.&nbsp;<\/p>\n<p>O tema central da festa: &#8221; Eis-me aqui&#8221;.&nbsp;<\/p>\n<p>Por conta da pandemia do coronav\u00edrus,&nbsp;a Pascom (Pastoral da Comunica\u00e7\u00e3o), far\u00e1 a transmiss\u00e3o das celebra\u00e7\u00f5es, todas as noites, atrav\u00e9s das redes sociais da par\u00f3quia.<br \/>\nConfira a programa\u00e7\u00e3o completa da festa, no cartaz. Participe!<b>&nbsp;<\/b><\/p>\n<p><img loading=\"lazy\" decoding=\"async\" class=\"alignnone wp-image-71122\" src=\"http:\/\/portalcatolico.net\/portal\/wp-content\/uploads\/2021\/01\/c1c46e05-b429-4448-8c63-c8ea0d68c4bb-212x300.jpg\" alt=\"\" width=\"813\" height=\"1150\" srcset=\"http:\/\/portalcatolico.net\/portal\/wp-content\/uploads\/2021\/01\/c1c46e05-b429-4448-8c63-c8ea0d68c4bb-212x300.jpg 212w, http:\/\/portalcatolico.net\/portal\/wp-content\/uploads\/2021\/01\/c1c46e05-b429-4448-8c63-c8ea0d68c4bb-768x1087.jpg 768w, http:\/\/portalcatolico.net\/portal\/wp-content\/uploads\/2021\/01\/c1c46e05-b429-4448-8c63-c8ea0d68c4bb-723x1024.jpg 723w, http:\/\/portalcatolico.net\/portal\/wp-content\/uploads\/2021\/01\/c1c46e05-b429-4448-8c63-c8ea0d68c4bb.jpg 904w\" sizes=\"auto, (max-width: 813px) 100vw, 813px\" \/><\/p>\n","protected":false},"excerpt":{"rendered":"<p>A par\u00f3quia Santa In\u00eas, da cidade e diocese de Itabuna&nbsp;(BA), convida a todos para participarem da novena e festa em honra \u00e0 padroeira do bairro Santa In\u00eas. O noven\u00e1rio ocorrer\u00e1 entre os dias 15 a 23\/01, com in\u00edcio sempre \u00e0s 19h, de segunda \u00e0&nbsp;s\u00e1bado, e \u00e0s 18h aos domingos. O noven\u00e1rio \u00e9 em prepara\u00e7\u00e3o para&nbsp;<\/p>\n<p><a class=\"btn btn-style\" href=\"http:\/\/portalcatolico.net\/portal\/vem-ai-o-novenario-e-festa-em-honra-a-santa-ines\/\">Continue Reading<\/a><\/p>\n","protected":false},"author":2,"featured_media":71124,"comment_status":"open","ping_status":"open","sticky":false,"template":"","format":"standard","meta":{"footnotes":""},"categories":[2],"tags":[],"class_list":["post-71121","post","type-post","status-publish","format-standard","has-post-thumbnail","hentry","category-eventos"],"_links":{"self":[{"href":"http:\/\/portalcatolico.net\/portal\/wp-json\/wp\/v2\/posts\/71121","targetHints":{"allow":["GET"]}}],"collection":[{"href":"http:\/\/portalcatolico.net\/portal\/wp-json\/wp\/v2\/posts"}],"about":[{"href":"http:\/\/portalcatolico.net\/portal\/wp-json\/wp\/v2\/types\/post"}],"author":[{"embeddable":true,"href":"http:\/\/portalcatolico.net\/portal\/wp-json\/wp\/v2\/users\/2"}],"replies":[{"embeddable":true,"href":"http:\/\/portalcatolico.net\/portal\/wp-json\/wp\/v2\/comments?post=71121"}],"version-history":[{"count":1,"href":"http:\/\/portalcatolico.net\/portal\/wp-json\/wp\/v2\/posts\/71121\/revisions"}],"predecessor-version":[{"id":71125,"href":"http:\/\/portalcatolico.net\/portal\/wp-json\/wp\/v2\/posts\/71121\/revisions\/71125"}],"wp:featuredmedia":[{"embeddable":true,"href":"http:\/\/portalcatolico.net\/portal\/wp-json\/wp\/v2\/media\/71124"}],"wp:attachment":[{"href":"http:\/\/portalcatolico.net\/portal\/wp-json\/wp\/v2\/media?parent=71121"}],"wp:term":[{"taxonomy":"category","embeddable":true,"href":"http:\/\/portalcatolico.net\/portal\/wp-json\/wp\/v2\/categories?post=71121"},{"taxonomy":"post_tag","embeddable":true,"href":"http:\/\/portalcatolico.net\/portal\/wp-json\/wp\/v2\/tags?post=71121"}],"curies":[{"name":"wp","href":"https:\/\/api.w.org\/{rel}","templated":true}]}}