{"id":70977,"date":"2020-12-29T19:03:17","date_gmt":"2020-12-29T22:03:17","guid":{"rendered":"http:\/\/portalcatolico.net\/portal\/?p=70977"},"modified":"2020-12-29T19:03:17","modified_gmt":"2020-12-29T22:03:17","slug":"igreja-na-polonia-2020-foi-o-ano-do-centenario-de-nascimento-de-sao-joao-paulo-ii","status":"publish","type":"post","link":"http:\/\/portalcatolico.net\/portal\/igreja-na-polonia-2020-foi-o-ano-do-centenario-de-nascimento-de-sao-joao-paulo-ii\/","title":{"rendered":"Igreja na Pol\u00f4nia: 2020 foi o ano do centen\u00e1rio de nascimento de S\u00e3o Jo\u00e3o Paulo II"},"content":{"rendered":"<div class=\"article__subTitle\">As celebra\u00e7\u00f5es tiveram in\u00edcio com uma Santa Missa presidida pelo Papa Francisco em 18 de maio no t\u00famulo do Papa polon\u00eas na Bas\u00edlica de S\u00e3o Pedro, seguida da que foi celebrada em 15 de junho na Bas\u00edlica da Apresenta\u00e7\u00e3o da Bem-Aventurada Virgem Maria, em Wadowice, pelo presidente da Confer\u00eancia Episcopal Polonesa, junto com representantes do episcopado. Em sua homilia, dom Stanis\u0142aw G\u0105decki reiterou que S\u00e3o Jo\u00e3o Paulo II foi &#8220;um grande presente de Deus para a Pol\u00f4nia, para a Europa, para o mundo e para a Igreja&#8221;<\/div>\n<div class=\"title__separator\">&nbsp;<\/div>\n<div class=\"article__text \">\n<p>O porta-voz da Confer\u00eancia Episcopal Polonesa, padre Leszek G\u0119siak SJ, falou e passou em resenha, no site do Episcopado, os principais eventos eclesi\u00e1sticos do ano que est\u00e1 chegando ao fim, colocando no centro o centen\u00e1rio do nascimento de S\u00e3o Jo\u00e3o Paulo II, que foi celebrado de forma menos solene do que o esperado devido \u00e0 propaga\u00e7\u00e3o da pandemia do coronav\u00edrus.<\/p>\n<p><strong>S\u00e3o Jo\u00e3o Paulo II, &#8220;um grande presente de Deus\u201d<\/strong><\/p>\n<p>Entre as celebra\u00e7\u00f5es a ele dedicadas, que come\u00e7aram com uma Santa Missa presidida pelo Papa Francisco em 18 de maio no t\u00famulo do Papa polon\u00eas na Bas\u00edlica de S\u00e3o Pedro, no Vaticano, o sacerdote mencionou a que foi celebrada em 15 de junho na Bas\u00edlica da Apresenta\u00e7\u00e3o da Bem-Aventurada Virgem Maria, em Wadowice, pelo presidente da Confer\u00eancia Episcopal Polonesa, dom Stanis\u0142aw G\u0105decki, junto com representantes do episcopado.<\/p>\n<p>Em sua homilia, o presidente dos bispos poloneses reiterou que S\u00e3o Jo\u00e3o Paulo II foi &#8220;um grande presente de Deus para a Pol\u00f4nia, para a Europa, para o mundo e para a Igreja&#8221;.<\/p>\n<p><strong>Pandemia levou ao cancelamento de muitos eventos<\/strong><\/p>\n<p>Muitos eventos, planejados para 2020, foram adiados ou cancelados devido \u00e0 propaga\u00e7\u00e3o da Covid-19, como a beatifica\u00e7\u00e3o do primaz Wyszy\u0144ski, e in\u00fameras foram as iniciativas de ora\u00e7\u00e3o e ajuda lan\u00e7adas nas dioceses em favor das pessoas afetados pelo coronav\u00edrus.<\/p>\n<p>Durante a primeira onda da Covid-19, os presidentes do Episcopado e outros prelados rezaram o Ter\u00e7o todos os dias, \u00e0s 20h30, pelo fim da pandemia, para m\u00e9dicos, agentes de sa\u00fade, volunt\u00e1rios, doentes e suas fam\u00edlias, enfatizou o porta-voz dos bispos.<\/p>\n<p><strong>Exemplo de leigos e religiosas a servi\u00e7o dos mais necessitados<\/strong><\/p>\n<p>De 7 a 16 de dezembro, houve tamb\u00e9m uma Novena dedicada a Santo Andr\u00e9 Bobola, para pedir a Deus, por sua intercess\u00e3o, que pusesse fim a esta pandemia que causou o sofrimento e a morte de tantas pessoas na Pol\u00f4nia e no mundo inteiro.<\/p>\n<p>Desde o in\u00edcio do coronav\u00edrus, mais de 100 mil volunt\u00e1rios leigos de dioceses e mais de 3 mil irm\u00e3s religiosas se colocaram \u00e0 disposi\u00e7\u00e3o dos mais necessitados, precisou padre G\u0119siak.<\/p>\n<p>&#8220;As atividades inclu\u00edam &#8211; e ainda incluem &#8211; n\u00e3o apenas benefic\u00eancia e ajuda psicol\u00f3gica, mas tamb\u00e9m ora\u00e7\u00e3o intensa pelo fim da pandemia, pelos doentes e pelos profissionais da sa\u00fade&#8221;, acrescentou.<\/p>\n<p><strong>Pol\u00f4nia consagrada ao Cora\u00e7\u00e3o de Jesus e a Nossa Senhora<\/strong><\/p>\n<p>Num momento dif\u00edcil da emerg\u00eancia sanit\u00e1ria, em 3 de maio, em Jasna G\u00f3ra, o presidente dos bispos confiou a Pol\u00f4nia ao Sagrado Cora\u00e7\u00e3o de Jesus e a Nossa Senhora, Rainha da Pol\u00f4nia.<\/p>\n<p>Durante o ano, os prelados sempre responderam de modo continuativo aos eventos que afetaram o pa\u00eds. Ap\u00f3s a decis\u00e3o do Tribunal Constitucional de rejeitar a lei de 1993 sobre o aborto, que previa a interrup\u00e7\u00e3o da gravidez, dentro de 12 semanas, por malforma\u00e7\u00f5es graves e irrevers\u00edveis do feto ou s\u00edndromes que amea\u00e7avam sua vida, e ap\u00f3s o in\u00edcio dos protestos sociais, reiteraram veementemente a import\u00e2ncia da vida humana, dos doentes e dos nascituros, com o &#8220;Apelo do Conselho Permanente da Confer\u00eancia Episcopal Polonesa para a prote\u00e7\u00e3o da vida e da paz social&#8221;.<\/p>\n<p>E, nos \u00faltimos dias, a equipe de especialistas em Bio\u00e9tica da Confer\u00eancia Episcopal Polonesa pronunciou-se sobre a importante quest\u00e3o das vacinas anti-Covid-19.<\/p>\n<p><strong>In\u00edcio dos processos de beatifica\u00e7\u00e3o dos pais de Jo\u00e3o Paulo II<\/strong><\/p>\n<p>Entre outras coisas, o sacerdote recordou a alegria da Igreja polonesa pela inclus\u00e3o da mem\u00f3ria de Santa Faustina Kowalska no calend\u00e1rio lit\u00fargico (18 de maio), o in\u00edcio dos processos de beatifica\u00e7\u00e3o de Em\u00edlia e Karol Wojty\u0142a, pais de S\u00e3o Jo\u00e3o Paulo II (7 de maio), o reconhecimento de um milagre por intercess\u00e3o de Madre Czacka, fundadora da Congrega\u00e7\u00e3o das Irm\u00e3s Franciscanas Servas da Cruz (28 de outubro), e o in\u00edcio do processo de beatifica\u00e7\u00e3o de Irm\u00e3 Wanda Boniszewska (9 de novembro).<\/p>\n<p>Por:Vatican News \u2013 AP\/RL<\/p>\n<\/div>\n","protected":false},"excerpt":{"rendered":"<p>As celebra\u00e7\u00f5es tiveram in\u00edcio com uma Santa Missa presidida pelo Papa Francisco em 18 de maio no t\u00famulo do Papa polon\u00eas na Bas\u00edlica de S\u00e3o Pedro, seguida da que foi celebrada em 15 de junho na Bas\u00edlica da Apresenta\u00e7\u00e3o da Bem-Aventurada Virgem Maria, em Wadowice, pelo presidente da Confer\u00eancia Episcopal Polonesa, junto com representantes do&nbsp;<\/p>\n<p><a class=\"btn btn-style\" href=\"http:\/\/portalcatolico.net\/portal\/igreja-na-polonia-2020-foi-o-ano-do-centenario-de-nascimento-de-sao-joao-paulo-ii\/\">Continue Reading<\/a><\/p>\n","protected":false},"author":2,"featured_media":70978,"comment_status":"open","ping_status":"open","sticky":false,"template":"","format":"standard","meta":{"footnotes":""},"categories":[5],"tags":[],"class_list":["post-70977","post","type-post","status-publish","format-standard","has-post-thumbnail","hentry","category-igreja_no_mundo"],"_links":{"self":[{"href":"http:\/\/portalcatolico.net\/portal\/wp-json\/wp\/v2\/posts\/70977","targetHints":{"allow":["GET"]}}],"collection":[{"href":"http:\/\/portalcatolico.net\/portal\/wp-json\/wp\/v2\/posts"}],"about":[{"href":"http:\/\/portalcatolico.net\/portal\/wp-json\/wp\/v2\/types\/post"}],"author":[{"embeddable":true,"href":"http:\/\/portalcatolico.net\/portal\/wp-json\/wp\/v2\/users\/2"}],"replies":[{"embeddable":true,"href":"http:\/\/portalcatolico.net\/portal\/wp-json\/wp\/v2\/comments?post=70977"}],"version-history":[{"count":1,"href":"http:\/\/portalcatolico.net\/portal\/wp-json\/wp\/v2\/posts\/70977\/revisions"}],"predecessor-version":[{"id":70979,"href":"http:\/\/portalcatolico.net\/portal\/wp-json\/wp\/v2\/posts\/70977\/revisions\/70979"}],"wp:featuredmedia":[{"embeddable":true,"href":"http:\/\/portalcatolico.net\/portal\/wp-json\/wp\/v2\/media\/70978"}],"wp:attachment":[{"href":"http:\/\/portalcatolico.net\/portal\/wp-json\/wp\/v2\/media?parent=70977"}],"wp:term":[{"taxonomy":"category","embeddable":true,"href":"http:\/\/portalcatolico.net\/portal\/wp-json\/wp\/v2\/categories?post=70977"},{"taxonomy":"post_tag","embeddable":true,"href":"http:\/\/portalcatolico.net\/portal\/wp-json\/wp\/v2\/tags?post=70977"}],"curies":[{"name":"wp","href":"https:\/\/api.w.org\/{rel}","templated":true}]}}