{"id":70961,"date":"2020-12-26T00:16:03","date_gmt":"2020-12-26T03:16:03","guid":{"rendered":"http:\/\/portalcatolico.net\/portal\/?p=70961"},"modified":"2020-12-25T20:16:25","modified_gmt":"2020-12-25T23:16:25","slug":"ultima-segunda-feira-do-ano-sera-marcada-por-missas-na-igreja-sao-lazaro-e-sao-roque","status":"publish","type":"post","link":"http:\/\/portalcatolico.net\/portal\/ultima-segunda-feira-do-ano-sera-marcada-por-missas-na-igreja-sao-lazaro-e-sao-roque\/","title":{"rendered":"\u00daltima segunda-feira do ano ser\u00e1 marcada por Missas na Igreja S\u00e3o L\u00e1zaro e S\u00e3o Roque"},"content":{"rendered":"<p>Na \u00faltima segunda-feira do ano, milhares de fi\u00e9is participam das Missas na Arquidiocese de Salvador, para agradecer pelo ano que chega ao fim e suplicar b\u00ean\u00e7\u00e3os para o ano que se aproxima. Contudo, em 2020, devido \u00e0 pandemia, as tradicionais Missas que s\u00e3o celebradas na Igreja S\u00e3o L\u00e1zaro e S\u00e3o Roque, localizada na Federa\u00e7\u00e3o, acontecem com o n\u00famero reduzido de fi\u00e9is, que ter\u00e3o acesso ao templo por ordem de chegada, at\u00e9 completar o limite.<\/p>\n<p>Desta forma, no dia 28 de dezembro ser\u00e3o celebradas Missas durante todo o dia: \u00e0s7h, presidida pelo padre Valdeneir Alves; \u00e0s 9h, sob a presid\u00eancia do p\u00e1roco, padre Crist\u00f3v\u00e3o Przychocki; \u00e0s 11h, celebrada pelo padre Ad\u00e3o Mazur; \u00e0s 16h e \u00e0s 18h, presididas pelo padre Geraldo Camargo.<\/p>\n<p>Os fi\u00e9is que n\u00e3o poder\u00e3o estar presentes fisicamente s\u00e3o convocados pelo padre Crist\u00f3v\u00e3o Przychocki a estarem unidos em ora\u00e7\u00e3o onde estiverem. \u201cAs Missas na \u00faltima segunda-feira do ano j\u00e1 s\u00e3o tradi\u00e7\u00e3o aqui na Igreja S\u00e3o L\u00e1zaro e S\u00e3o Roque. Infelizmente este ano n\u00e3o poderemos acolher todas as pessoas, lotando a Igreja como de costume, por causa da pandemia. Em nome de todos os devotos, aqueles que estar\u00e3o nas Missas representar\u00e3o toda aquela multid\u00e3o que tinha costume de vir. Ent\u00e3o, na \u00faltima segunda-feira do ano de 2020, estaremos aqui para louvar a Deus, pedir a intercess\u00e3o de S\u00e3o L\u00e1zaro e de S\u00e3o Roque por todas as pessoas e, especialmente, por aqueles que passam pelas prova\u00e7\u00f5es, pelas dificuldades e por todas as pessoas infectadas. Unam-se a n\u00f3s, neste momento, mesmo n\u00e3o estando aqui na Igreja. Onde voc\u00ea estiver fa\u00e7a as suas ora\u00e7\u00f5es em sintonia com a Igreja S\u00e3o L\u00e1zaro e S\u00e3o Roque\u201d, afirma o p\u00e1roco, padre Crist\u00f3v\u00e3o.<\/p>\n<p>Foto licenci\u00e1vel- Creative Commons<\/p>\n<p>Not\u00edcias: Arquidiocese de S\u00e3o Salvador (BA)<\/p>\n<p>&nbsp;<\/p>\n","protected":false},"excerpt":{"rendered":"<p>Na \u00faltima segunda-feira do ano, milhares de fi\u00e9is participam das Missas na Arquidiocese de Salvador, para agradecer pelo ano que chega ao fim e suplicar b\u00ean\u00e7\u00e3os para o ano que se aproxima. Contudo, em 2020, devido \u00e0 pandemia, as tradicionais Missas que s\u00e3o celebradas na Igreja S\u00e3o L\u00e1zaro e S\u00e3o Roque, localizada na Federa\u00e7\u00e3o, acontecem&nbsp;<\/p>\n<p><a class=\"btn btn-style\" href=\"http:\/\/portalcatolico.net\/portal\/ultima-segunda-feira-do-ano-sera-marcada-por-missas-na-igreja-sao-lazaro-e-sao-roque\/\">Continue Reading<\/a><\/p>\n","protected":false},"author":2,"featured_media":70962,"comment_status":"open","ping_status":"open","sticky":false,"template":"","format":"standard","meta":{"footnotes":""},"categories":[3],"tags":[],"class_list":["post-70961","post","type-post","status-publish","format-standard","has-post-thumbnail","hentry","category-noticias_regionais"],"_links":{"self":[{"href":"http:\/\/portalcatolico.net\/portal\/wp-json\/wp\/v2\/posts\/70961","targetHints":{"allow":["GET"]}}],"collection":[{"href":"http:\/\/portalcatolico.net\/portal\/wp-json\/wp\/v2\/posts"}],"about":[{"href":"http:\/\/portalcatolico.net\/portal\/wp-json\/wp\/v2\/types\/post"}],"author":[{"embeddable":true,"href":"http:\/\/portalcatolico.net\/portal\/wp-json\/wp\/v2\/users\/2"}],"replies":[{"embeddable":true,"href":"http:\/\/portalcatolico.net\/portal\/wp-json\/wp\/v2\/comments?post=70961"}],"version-history":[{"count":1,"href":"http:\/\/portalcatolico.net\/portal\/wp-json\/wp\/v2\/posts\/70961\/revisions"}],"predecessor-version":[{"id":70963,"href":"http:\/\/portalcatolico.net\/portal\/wp-json\/wp\/v2\/posts\/70961\/revisions\/70963"}],"wp:featuredmedia":[{"embeddable":true,"href":"http:\/\/portalcatolico.net\/portal\/wp-json\/wp\/v2\/media\/70962"}],"wp:attachment":[{"href":"http:\/\/portalcatolico.net\/portal\/wp-json\/wp\/v2\/media?parent=70961"}],"wp:term":[{"taxonomy":"category","embeddable":true,"href":"http:\/\/portalcatolico.net\/portal\/wp-json\/wp\/v2\/categories?post=70961"},{"taxonomy":"post_tag","embeddable":true,"href":"http:\/\/portalcatolico.net\/portal\/wp-json\/wp\/v2\/tags?post=70961"}],"curies":[{"name":"wp","href":"https:\/\/api.w.org\/{rel}","templated":true}]}}