{"id":70862,"date":"2020-12-17T21:07:43","date_gmt":"2020-12-18T00:07:43","guid":{"rendered":"http:\/\/portalcatolico.net\/portal\/?p=70862"},"modified":"2020-12-17T21:07:43","modified_gmt":"2020-12-18T00:07:43","slug":"padre-ficou-3-meses-internado-por-covid-19-deus-me-permitiu-viver-isso-para-dar-testemunho","status":"publish","type":"post","link":"http:\/\/portalcatolico.net\/portal\/padre-ficou-3-meses-internado-por-covid-19-deus-me-permitiu-viver-isso-para-dar-testemunho\/","title":{"rendered":"Padre ficou 3 meses internado por Covid-19: Deus me permitiu viver isso para dar testemunho"},"content":{"rendered":"<p>Por causa da Covid-19, Padre Cl\u00e1udio Scherer passou tr\u00eas meses internado na Santa Casa de Santos (SP) e, ap\u00f3s receber alta hospitalar, n\u00e3o escondeu sua emo\u00e7\u00e3o e gratid\u00e3o a Deus, que, segundo ele, permitiu que vivesse tudo isso para dar testemunho.<\/p>\n<p>&nbsp;\u201cNunca pesei que ia ter a forma mais violenta da doen\u00e7a, mas Deus me permitiu isso e me deu uma segunda chance, com a ora\u00e7\u00e3o de muitas pessoas tamb\u00e9m, para dar esse testemunho\u201d, declarou \u00e0 TV Tribuna, afiliada da Rede Globo.<\/p>\n<p>O sacerdote da Par\u00f3quia Cora\u00e7\u00e3o de Maria, em Santos, come\u00e7ou a apresentar o s primeiros sintomas da Covid-19 em 1\u00ba de setembro e foi internado no dia 9 do mesmo m\u00eas. Ap\u00f3s tr\u00eas meses, teve alta hospitalar no \u00faltimo dia 10 de dezembro, quando foi recebido com alegria por amigos, familiares e funcion\u00e1rios da Santa Casa na capela do hospital.<\/p>\n<p>Segundo o diretor t\u00e9cnico da Santa Casa, Alex Macedo, o sacerdote deu entrada no hospital \u201ccom quadro de Covid com agress\u00e3o pulmonar, teve tamb\u00e9m agress\u00e3o renal\u201d. Pe. Cl\u00e1udio \u201cpassou por um longo per\u00edodo de perman\u00eancia dentro da terapia intensiva, em ventila\u00e7\u00e3o mec\u00e2nica\u201d. Al\u00e9m disso, ficou \u201cde barriga para baixo por tr\u00eas vezes, fez hemodi\u00e1lise, foi traqueostomizado. Foi um dos casos que a gente considera graves\u201d, disse ao telejornal.<\/p>\n<p>Segundo Pe. Cl\u00e1udio, durante o per\u00edodo em que esteve internado, teve grande import\u00e2ncia a ora\u00e7\u00e3o que muitas pessoas fizeram por sua recupera\u00e7\u00e3o. \u201cA ora\u00e7\u00e3o do justo tem o poder. Com certeza, essa ora\u00e7\u00e3o chegou at\u00e9 o c\u00e9u e Nossa Senhora levou at\u00e9 Jesus e me restituiu a&nbsp;vida&nbsp;por um tempo a mais para que eu possa servir mais \u00e0s pessoas\u201d, disse e acrescentou: \u201cSe eu voltei a este mundo, \u00e9 para servir \u00e0s pessoas, para fazer o bem\u201d.<\/p>\n<p>O sacerdote tamb\u00e9m agradeceu a toda a equipe da Santa Casa de Santos pelos cuidados que tiveram com ele. \u201cSe estou vivo hoje, \u00e9 porque as pessoas aqui da Santa Casa doaram a sua vida para que eu tivesse mais vida. Literalmente doaram, cuidaram de mim mais do que eu merecia\u201d, expressou.<\/p>\n<p>Conhecido por citar em suas prega\u00e7\u00f5es a palavra \u2018coragem\u2019, Pe. Cl\u00e1udio ainda ressaltou que quando usa esta express\u00e3o, sempre pensa \u201cque a gente tem que agir muito mais com o cora\u00e7\u00e3o para cuidar das pessoas do que agir com a raz\u00e3o\u201d.<\/p>\n<p>\u201cNingu\u00e9m em raz\u00e3o vai chegar perto de uma pessoa infectada, de uma pessoa que pode transmitir a morte. A gente faz isso com o cora\u00e7\u00e3o, com coragem, porque somente o cora\u00e7\u00e3o \u00e9 capaz de cuidar e transformar a vida dos outros\u201d, indicou.<\/p>\n<p>Devido a complica\u00e7\u00f5es pela Covid-19, o irm\u00e3o de Pe. Cl\u00e1udio, Marcos Scherer, faleceu no dia 4 de dezembro. \u201cInfelizmente o meu irm\u00e3o n\u00e3o conseguiu, mas foi muito bem tratado\u201d na Santa Casa de Santos, disse. \u201cTudo que poderia ter sido feito, foi feito. N\u00f3s estamos sentindo muito\u201d, expressou.<\/p>\n<p>Por fim, o sacerdote afirmou que sai dessa experi\u00eancia \u201ccom a sensa\u00e7\u00e3o de gratid\u00e3o e tamb\u00e9m com o dever de pedir \u00e0s pessoas que se cuidem, que cuidem de si e dos outros\u201d.(ACI)<\/p>\n<p>Padre Cl\u00e1udio Scherer \/ Foto: Facebook Par\u00f3quia Cora\u00e7\u00e3o de Maria<\/p>\n","protected":false},"excerpt":{"rendered":"<p>Por causa da Covid-19, Padre Cl\u00e1udio Scherer passou tr\u00eas meses internado na Santa Casa de Santos (SP) e, ap\u00f3s receber alta hospitalar, n\u00e3o escondeu sua emo\u00e7\u00e3o e gratid\u00e3o a Deus, que, segundo ele, permitiu que vivesse tudo isso para dar testemunho. &nbsp;\u201cNunca pesei que ia ter a forma mais violenta da doen\u00e7a, mas Deus me&nbsp;<\/p>\n<p><a class=\"btn btn-style\" href=\"http:\/\/portalcatolico.net\/portal\/padre-ficou-3-meses-internado-por-covid-19-deus-me-permitiu-viver-isso-para-dar-testemunho\/\">Continue Reading<\/a><\/p>\n","protected":false},"author":2,"featured_media":70863,"comment_status":"open","ping_status":"open","sticky":false,"template":"","format":"standard","meta":{"footnotes":""},"categories":[3],"tags":[],"class_list":["post-70862","post","type-post","status-publish","format-standard","has-post-thumbnail","hentry","category-noticias_regionais"],"_links":{"self":[{"href":"http:\/\/portalcatolico.net\/portal\/wp-json\/wp\/v2\/posts\/70862","targetHints":{"allow":["GET"]}}],"collection":[{"href":"http:\/\/portalcatolico.net\/portal\/wp-json\/wp\/v2\/posts"}],"about":[{"href":"http:\/\/portalcatolico.net\/portal\/wp-json\/wp\/v2\/types\/post"}],"author":[{"embeddable":true,"href":"http:\/\/portalcatolico.net\/portal\/wp-json\/wp\/v2\/users\/2"}],"replies":[{"embeddable":true,"href":"http:\/\/portalcatolico.net\/portal\/wp-json\/wp\/v2\/comments?post=70862"}],"version-history":[{"count":1,"href":"http:\/\/portalcatolico.net\/portal\/wp-json\/wp\/v2\/posts\/70862\/revisions"}],"predecessor-version":[{"id":70864,"href":"http:\/\/portalcatolico.net\/portal\/wp-json\/wp\/v2\/posts\/70862\/revisions\/70864"}],"wp:featuredmedia":[{"embeddable":true,"href":"http:\/\/portalcatolico.net\/portal\/wp-json\/wp\/v2\/media\/70863"}],"wp:attachment":[{"href":"http:\/\/portalcatolico.net\/portal\/wp-json\/wp\/v2\/media?parent=70862"}],"wp:term":[{"taxonomy":"category","embeddable":true,"href":"http:\/\/portalcatolico.net\/portal\/wp-json\/wp\/v2\/categories?post=70862"},{"taxonomy":"post_tag","embeddable":true,"href":"http:\/\/portalcatolico.net\/portal\/wp-json\/wp\/v2\/tags?post=70862"}],"curies":[{"name":"wp","href":"https:\/\/api.w.org\/{rel}","templated":true}]}}