{"id":70859,"date":"2020-12-16T00:25:43","date_gmt":"2020-12-16T03:25:43","guid":{"rendered":"http:\/\/portalcatolico.net\/portal\/?p=70859"},"modified":"2020-12-15T20:26:18","modified_gmt":"2020-12-15T23:26:18","slug":"sem-procissao-maritima-imagem-do-senhor-bom-jesus-dos-navegantes-sera-conduzida-em-carro-do-corpo-de-bombeiros","status":"publish","type":"post","link":"http:\/\/portalcatolico.net\/portal\/sem-procissao-maritima-imagem-do-senhor-bom-jesus-dos-navegantes-sera-conduzida-em-carro-do-corpo-de-bombeiros\/","title":{"rendered":"Sem prociss\u00e3o mar\u00edtima, imagem do Senhor Bom Jesus dos Navegantes ser\u00e1 conduzida em carro do Corpo de Bombeiros"},"content":{"rendered":"<p><em>As homenagens ter\u00e3o in\u00edcio no dia 27 de dezembro e seguir\u00e3o at\u00e9 o dia 1\u00ba de janeiro de 2020<\/em><\/p>\n<p>O Senhor Bom Jesus dos Navegantes e Nossa Senhora da Boa Viagem ser\u00e3o homenageados pelos devotos, durante a tradicional festa que acontece entre o fim de um ano e o in\u00edcio do outro. Embora com mudan\u00e7as e limites na participa\u00e7\u00e3o dos fi\u00e9is, em virtude da pandemia, as homenagens est\u00e3o sendo preparadas e acontecer\u00e3o com o mesmo amor com que s\u00e3o realizadas h\u00e1 mais de 200 anos.<\/p>\n<p>Com o tema central \u201cO amor ao Bom Jesus dos Navegantes \u00e9 a \u00e2ncora que nos sustenta, o leme que nos conduz e a esperan\u00e7a que nos encoraja\u201d, a abertura dos festejos acontecer\u00e1 no dia 27 de dezembro, na Matriz da Par\u00f3quia Nossa Senhora da Boa Viagem (Boa Viagem, Salvador). Neste dia, a programa\u00e7\u00e3o contar\u00e1 com alvorada, \u00e0s 6h; hasteamento da bandeira da Devo\u00e7\u00e3o do Senhor Bom Jesus dos Navegantes e Nossa Senhora da Boa Viagem, \u00e0s 7h; e Missa, \u00e0s 7h30, presidida pelo p\u00e1roco, padre Davi Oliveira Santos.<\/p>\n<p>J\u00e1 de 28 a 30 de dezembro, sempre \u00e0s 19h, haver\u00e1 o tr\u00edduo preparat\u00f3rio. A cada noite os fi\u00e9is refletir\u00e3o sobre um subtema \u201cO amor ao Bom Jesus dos Navegantes \u00e9 a \u00e2ncora que nos sustenta\u201d (1\u00aa noite), \u201cNossa Senhora da Boa Viagem, exemplo de obedi\u00eancia, nos conduz ao Bom Jesus dos Navegantes\u201d (2\u00aa noite) e \u201cO amor ao Bom Jesus dos Navegantes \u00e9 a esperan\u00e7a que nos encoraja\u201d (3\u00aa noite). Quem desejar poder\u00e1, nestas noites, realizar gestos concretos por meio da doa\u00e7\u00e3o de materiais de limpeza, que ser\u00e3o destinados para o Abrigo S\u00e3o Gabriel para Idosos de Deus, para as obras sociais da Irm\u00e3 Violeta, para a Pastoral da Crian\u00e7a e para as pessoas assistidas pelas obras sociais da par\u00f3quia.<\/p>\n<p>O n\u00famero permitido, por Celebra\u00e7\u00e3o, \u00e9 de 100 pessoas dentro do templo. Por\u00e9m, \u00e9 importante ressaltar que, tamb\u00e9m nos dias que acontecem, o tr\u00edduo haver\u00e1 Missa \u00e0s 7h30, para que mais fi\u00e9is possam louvar a agradecer ao Bom Jesus e \u00e0 Virgem Sant\u00edssima. Para participar, \u00e9 necess\u00e1rio agendar atrav\u00e9s dos telefones (71) 98188-0492 (Luzia) ou 99642-3288 (Priscila). Para quem \u00e9 do grupo de risco toda a programa\u00e7\u00e3o poder\u00e1 ser acompanhada, ao vivo, pelo Instagram @igrejadaboaviagemssa; Facebook e Youtube [Par\u00f3quia Nossa Senhora da Boa Viagem].<\/p>\n<p>No \u00faltimo dia do ano, 31 de dezembro, a Missa de embarque ter\u00e1 in\u00edcio \u00e0s 15h30 e ser\u00e1 presidida pelo Arcebispo de Salvador e Primaz do Brasil, Cardeal Dom Sergio da Rocha. Este ano, devido a pandemia, n\u00e3o haver\u00e1 prociss\u00e3o mar\u00edtima, mas logo ap\u00f3s a Celebra\u00e7\u00e3o Eucar\u00edstica (por volta das 16h30) a imagem do Senhor Bom Jesus dos Navegantes ser\u00e1 transportada para o carro do Corpo de Bombeiros e seguir\u00e1, via terrestre, at\u00e9 a Bas\u00edlica Santu\u00e1rio Nossa Senhora da Concei\u00e7\u00e3o da Praia, localizada no bairro do Com\u00e9rcio.<\/p>\n<p>Da Matriz da Par\u00f3quia da Boa Viagem at\u00e9 a Bas\u00edlica Santu\u00e1rio Nossa Senhora da Concei\u00e7\u00e3o da Praia, a imagem ser\u00e1 conduzida pela Avenida Luiz Tarqu\u00ednio, Rua Bar\u00e3o de Cotegipe, Avenida Engenheiro Oscar Pontes, Avenida da Fran\u00e7a (breve parada no port\u00e3o principal da administra\u00e7\u00e3o da CODEBA, para sauda\u00e7\u00e3o aos portu\u00e1rios e a imagem de S\u00e3o Nicodemus), Rua da B\u00e9lgica, Avenida Lafayete Coutinho, Bas\u00edlica Nossa Senhora da Concei\u00e7\u00e3o da Praia. A previs\u00e3o de chegada da imagem \u00e9 \u00e0s 18h30.<\/p>\n<p>No dia seguinte, 1\u00ba de janeiro de 2021, o Cardeal Dom Sergio da Rocha presidir\u00e1 a Missa \u00e0s 8h, na Bas\u00edlica Santu\u00e1rio Nossa Senhora da Concei\u00e7\u00e3o da Praia. Por volta das 9h, a imagem do Senhor Bom Jesus dos Navegantes ser\u00e1 conduzida, mais uma vez, para o carro do Corpo de Bombeiros e seguir\u00e1 at\u00e9 a Matriz da Par\u00f3quia Nossa Senhora da Boa Viagem, realizando o seguinte percurso: Avenida Lafayete Coutinho (sentido Barra), Avenida Reitor Miguel Calmon, Avenida Centen\u00e1rio, Rua Airosa Galv\u00e3o, Avenida Oce\u00e2nica, Rua Marqu\u00eas de Caravelas, Rua C\u00e9zar Zama, Rua Bar\u00e3o de Sergy, Avenida Sete de Setembro (Ladeira da Barra), retorno no Largo da Vit\u00f3ria, Avenida Sete de setembro (Ladeira da Barra) &#8211; passando pela Igreja Santo Ant\u00f4nio da Barra, Rua Afonso Celso, Avenida Centen\u00e1rio (retorno na Pra\u00e7a dos Reis Cat\u00f3licos), Rua Reitor Miguel Calmon, Avenida Lafayete Coutinho, Rua da B\u00e9lgica, Rua Miguel Calmon, Rua Alfredo Henrique de Azevedo, Rua do Pilar, Travessa do Pilar (breve parada para a sauda\u00e7\u00e3o na frente da Igreja Nossa Senhora do Pilar e Santa Luzia), Avenida Jequitaia, Largo da Cal\u00e7ada, Rua Jos\u00e9 Martins Tourinho, Largo dos Mares (breve parada na frente da Matriz da Par\u00f3quia Nossa Senhora dos Mares), Avenida Fernandes da Cunha, Largo de Roma (breve parada nas Obras Sociais de Irm\u00e3 Dulce (OSID), Avenida Dendezeiros (Avenida da F\u00e9), Largo do Bonfim, Rua da Imperatriz (breve parada no Santu\u00e1rio S\u00e3o Jos\u00e9 e na frente do Edif\u00edcio Cendon), Largo da Boa Viagem &#8211; Matriz da Par\u00f3quia Nossa Senhora da Boa Viagem.<\/p>\n<p>\u00c9 importante ressaltar que, enquanto a carreata ter\u00e1 in\u00edcio na Bas\u00edlica Santu\u00e1rio Nossa Senhora da Concei\u00e7\u00e3o da Praia, os fi\u00e9is que estiverem na Boa Viagem participar\u00e3o de Missas \u00e0s 9h e \u00e0s 10h.<\/p>\n<p>Foto e texto: Pascom\/Arquidiocese de Salvador (BA)<\/p>\n","protected":false},"excerpt":{"rendered":"<p>As homenagens ter\u00e3o in\u00edcio no dia 27 de dezembro e seguir\u00e3o at\u00e9 o dia 1\u00ba de janeiro de 2020 O Senhor Bom Jesus dos Navegantes e Nossa Senhora da Boa Viagem ser\u00e3o homenageados pelos devotos, durante a tradicional festa que acontece entre o fim de um ano e o in\u00edcio do outro. Embora com mudan\u00e7as&nbsp;<\/p>\n<p><a class=\"btn btn-style\" href=\"http:\/\/portalcatolico.net\/portal\/sem-procissao-maritima-imagem-do-senhor-bom-jesus-dos-navegantes-sera-conduzida-em-carro-do-corpo-de-bombeiros\/\">Continue Reading<\/a><\/p>\n","protected":false},"author":2,"featured_media":70860,"comment_status":"open","ping_status":"open","sticky":false,"template":"","format":"standard","meta":{"footnotes":""},"categories":[3],"tags":[],"class_list":["post-70859","post","type-post","status-publish","format-standard","has-post-thumbnail","hentry","category-noticias_regionais"],"_links":{"self":[{"href":"http:\/\/portalcatolico.net\/portal\/wp-json\/wp\/v2\/posts\/70859","targetHints":{"allow":["GET"]}}],"collection":[{"href":"http:\/\/portalcatolico.net\/portal\/wp-json\/wp\/v2\/posts"}],"about":[{"href":"http:\/\/portalcatolico.net\/portal\/wp-json\/wp\/v2\/types\/post"}],"author":[{"embeddable":true,"href":"http:\/\/portalcatolico.net\/portal\/wp-json\/wp\/v2\/users\/2"}],"replies":[{"embeddable":true,"href":"http:\/\/portalcatolico.net\/portal\/wp-json\/wp\/v2\/comments?post=70859"}],"version-history":[{"count":1,"href":"http:\/\/portalcatolico.net\/portal\/wp-json\/wp\/v2\/posts\/70859\/revisions"}],"predecessor-version":[{"id":70861,"href":"http:\/\/portalcatolico.net\/portal\/wp-json\/wp\/v2\/posts\/70859\/revisions\/70861"}],"wp:featuredmedia":[{"embeddable":true,"href":"http:\/\/portalcatolico.net\/portal\/wp-json\/wp\/v2\/media\/70860"}],"wp:attachment":[{"href":"http:\/\/portalcatolico.net\/portal\/wp-json\/wp\/v2\/media?parent=70859"}],"wp:term":[{"taxonomy":"category","embeddable":true,"href":"http:\/\/portalcatolico.net\/portal\/wp-json\/wp\/v2\/categories?post=70859"},{"taxonomy":"post_tag","embeddable":true,"href":"http:\/\/portalcatolico.net\/portal\/wp-json\/wp\/v2\/tags?post=70859"}],"curies":[{"name":"wp","href":"https:\/\/api.w.org\/{rel}","templated":true}]}}