{"id":70856,"date":"2020-12-15T19:55:44","date_gmt":"2020-12-15T22:55:44","guid":{"rendered":"http:\/\/portalcatolico.net\/portal\/?p=70856"},"modified":"2020-12-15T19:55:44","modified_gmt":"2020-12-15T22:55:44","slug":"jesus-fonte-de-alivio-paz-e-esperanca-escrevem-bispos-aos-cubanos","status":"publish","type":"post","link":"http:\/\/portalcatolico.net\/portal\/jesus-fonte-de-alivio-paz-e-esperanca-escrevem-bispos-aos-cubanos\/","title":{"rendered":"Jesus, fonte de al\u00edvio, paz e esperan\u00e7a, escrevem bispos aos cubanos"},"content":{"rendered":"<div class=\"article__subTitle\">Convidamos a todo povo \u201ccansado e oprimido\u201d, a \u201cvoltar-se para Jesus, o Filho de Deus que se fez homem, para que encontre o al\u00edvio e o conforto, a paz e a esperan\u00e7a de que tanto necessitamos\u201d, escrevem os bispos na mensagem de Natal dirigida aos cubanos.<\/div>\n<div>\n<p>\u201cCom o aproximar-se do Natal, repetimos o an\u00fancio da Boa Nova do nascimento de Jesus Cristo, o Salvador. Este acontecimento trouxe alegria, gerou empenho e suscitou a esperan\u00e7a de muitos homens e mulheres que, durante mais de 2.000 anos, aceitaram fielmente o an\u00fancio do Anjo na v\u00e9spera de Natal\u201d.<\/p>\n<p>Assim escrevem os bispos de Cuba na mensagem de Natal divulgada no dia 12 de novembro, dirigida a todo o povo cubano, anunciando a Boa Nova do nascimento do Messias. Um an\u00fancio que &#8211; acrescentam &#8211; chega hoje a todos os cubanos e ao mundo inteiro, num momento em que ansiamos por encontrar a fonte da verdadeira alegria e esperan\u00e7a, porque todos precisamos vislumbrar um futuro melhor e mais seguro em meio \u00e0s dificuldades que estamos sofrendo&#8221;.<\/p>\n<p>Neste momento repleto de car\u00eancias materiais e de cansa\u00e7o espiritual, em que a crise econ\u00f4mica j\u00e1 existente, a pandemia de Covid-19 e os desastres naturais t\u00eam gerado medos e incertezas entre a popula\u00e7\u00e3o, como pastores &#8211; escrevem os prelados &#8211; convidamos a todo povo \u201ccansado e oprimido\u201d, a \u201cvoltar-se para Jesus, o Filho de Deus que se fez homem, para que encontre o al\u00edvio e o conforto, a paz e a esperan\u00e7a de que tanto necessitamos\u201d.<\/p>\n<p>Os bispos, portanto, expressam sua proximidade aos mais vulner\u00e1veis: aos aposentados, aos desempregados, \u00e0s m\u00e3es solteiras, aos enfermos, aos presos e aos idosos que vivem sozinhos e em dificuldade; e fazem votos que todas as propostas sejam ouvidas, n\u00e3o apenas as das autoridades, que procuram encontrar uma solu\u00e7\u00e3o para esta dif\u00edcil situa\u00e7\u00e3o.<\/p>\n<p>Agora \u2013 l\u00ea-se na mensagem dos bispos, &#8220;uma boa not\u00edcia para os cubanos seria que as coisas mudassem para melhor e em paz&#8221;; \u201cque o fardo de conseguir comida se tornasse uma partilha serena do p\u00e3o de cada dia em fam\u00edlia\u201d; \u201cque o anunciado reajuste da economia nacional, longe de aumentar as preocupa\u00e7\u00f5es de muitos, ajudasse a todos a sustentar suas fam\u00edlias com um trabalho digno, com um sal\u00e1rio suficiente e com a sempre necess\u00e1ria justi\u00e7a social\u201d.<\/p>\n<p>Uma boa not\u00edcia &#8211; continuam os prelados &#8211; \u201cseria a de evitar a viol\u00eancia, o confronto, o insulto e a degrada\u00e7\u00e3o para criar um clima de amizade social e fraternidade universal, como o Papa Francisco nos convida a fazer na sua recente Enc\u00edclica Fratelli tutti&#8221;; \u201cessa intoler\u00e2ncia deu lugar \u00e0 pluralidade saud\u00e1vel, ao di\u00e1logo e \u00e0 negocia\u00e7\u00e3o entre quem tem opini\u00f5es e crit\u00e9rios diferentes\u201d; e que os cubanos n\u00e3o tivessem que procurar fora do pa\u00eds o que deveria ser encontrado dentro\u201d.<\/p>\n<p>\u201cUma boa not\u00edcia para os cubanos &#8211; continuam &#8211; seria que todos os blocos, externos e internos, cessassem e dessem lugar \u00e0 iniciativa criativa, \u00e0 liberta\u00e7\u00e3o das for\u00e7as produtivas e \u00e0s leis que favorecem a iniciativa de cada cubano, para que cada um se sentisse e pudesse ser o protagonista de seu projeto de vida e, assim, a na\u00e7\u00e3o progredisse para um desenvolvimento humano integral\u201d.<\/p>\n<p>Os bispos recordam, todavia, que \u201ca maior e melhor not\u00edcia \u00e9 que Jesus, o Filho de Deus, \u00e9 o \u00fanico Messias, Salvador e Senhor\u201d. \u00c9 Ele quem \u201csemeia paz, liberdade e esperan\u00e7a, para que possamos come\u00e7ar a construir o Reino dos C\u00e9us j\u00e1 na terra, mesmo sabendo que aqui a felicidade perfeita nunca poder\u00e1 ser encontrada\u201d; e tamb\u00e9m recordam que quem tornou poss\u00edvel o nascimento de Jesus gra\u00e7as \u00e0 sua f\u00e9, foi a Virgem Maria, que \u201ccontinua a acompanhar e a ensinar todos os seus filhos a viver na confian\u00e7a em Deus, a dizer-lhes que Deus nunca abandona seus filhos e n\u00e3o permite que sejam provados al\u00e9m de suas for\u00e7as&#8221;.<\/p>\n<p>Convencidos, portanto, de que n\u00e3o faltar\u00e1 a ajuda maternal da Virgem da Caridade, M\u00e3e e Padroeira de Cuba por mais de quatro s\u00e9culos, para enfrentar os desafios e as dores do momento presente, os bispos concluem sua mensagem agradecendo a Deus por tudo aquilo que foi feito este ano. Entre outras coisas, o sacrif\u00edcio de m\u00e9dicos e agentes de sa\u00fade, a partilha de alimentos entre comunidades cat\u00f3licas e bons vizinhos, as mensagens televisivas com conte\u00fado religioso e as celebra\u00e7\u00f5es do Papa Francisco de Roma. \u201cCom essas riquezas vividas &#8211; concluem &#8211; come\u00e7amos 2021 animados pelo desejo de multiplicar o amor e a conviv\u00eancia familiar que nos torna t\u00e3o felizes\u201d.<\/p>\n<\/div>\n<div class=\"title__separator\"><b>Fonte:Vatican News<\/b><\/div>\n<p>Os bispos concluem sua mensagem agradecendo a Deus por tudo aquilo que foi feito este ano, como o sacrif\u00edcio de m\u00e9dicos e agentes de sa\u00fade, a partilha de alimentos entre comunidades cat\u00f3licas, as celebra\u00e7\u00f5es do Papa Francisco de Roma,&nbsp; (ANSA)<\/p>\n","protected":false},"excerpt":{"rendered":"<p>Convidamos a todo povo \u201ccansado e oprimido\u201d, a \u201cvoltar-se para Jesus, o Filho de Deus que se fez homem, para que encontre o al\u00edvio e o conforto, a paz e a esperan\u00e7a de que tanto necessitamos\u201d, escrevem os bispos na mensagem de Natal dirigida aos cubanos. \u201cCom o aproximar-se do Natal, repetimos o an\u00fancio da&nbsp;<\/p>\n<p><a class=\"btn btn-style\" href=\"http:\/\/portalcatolico.net\/portal\/jesus-fonte-de-alivio-paz-e-esperanca-escrevem-bispos-aos-cubanos\/\">Continue Reading<\/a><\/p>\n","protected":false},"author":2,"featured_media":70857,"comment_status":"open","ping_status":"open","sticky":false,"template":"","format":"standard","meta":{"footnotes":""},"categories":[5],"tags":[],"class_list":["post-70856","post","type-post","status-publish","format-standard","has-post-thumbnail","hentry","category-igreja_no_mundo"],"_links":{"self":[{"href":"http:\/\/portalcatolico.net\/portal\/wp-json\/wp\/v2\/posts\/70856","targetHints":{"allow":["GET"]}}],"collection":[{"href":"http:\/\/portalcatolico.net\/portal\/wp-json\/wp\/v2\/posts"}],"about":[{"href":"http:\/\/portalcatolico.net\/portal\/wp-json\/wp\/v2\/types\/post"}],"author":[{"embeddable":true,"href":"http:\/\/portalcatolico.net\/portal\/wp-json\/wp\/v2\/users\/2"}],"replies":[{"embeddable":true,"href":"http:\/\/portalcatolico.net\/portal\/wp-json\/wp\/v2\/comments?post=70856"}],"version-history":[{"count":1,"href":"http:\/\/portalcatolico.net\/portal\/wp-json\/wp\/v2\/posts\/70856\/revisions"}],"predecessor-version":[{"id":70858,"href":"http:\/\/portalcatolico.net\/portal\/wp-json\/wp\/v2\/posts\/70856\/revisions\/70858"}],"wp:featuredmedia":[{"embeddable":true,"href":"http:\/\/portalcatolico.net\/portal\/wp-json\/wp\/v2\/media\/70857"}],"wp:attachment":[{"href":"http:\/\/portalcatolico.net\/portal\/wp-json\/wp\/v2\/media?parent=70856"}],"wp:term":[{"taxonomy":"category","embeddable":true,"href":"http:\/\/portalcatolico.net\/portal\/wp-json\/wp\/v2\/categories?post=70856"},{"taxonomy":"post_tag","embeddable":true,"href":"http:\/\/portalcatolico.net\/portal\/wp-json\/wp\/v2\/tags?post=70856"}],"curies":[{"name":"wp","href":"https:\/\/api.w.org\/{rel}","templated":true}]}}