{"id":70814,"date":"2020-12-11T00:49:51","date_gmt":"2020-12-11T03:49:51","guid":{"rendered":"http:\/\/portalcatolico.net\/portal\/?p=70814"},"modified":"2020-12-10T21:50:15","modified_gmt":"2020-12-11T00:50:15","slug":"natal-o-calendario-das-celebracoes-presididas-pelo-santo-padre","status":"publish","type":"post","link":"http:\/\/portalcatolico.net\/portal\/natal-o-calendario-das-celebracoes-presididas-pelo-santo-padre\/","title":{"rendered":"NATAL: O CALEND\u00c1RIO DAS CELEBRA\u00c7\u00d5ES PRESIDIDAS PELO SANTO PADRE"},"content":{"rendered":"<p>A Sala de Imprensa do Vaticano divulgou datas e hor\u00e1rios das celebra\u00e7\u00f5es natalinas, a come\u00e7ar pela Missa de 24 de dezembro, na Bas\u00edlica de S\u00e3o Pedro. As celebra\u00e7\u00f5es sucessivas, tendem a seguir os hor\u00e1rios tradicionais. Todas as celebra\u00e7\u00f5es ser\u00e3o transmitidas pelo Vatican News com coment\u00e1rios em portugu\u00eas.<\/p>\n<p>No dia de Natal, 25 de dezembro, a B\u00ean\u00e7\u00e3o Urbi et Orbi ser\u00e1 \u00e0s 12 horas, enquanto na quinta-feira, 31 de dezembro, Francisco celebrar\u00e1 as primeiras V\u00e9speras e o Te Deum de A\u00e7\u00e3o de Gra\u00e7as pelo ano que passou \u00e0s 17 horas, na Bas\u00edlica do Vaticano.<\/p>\n<p>Na Sexta-feira, 1 de janeiro, Solenidade de Maria Sant\u00edssima M\u00e3e de Deus e 54\u00ba Dia Mundial da Paz, o Papa presidir\u00e1 a Missa na Bas\u00edlica de S\u00e3o Pedro \u00e0s 10 horas. Por fim, na Solenidade da Epifania, em 6 de janeiro, a Missa ser\u00e1 \u00e0s 10 horas, novamente na Bas\u00edlica de San Pedro.<\/p>\n<p>O comunicado tamb\u00e9m especifica que a participa\u00e7\u00e3o nas celebra\u00e7\u00f5es ser\u00e1 muito restrita, com a identifica\u00e7\u00e3o dos fi\u00e9is segundo os m\u00e9todos utilizados nos \u00faltimos meses, em conformidade com as medidas de prote\u00e7\u00e3o previstas e sujeita a altera\u00e7\u00f5es devido \u00e0 situa\u00e7\u00e3o de sa\u00fade.<\/p>\n<p>Antes das celebra\u00e7\u00f5es por ocasi\u00e3o do Natal, o Papa Francisco presidir\u00e1 no s\u00e1bado, 12 de dezembro, na Bas\u00edlica de S\u00e3o Pedro, a Missa pelo 125\u00ba anivers\u00e1rio da Coroa\u00e7\u00e3o de Nossa Senhora de Guadalupe.<\/p>\n<p>Como \u00e9 sabido, a Penitenci\u00e1ria Apost\u00f3lica, a pedido do Papa, estendeu a indulg\u00eancia plen\u00e1ria aos fi\u00e9is de todo o mundo que celebrar\u00e3o o evento em casa, j\u00e1 que a Bas\u00edlica mexicana estar\u00e1 fechada de 10 a 13 de dezembro devido \u00e0s limita\u00e7\u00f5es impostas pela Covid-19.<\/p>\n<p><strong>Imagem:<\/strong>&nbsp;<em>Anjo do Pres\u00e9pio de areia, tendo ao fundo a faxada da Bas\u00edlica de S\u00e3o Pedro durante a B\u00ean\u00e7\u00e3o Urbi et Orbi&nbsp; (Vatican Media)<\/em><\/p>\n<p><strong>Com informa\u00e7\u00f5es do<\/strong>&nbsp;Vatican News<\/p>\n","protected":false},"excerpt":{"rendered":"<p>A Sala de Imprensa do Vaticano divulgou datas e hor\u00e1rios das celebra\u00e7\u00f5es natalinas, a come\u00e7ar pela Missa de 24 de dezembro, na Bas\u00edlica de S\u00e3o Pedro. As celebra\u00e7\u00f5es sucessivas, tendem a seguir os hor\u00e1rios tradicionais. Todas as celebra\u00e7\u00f5es ser\u00e3o transmitidas pelo Vatican News com coment\u00e1rios em portugu\u00eas. No dia de Natal, 25 de dezembro, a&nbsp;<\/p>\n<p><a class=\"btn btn-style\" href=\"http:\/\/portalcatolico.net\/portal\/natal-o-calendario-das-celebracoes-presididas-pelo-santo-padre\/\">Continue Reading<\/a><\/p>\n","protected":false},"author":2,"featured_media":70815,"comment_status":"open","ping_status":"open","sticky":false,"template":"","format":"standard","meta":{"footnotes":""},"categories":[5],"tags":[],"class_list":["post-70814","post","type-post","status-publish","format-standard","has-post-thumbnail","hentry","category-igreja_no_mundo"],"_links":{"self":[{"href":"http:\/\/portalcatolico.net\/portal\/wp-json\/wp\/v2\/posts\/70814","targetHints":{"allow":["GET"]}}],"collection":[{"href":"http:\/\/portalcatolico.net\/portal\/wp-json\/wp\/v2\/posts"}],"about":[{"href":"http:\/\/portalcatolico.net\/portal\/wp-json\/wp\/v2\/types\/post"}],"author":[{"embeddable":true,"href":"http:\/\/portalcatolico.net\/portal\/wp-json\/wp\/v2\/users\/2"}],"replies":[{"embeddable":true,"href":"http:\/\/portalcatolico.net\/portal\/wp-json\/wp\/v2\/comments?post=70814"}],"version-history":[{"count":1,"href":"http:\/\/portalcatolico.net\/portal\/wp-json\/wp\/v2\/posts\/70814\/revisions"}],"predecessor-version":[{"id":70816,"href":"http:\/\/portalcatolico.net\/portal\/wp-json\/wp\/v2\/posts\/70814\/revisions\/70816"}],"wp:featuredmedia":[{"embeddable":true,"href":"http:\/\/portalcatolico.net\/portal\/wp-json\/wp\/v2\/media\/70815"}],"wp:attachment":[{"href":"http:\/\/portalcatolico.net\/portal\/wp-json\/wp\/v2\/media?parent=70814"}],"wp:term":[{"taxonomy":"category","embeddable":true,"href":"http:\/\/portalcatolico.net\/portal\/wp-json\/wp\/v2\/categories?post=70814"},{"taxonomy":"post_tag","embeddable":true,"href":"http:\/\/portalcatolico.net\/portal\/wp-json\/wp\/v2\/tags?post=70814"}],"curies":[{"name":"wp","href":"https:\/\/api.w.org\/{rel}","templated":true}]}}