{"id":70807,"date":"2020-12-10T21:24:53","date_gmt":"2020-12-11T00:24:53","guid":{"rendered":"http:\/\/portalcatolico.net\/portal\/?p=70807"},"modified":"2020-12-10T21:27:26","modified_gmt":"2020-12-11T00:27:26","slug":"chegou-o-grande-dia-de-celebrar-nossa-senhora-de-guadalupe","status":"publish","type":"post","link":"http:\/\/portalcatolico.net\/portal\/chegou-o-grande-dia-de-celebrar-nossa-senhora-de-guadalupe\/","title":{"rendered":"Chegou o grande dia de celebrar Nossa Senhora de Guadalupe!"},"content":{"rendered":"<p style=\"font-weight: 400;\">Ontem, 09 de Dezembro, come\u00e7a o Tr\u00edduo em Honra de Nossa Senhora de Guadalupe, \u00e0s 19hs, com Transmiss\u00e3o ao Vivo, pelo Canal do Youtube da Par\u00f3quia de Nossa Senhora Aparecida, da Diocese de Itabuna (BA).<\/p>\n<p style=\"font-weight: 400;\">Link: <a href=\"https:\/\/www.youtube.com\/channel\/UCLI8QK0j_2iYudR1oonhDwA\">https:\/\/www.youtube.com\/channel\/UCLI8QK0j_2iYudR1oonhDwA&nbsp;<\/a><\/p>\n<p style=\"font-weight: 400;\">O Tr\u00edduo segue at\u00e9 o dia 12 de Dezembro, na Comunidade Nossa Senhora de Guadalupe no Bairro Parque Boa Vista.&nbsp;<\/p>\n<p style=\"font-weight: 400;\">O evento tem como tema: &#8220;Fazei tudo o que Ele vos disser&#8221; e lema: &#8220;Vem e segue-me!&#8221;.&nbsp;<\/p>\n<p style=\"font-weight: 400;\">No s\u00e1bado, dia 12, acontece a Solenidade de Nossa Senhora de Guadalupe. \u00c0s 15h tem momento Mariano (Santo Ter\u00e7o, Ladainha, Santo Of\u00edcio) e \u00e0s 17h, tem Santa Missa, seguida de carreata.&nbsp;<\/p>\n<p style=\"font-weight: 400;\">Participe!&nbsp;<\/p>\n<p><img loading=\"lazy\" decoding=\"async\" class=\"wp-image-70809 aligncenter\" src=\"http:\/\/portalcatolico.net\/portal\/wp-content\/uploads\/2020\/12\/WhatsApp-Image-2020-12-08-at-21.10.27-1-300x225.jpeg\" alt=\"\" width=\"803\" height=\"602\" srcset=\"http:\/\/portalcatolico.net\/portal\/wp-content\/uploads\/2020\/12\/WhatsApp-Image-2020-12-08-at-21.10.27-1-300x225.jpeg 300w, http:\/\/portalcatolico.net\/portal\/wp-content\/uploads\/2020\/12\/WhatsApp-Image-2020-12-08-at-21.10.27-1-768x576.jpeg 768w, http:\/\/portalcatolico.net\/portal\/wp-content\/uploads\/2020\/12\/WhatsApp-Image-2020-12-08-at-21.10.27-1.jpeg 960w\" sizes=\"auto, (max-width: 803px) 100vw, 803px\" \/><\/p>\n","protected":false},"excerpt":{"rendered":"<p>Ontem, 09 de Dezembro, come\u00e7a o Tr\u00edduo em Honra de Nossa Senhora de Guadalupe, \u00e0s 19hs, com Transmiss\u00e3o ao Vivo, pelo Canal do Youtube da Par\u00f3quia de Nossa Senhora Aparecida, da Diocese de Itabuna (BA). Link: https:\/\/www.youtube.com\/channel\/UCLI8QK0j_2iYudR1oonhDwA&nbsp; O Tr\u00edduo segue at\u00e9 o dia 12 de Dezembro, na Comunidade Nossa Senhora de Guadalupe no Bairro Parque&nbsp;<\/p>\n<p><a class=\"btn btn-style\" href=\"http:\/\/portalcatolico.net\/portal\/chegou-o-grande-dia-de-celebrar-nossa-senhora-de-guadalupe\/\">Continue Reading<\/a><\/p>\n","protected":false},"author":2,"featured_media":70808,"comment_status":"open","ping_status":"open","sticky":false,"template":"","format":"standard","meta":{"footnotes":""},"categories":[2],"tags":[],"class_list":["post-70807","post","type-post","status-publish","format-standard","has-post-thumbnail","hentry","category-eventos"],"_links":{"self":[{"href":"http:\/\/portalcatolico.net\/portal\/wp-json\/wp\/v2\/posts\/70807","targetHints":{"allow":["GET"]}}],"collection":[{"href":"http:\/\/portalcatolico.net\/portal\/wp-json\/wp\/v2\/posts"}],"about":[{"href":"http:\/\/portalcatolico.net\/portal\/wp-json\/wp\/v2\/types\/post"}],"author":[{"embeddable":true,"href":"http:\/\/portalcatolico.net\/portal\/wp-json\/wp\/v2\/users\/2"}],"replies":[{"embeddable":true,"href":"http:\/\/portalcatolico.net\/portal\/wp-json\/wp\/v2\/comments?post=70807"}],"version-history":[{"count":3,"href":"http:\/\/portalcatolico.net\/portal\/wp-json\/wp\/v2\/posts\/70807\/revisions"}],"predecessor-version":[{"id":70812,"href":"http:\/\/portalcatolico.net\/portal\/wp-json\/wp\/v2\/posts\/70807\/revisions\/70812"}],"wp:featuredmedia":[{"embeddable":true,"href":"http:\/\/portalcatolico.net\/portal\/wp-json\/wp\/v2\/media\/70808"}],"wp:attachment":[{"href":"http:\/\/portalcatolico.net\/portal\/wp-json\/wp\/v2\/media?parent=70807"}],"wp:term":[{"taxonomy":"category","embeddable":true,"href":"http:\/\/portalcatolico.net\/portal\/wp-json\/wp\/v2\/categories?post=70807"},{"taxonomy":"post_tag","embeddable":true,"href":"http:\/\/portalcatolico.net\/portal\/wp-json\/wp\/v2\/tags?post=70807"}],"curies":[{"name":"wp","href":"https:\/\/api.w.org\/{rel}","templated":true}]}}