{"id":70801,"date":"2020-12-10T16:07:39","date_gmt":"2020-12-10T19:07:39","guid":{"rendered":"http:\/\/portalcatolico.net\/portal\/?p=70801"},"modified":"2020-12-10T16:07:39","modified_gmt":"2020-12-10T19:07:39","slug":"cinco-gestos-para-assemelhar-a-sao-jose","status":"publish","type":"post","link":"http:\/\/portalcatolico.net\/portal\/cinco-gestos-para-assemelhar-a-sao-jose\/","title":{"rendered":"Cinco gestos para assemelhar a S\u00e3o Jos\u00e9"},"content":{"rendered":"<div class=\"article__subTitle\">O regente da Penitenci\u00e1ria Apost\u00f3lica, Dom Nykiel, explica a natureza das indulg\u00eancias ligadas ao Ano especial dedicado pelo Papa Francisco a S\u00e3o Jos\u00e9, um convite para realizar atos de caridade seguindo o exemplo do &#8220;homem justo&#8221;.<\/div>\n<div>&nbsp;<\/div>\n<div class=\"title__separator\">\n<p>Ser\u00e3o concedidas algumas indulg\u00eancias especiais para o &#8220;Ano Josefino&#8221; convocado pelo Papa Francisco de 8 de dezembro de 2020 a 8 de dezembro de 2021 para comemorar os 150 anos da declara\u00e7\u00e3o de S\u00e3o Jos\u00e9 como santo padroeiro da Igreja universal.<\/p>\n<p>Entrevista com Dom Krzysztof J\u00f3zef Nykiel, regente da Penitenciaria Apost\u00f3lica concedida ao&nbsp;<i>L\u2019Osservatore Romano<\/i>.<\/p>\n<p><i>A que evento est\u00e1 relacionada a publica\u00e7\u00e3o deste decreto especial de indulg\u00eancias pela Penitenci\u00e1ria Apost\u00f3lica?<\/i><\/p>\n<p><b>Dom Nykiel:<\/b>&nbsp;Como se sabe, a Solenidade da Imaculada Concei\u00e7\u00e3o marca o 150\u00ba anivers\u00e1rio da promulga\u00e7\u00e3o do decreto da Sagrada Congrega\u00e7\u00e3o dos Ritos do&nbsp;<i>Quaemadmodum Deus<\/i>, com o qual o Beato Pio IX, em 1870, declarou S\u00e3o Jos\u00e9, padroeiro da Igreja universal. Sabemos que na \u00e9poca de Pio IX, a Igreja vivia um dos per\u00edodos mais atormentados de sua hist\u00f3ria. Foi logo depois da tomada de Roma e o fim do poder temporal dos Papas. Naquele contexto dram\u00e1tico, o Papa Pio IX sentiu a necessidade de declarar solenemente o patroc\u00ednio de S\u00e3o Jos\u00e9 a todo o povo de Deus, daquele humilde carpinteiro de Nazar\u00e9, que fora escolhido por Deus para ser o guardi\u00e3o de seu Filho e o esposo da Virgem Maria. Celebrar este anivers\u00e1rio com um Ano especial a S\u00e3o Jos\u00e9, como o Papa Francisco proclamou, significa, recordar e invocar sempre a prote\u00e7\u00e3o especial do esposo de Maria sobre toda a Igreja, afligida hoje, n\u00e3o menos do que ent\u00e3o, por ataques materiais e feridas espirituais. Para que neste ano, todos os fi\u00e9is possam fortalecer diariamente sua vida de f\u00e9 no pleno cumprimento da vontade de Deus.<\/p>\n<p><i>Concretamente, o que estabelece o decreto?<\/i><\/p>\n<p><b>Dom Nykiel:&nbsp;<\/b>O decreto da Penitenciaria Apost\u00f3lica pretende especificar a forma como o dom da indulg\u00eancia plen\u00e1ria \u00e9 concedido aos fi\u00e9is por ocasi\u00e3o do Ano de S\u00e3o Jos\u00e9, em virtude do que o pr\u00f3prio Papa Francisco estabeleceu. Portanto, a Penitenciaria concede a indulg\u00eancia plen\u00e1ria aos fi\u00e9is que, al\u00e9m das condi\u00e7\u00f5es habituais previstas pela Igreja &#8211; confiss\u00e3o sacramental, comunh\u00e3o eucar\u00edstica e a ora\u00e7\u00e3o segundo com as inten\u00e7\u00f5es do Santo Padre &#8211; pratiquem cinco atos particulares de piedade ou obras de caridade ligadas ao modelo representado pelo pai putativo de Jesus. As obras indulgenciais consistem em abrir-se \u00e0 vontade de Deus, em tomar tempo para a medita\u00e7\u00e3o pessoal ou para participar de um retiro espiritual, seguindo o exemplo de Jos\u00e9, sempre pronto a aceitar a vontade de Deus; em fazer-se instrumento de justi\u00e7a e miseric\u00f3rdia do Pai atrav\u00e9s da realiza\u00e7\u00e3o de obras de miseric\u00f3rdia corporais e espirituais, como Jos\u00e9, o &#8220;homem justo&#8221; (<i>Mateus&nbsp;<\/i>1, 19); na renova\u00e7\u00e3o da comunh\u00e3o com Deus dentro da pr\u00f3pria fam\u00edlia e entre os noivos, atrav\u00e9s da recita\u00e7\u00e3o do Santo Ter\u00e7o; na santifica\u00e7\u00e3o do pr\u00f3prio trabalho confiando-o \u00e0 intercess\u00e3o de S\u00e3o Jos\u00e9 ou rezar por aqueles que s\u00e3o privados de uma ocupa\u00e7\u00e3o digna; na intercess\u00e3o pelos crist\u00e3os que sofrem formas de persegui\u00e7\u00e3o atrav\u00e9s da ora\u00e7\u00e3o das ladainhas a S\u00e3o Jos\u00e9 ou outras f\u00f3rmulas de ora\u00e7\u00e3o pr\u00f3prias dos ritos das Igrejas Orientais.<\/p>\n<p><i>Est\u00e1 sendo considerada a situa\u00e7\u00e3o relativa ao atual contexto pand\u00eamico com a propaga\u00e7\u00e3o da Covid-19?<\/i><\/p>\n<p><b>Dom Nykiel:&nbsp;<\/b>Certamente. Invocar o patroc\u00ednio de S\u00e3o Jos\u00e9 \u00e0 Igreja universal significa, antes de tudo, elevar a ele pedidos de intercess\u00e3o para p\u00f4r um fim a esta pandemia, que est\u00e1 causando tanto sofrimento e dor em todo o mundo, tanto em termos de v\u00edtimas como de doentes, assim como em suas pesadas consequ\u00eancias sociais e econ\u00f4micas. Al\u00e9m disso, no texto do decreto \u00e9 feita men\u00e7\u00e3o especial \u00e0queles que, devido \u00e0s consequ\u00eancias do cont\u00e1gio, est\u00e3o impossibilitados de preencher as condi\u00e7\u00f5es para receber indulg\u00eancia (os idosos, os doentes, os moribundos). Confiando na intercess\u00e3o de S\u00e3o Jos\u00e9, no conforto dos doentes e do santo padroeiro da boa morte, a indulg\u00eancia se estende a todos eles se, com esp\u00edrito desapegado de qualquer pecado e com a inten\u00e7\u00e3o de cumprir as condi\u00e7\u00f5es o mais r\u00e1pido poss\u00edvel, recitarem um ato de miseric\u00f3rdia em honra do Santo.<\/p>\n<p><i>Que atitudes o senhor gostaria de encorajar nos fi\u00e9is para concess\u00e3o destas indulg\u00eancias?<\/i><\/p>\n<p><b>Dom Nykiel:&nbsp;<\/b>O objetivo de toda concess\u00e3o de indulg\u00eancia \u00e9 apoiar os fi\u00e9is em sua luta contra o pecado e as for\u00e7as do mal, estimular a caridade fraterna, despertar a esperan\u00e7a de uma reconcilia\u00e7\u00e3o plena com Deus Pai, fomentar o esp\u00edrito de piedade e o fervor da caridade. Atrav\u00e9s da realiza\u00e7\u00e3o de obras de penit\u00eancia e caridade, de fato, todos t\u00eam a possibilidade de crescer no amor por Deus e pelos irm\u00e3os. A indulg\u00eancia nunca \u00e9 uma esp\u00e9cie de automatismo desligado da vida crist\u00e3, mas \u00e9 a pr\u00f3pria vida crist\u00e3, \u00e9 sua express\u00e3o e seu \u00e1pice.&nbsp;A inten\u00e7\u00e3o da Igreja \u00e9 precisamente levar os fi\u00e9is a uma intimidade cada vez maior com seu Senhor. No caso particular do Ano de S\u00e3o Jos\u00e9, cada fiel \u00e9 convidado a olhar para a figura do carpinteiro de Nazar\u00e9 para aprofundar aqueles aspectos da rela\u00e7\u00e3o com Deus que o exemplo de S\u00e3o Jos\u00e9 inspira de uma forma particular. A figura do Santo n\u00e3o saiu de forma alguma de moda e \u00e9 de fato t\u00e3o relevante como sempre em nosso tempo, como recordado, entre outros, por S\u00e3o Jo\u00e3o Paulo II e, mais recentemente, pelo Papa Francisco.<\/p>\n<p><i>Por que tanto o Beato Pio IX como o Papa Francisco quiseram confiar o caminho da Igreja \u00e0 prote\u00e7\u00e3o de S\u00e3o Jos\u00e9?<\/i><\/p>\n<p><b>Dom Nykiel:&nbsp;<\/b>Na realidade, eu diria que a devo\u00e7\u00e3o a S\u00e3o Jos\u00e9 n\u00e3o \u00e9 apenas uma caracter\u00edstica destes dois Pont\u00edfices, mas \u00e9 como um rio c\u00e1rsico que percorre todos os s\u00e9culos da hist\u00f3ria da Igreja, reemergindo de tempos em tempos com particular evid\u00eancia. Para citar apenas um exemplo relativamente pr\u00f3ximo, lembro que S\u00e3o Jo\u00e3o XXIII declarou S\u00e3o Jos\u00e9 como o santo padroeiro do Conc\u00edlio Ecum\u00eanico Vaticano II e fez com que seu nome fosse explicitamente inserido no c\u00e2non da Missa. O fato \u00e9 que aquele que foi o pai putativo de Jesus pode e deve ser considerado tamb\u00e9m o &#8220;pai putativo&#8221; de todos n\u00f3s crist\u00e3os, em todas as circunst\u00e2ncias de nossas vidas. Permito-me, a este respeito, citar uma passagem da vida escrita por Santa Teresa de Jesus, doutora da Igreja e grande devota de S\u00e3o Jos\u00e9:<\/p>\n<div>\n<div class=\"article__embed article__embed--border embed_style\">\n<blockquote><p>\u201cE tomei por advogado e senhor ao glorioso S\u00e3o Jos\u00e9 e me encomendei muito a ele [&#8230;] N\u00e3o me lembro at\u00e9 hoje de haver-lhe suplicado nada que n\u00e3o me tenha concedido. \u00c9 coisa que espanta as grandes merc\u00eas que me fez Deus por meio deste bem-aventurado santo, e dos perigos de que me livrou, tanto de corpo como de alma; que a outros santos parece que lhes deu o Senhor gra\u00e7a para socorrer em uma necessidade; mas a este glorioso santo tenho experi\u00eancia de que socorre em todas, e quer o Senhor nos dar a entender, que assim como a ele esteve submetido na terra, pois como tinha nome de pai, sendo guardi\u00e3o, nele podia mandar, assim no c\u00e9u faz o quanto lhe pede\u201d.<\/p><\/blockquote>\n<\/div>\n<\/div>\n<\/div>\n<div class=\"article__text \">\n<p><b>Informa\u00e7\u00f5es: Nicola Gori \u2013 Vatican News<\/b><\/p>\n<\/div>\n","protected":false},"excerpt":{"rendered":"<p>O regente da Penitenci\u00e1ria Apost\u00f3lica, Dom Nykiel, explica a natureza das indulg\u00eancias ligadas ao Ano especial dedicado pelo Papa Francisco a S\u00e3o Jos\u00e9, um convite para realizar atos de caridade seguindo o exemplo do &#8220;homem justo&#8221;. &nbsp; Ser\u00e3o concedidas algumas indulg\u00eancias especiais para o &#8220;Ano Josefino&#8221; convocado pelo Papa Francisco de 8 de dezembro de&nbsp;<\/p>\n<p><a class=\"btn btn-style\" href=\"http:\/\/portalcatolico.net\/portal\/cinco-gestos-para-assemelhar-a-sao-jose\/\">Continue Reading<\/a><\/p>\n","protected":false},"author":2,"featured_media":70802,"comment_status":"open","ping_status":"open","sticky":false,"template":"","format":"standard","meta":{"footnotes":""},"categories":[5],"tags":[],"class_list":["post-70801","post","type-post","status-publish","format-standard","has-post-thumbnail","hentry","category-igreja_no_mundo"],"_links":{"self":[{"href":"http:\/\/portalcatolico.net\/portal\/wp-json\/wp\/v2\/posts\/70801","targetHints":{"allow":["GET"]}}],"collection":[{"href":"http:\/\/portalcatolico.net\/portal\/wp-json\/wp\/v2\/posts"}],"about":[{"href":"http:\/\/portalcatolico.net\/portal\/wp-json\/wp\/v2\/types\/post"}],"author":[{"embeddable":true,"href":"http:\/\/portalcatolico.net\/portal\/wp-json\/wp\/v2\/users\/2"}],"replies":[{"embeddable":true,"href":"http:\/\/portalcatolico.net\/portal\/wp-json\/wp\/v2\/comments?post=70801"}],"version-history":[{"count":1,"href":"http:\/\/portalcatolico.net\/portal\/wp-json\/wp\/v2\/posts\/70801\/revisions"}],"predecessor-version":[{"id":70803,"href":"http:\/\/portalcatolico.net\/portal\/wp-json\/wp\/v2\/posts\/70801\/revisions\/70803"}],"wp:featuredmedia":[{"embeddable":true,"href":"http:\/\/portalcatolico.net\/portal\/wp-json\/wp\/v2\/media\/70802"}],"wp:attachment":[{"href":"http:\/\/portalcatolico.net\/portal\/wp-json\/wp\/v2\/media?parent=70801"}],"wp:term":[{"taxonomy":"category","embeddable":true,"href":"http:\/\/portalcatolico.net\/portal\/wp-json\/wp\/v2\/categories?post=70801"},{"taxonomy":"post_tag","embeddable":true,"href":"http:\/\/portalcatolico.net\/portal\/wp-json\/wp\/v2\/tags?post=70801"}],"curies":[{"name":"wp","href":"https:\/\/api.w.org\/{rel}","templated":true}]}}