{"id":70798,"date":"2020-12-09T13:13:36","date_gmt":"2020-12-09T16:13:36","guid":{"rendered":"http:\/\/portalcatolico.net\/portal\/?p=70798"},"modified":"2020-12-09T21:15:50","modified_gmt":"2020-12-10T00:15:50","slug":"papa-concedera-indulgencia-aos-que-celebrarem-nossa-senhora-de-guadalupe-em-casa","status":"publish","type":"post","link":"http:\/\/portalcatolico.net\/portal\/papa-concedera-indulgencia-aos-que-celebrarem-nossa-senhora-de-guadalupe-em-casa\/","title":{"rendered":"PAPA CONCEDER\u00c1 INDULG\u00caNCIA AOS QUE CELEBRAREM NOSSA SENHORA DE GUADALUPE EM CASA"},"content":{"rendered":"<div class=\"article__text \">\n<p>A Penitenciaria Apost\u00f3lica publicou um decreto para a extens\u00e3o das indulg\u00eancias e de todos os benef\u00edcios por ocasi\u00e3o dos 125 anos da Coroa\u00e7\u00e3o de Nossa Senhora de Guadalupe. Segundo o Decreto os fi\u00e9is poder\u00e3o receber as indulg\u00eancias em suas casas. O Santu\u00e1rio de Nossa Senhora de Guadalupe ser\u00e1 fechado de 10 a 13 de dezembro para evitar aglomera\u00e7\u00f5es devido \u00e0 pandemia<\/p>\n<p>A Penitenciaria Apost\u00f3lica publicou o Decreto para a extens\u00e3o das indulg\u00eancias e todos os benef\u00edcios, por ocasi\u00e3o do 125\u00ba Anivers\u00e1rio da Coroa\u00e7\u00e3o de Nossa Senhora de Guadalupe que tem sua Festa no dia 12 de dezembro. Devido \u00e0 atual epidemia da COVID-19, os fi\u00e9is de todo o mundo, poder\u00e3o receber as indulg\u00eancias em suas casas. N\u00e3o ser\u00e1 necess\u00e1rio fazer uma peregrina\u00e7\u00e3o f\u00edsica \u00e0 Bas\u00edlica Nacional de Guadalupe, mas poder\u00e3o substituir este ato de piedade com algumas condi\u00e7\u00f5es. Segundo o Decreto, a venera\u00e7\u00e3o de uma Imagem Sagrada de Nossa Senhora de Guadalupe e, sobretudo, o acompanhamento das celebra\u00e7\u00f5es sagradas atrav\u00e9s da m\u00eddia (r\u00e1dio, televis\u00e3o, \u201ctransmiss\u00e3o ao vivo\u201d e \u201cradiodifus\u00e3o\u201d) ser\u00e3o suficientes para receber as indulg\u00eancias. Por fim l\u00ea-se no Decreto se espera que \u201co pr\u00f3prio sacrif\u00edcio de n\u00e3o poder participar fisicamente possa ajudar a crescer na f\u00e9 em comunh\u00e3o hier\u00e1rquica e na devo\u00e7\u00e3o filial ao Sumo Pont\u00edfice e a toda a Igreja\u201d.<\/p>\n<h4><strong>Comunicado do Cardel Retes<\/strong><\/h4>\n<p>O Decreto da Penitenciaria Apost\u00f3lica, foi comunicado ao povo mexicano pelo cardeal Aguiar Retes, arcebispo da Cidade do M\u00e9xico. O cardeal mexicano lan\u00e7ou uma nota aos fi\u00e9is afirmando \u201cO Papa Francisco oferece Indulg\u00eancia Plen\u00e1ria aos que celebrarem Nossa Senhora de Guadalupe em suas casas\u201d.&nbsp; Tamb\u00e9m conta que escreveu uma carta ao Papa Francisco recordando que depois de um ano dif\u00edcil como 2020, certamente o povo iria buscar o consolo de Santa Maria de Guadalupe, sem pensar nos riscos de cont\u00e1gio da Covid-19.<\/p>\n<p>O cardeal Retes conta que \u201csolicitou ao Papa Francisco a gra\u00e7a de conceder a Indulg\u00eancia Plen\u00e1ria aos fi\u00e9is que celebrarem em suas casas para evitar aglomera\u00e7\u00f5es\u201d. E no domingo, 6 de dezembro no altar maior da Bas\u00edlica de Guadalupe o cardeal informou sobre a resposta positiva do Santo Padre e as condi\u00e7\u00f5es necess\u00e1rias para receb\u00ea-las:<\/p>\n<p>-Preparar um lugar de ora\u00e7\u00e3o \u00e0 Nossa Senhora de Guadalupe em seu pr\u00f3prio lar;<\/p>\n<p>\u2013 Participar atrav\u00e9s da m\u00eddia, seguindo com devo\u00e7\u00e3o e aten\u00e7\u00e3o exclusiva, como se faz em forma presencial, a uma das missas a serem celebradas na Bas\u00edlica de Guadalupe;<\/p>\n<p>\u2013 Cumprir as condi\u00e7\u00f5es habituais para obter as indulg\u00eancias: 1. rezar pelas inten\u00e7\u00f5es do Santo Padre. 2. Estar na gra\u00e7a de Deus por ter confessado. 3. Assistir \u00e0 missa completa. 4. Comungar. As tr\u00eas \u00faltimas condi\u00e7\u00f5es podem ser satisfeitas desde que as condi\u00e7\u00f5es sanit\u00e1rias o permitam.<\/p>\n<p>O Cardeal conclui: \u201cDesejo que nosso povo peregrino, que desde o fundo de seu cora\u00e7\u00e3o ferido busque o conforto, a prote\u00e7\u00e3o e a ternura de Nossa Senhora, aproveite gra\u00e7a que o Papa Francisco nos concedeu e que \u00e9 extensiva aos os fi\u00e9is defuntos.<\/p>\n<\/div>\n<pre>Com informa\u00e7\u00f5es de Jane Nogara - Vatican News<\/pre>\n","protected":false},"excerpt":{"rendered":"<p>A Penitenciaria Apost\u00f3lica publicou um decreto para a extens\u00e3o das indulg\u00eancias e de todos os benef\u00edcios por ocasi\u00e3o dos 125 anos da Coroa\u00e7\u00e3o de Nossa Senhora de Guadalupe. Segundo o Decreto os fi\u00e9is poder\u00e3o receber as indulg\u00eancias em suas casas. O Santu\u00e1rio de Nossa Senhora de Guadalupe ser\u00e1 fechado de 10 a 13 de dezembro&nbsp;<\/p>\n<p><a class=\"btn btn-style\" href=\"http:\/\/portalcatolico.net\/portal\/papa-concedera-indulgencia-aos-que-celebrarem-nossa-senhora-de-guadalupe-em-casa\/\">Continue Reading<\/a><\/p>\n","protected":false},"author":2,"featured_media":70800,"comment_status":"open","ping_status":"open","sticky":false,"template":"","format":"standard","meta":{"footnotes":""},"categories":[5],"tags":[],"class_list":["post-70798","post","type-post","status-publish","format-standard","has-post-thumbnail","hentry","category-igreja_no_mundo"],"_links":{"self":[{"href":"http:\/\/portalcatolico.net\/portal\/wp-json\/wp\/v2\/posts\/70798","targetHints":{"allow":["GET"]}}],"collection":[{"href":"http:\/\/portalcatolico.net\/portal\/wp-json\/wp\/v2\/posts"}],"about":[{"href":"http:\/\/portalcatolico.net\/portal\/wp-json\/wp\/v2\/types\/post"}],"author":[{"embeddable":true,"href":"http:\/\/portalcatolico.net\/portal\/wp-json\/wp\/v2\/users\/2"}],"replies":[{"embeddable":true,"href":"http:\/\/portalcatolico.net\/portal\/wp-json\/wp\/v2\/comments?post=70798"}],"version-history":[{"count":1,"href":"http:\/\/portalcatolico.net\/portal\/wp-json\/wp\/v2\/posts\/70798\/revisions"}],"predecessor-version":[{"id":70799,"href":"http:\/\/portalcatolico.net\/portal\/wp-json\/wp\/v2\/posts\/70798\/revisions\/70799"}],"wp:featuredmedia":[{"embeddable":true,"href":"http:\/\/portalcatolico.net\/portal\/wp-json\/wp\/v2\/media\/70800"}],"wp:attachment":[{"href":"http:\/\/portalcatolico.net\/portal\/wp-json\/wp\/v2\/media?parent=70798"}],"wp:term":[{"taxonomy":"category","embeddable":true,"href":"http:\/\/portalcatolico.net\/portal\/wp-json\/wp\/v2\/categories?post=70798"},{"taxonomy":"post_tag","embeddable":true,"href":"http:\/\/portalcatolico.net\/portal\/wp-json\/wp\/v2\/tags?post=70798"}],"curies":[{"name":"wp","href":"https:\/\/api.w.org\/{rel}","templated":true}]}}