{"id":70791,"date":"2020-12-09T20:58:33","date_gmt":"2020-12-09T23:58:33","guid":{"rendered":"http:\/\/portalcatolico.net\/portal\/?p=70791"},"modified":"2020-12-09T21:12:30","modified_gmt":"2020-12-10T00:12:30","slug":"triduo-de-santa-luzia-acontece-esta-semana-em-itabuna","status":"publish","type":"post","link":"http:\/\/portalcatolico.net\/portal\/triduo-de-santa-luzia-acontece-esta-semana-em-itabuna\/","title":{"rendered":"Tr\u00edduo de Santa Luzia acontece esta semana em Itabuna!"},"content":{"rendered":"<p style=\"font-weight: 400;\">Santa Luzia, padroeira do bairro Carlos Silva (que fica no final de linha do bairro S\u00e3o Caetano), em Itabuna, vai ser celebrada, com um Tr\u00edduo, nesta semana!&nbsp;<\/p>\n<p style=\"font-weight: 400;\">O tema central da festa \u00e9:&#8221; Senhor o que&nbsp;queres de mim?&#8221; e o lema: &#8220;Vem o segue-me!&#8221;.&nbsp;&nbsp;<\/p>\n<p style=\"font-weight: 400;\">O tr\u00edduo em prepara\u00e7\u00e3o da&nbsp;santa, come\u00e7ar\u00e1 no dia 10 e segue at\u00e9 domingo, dia 13, dia festivo!&nbsp;&nbsp;<\/p>\n<p style=\"font-weight: 400;\">&nbsp;Santa&nbsp;Luzia&nbsp; \u00e9 invocada pelos fi\u00e9is como a protetora dos olhos, que s\u00e3o a&nbsp;&#8220;janela da alma&#8221;, canal de luz.<br \/>\nA comunidade comp\u00f5e a par\u00f3quia Santa Rita de C\u00e1ssia em Itabuna (BA).<br \/>\n<strong>Confira a programa\u00e7\u00e3o no cartaz!&nbsp;<\/strong><\/p>\n<p><img loading=\"lazy\" decoding=\"async\" class=\"alignnone wp-image-70792\" src=\"http:\/\/portalcatolico.net\/portal\/wp-content\/uploads\/2020\/12\/ea112ee5-baef-4583-b674-c9c6eb2b70aa-249x300.jpg\" alt=\"\" width=\"802\" height=\"966\" srcset=\"http:\/\/portalcatolico.net\/portal\/wp-content\/uploads\/2020\/12\/ea112ee5-baef-4583-b674-c9c6eb2b70aa-249x300.jpg 249w, http:\/\/portalcatolico.net\/portal\/wp-content\/uploads\/2020\/12\/ea112ee5-baef-4583-b674-c9c6eb2b70aa-849x1024.jpg 849w\" sizes=\"auto, (max-width: 802px) 100vw, 802px\" \/><\/p>\n","protected":false},"excerpt":{"rendered":"<p>Santa Luzia, padroeira do bairro Carlos Silva (que fica no final de linha do bairro S\u00e3o Caetano), em Itabuna, vai ser celebrada, com um Tr\u00edduo, nesta semana!&nbsp; O tema central da festa \u00e9:&#8221; Senhor o que&nbsp;queres de mim?&#8221; e o lema: &#8220;Vem o segue-me!&#8221;.&nbsp;&nbsp; O tr\u00edduo em prepara\u00e7\u00e3o da&nbsp;santa, come\u00e7ar\u00e1 no dia 10 e segue&nbsp;<\/p>\n<p><a class=\"btn btn-style\" href=\"http:\/\/portalcatolico.net\/portal\/triduo-de-santa-luzia-acontece-esta-semana-em-itabuna\/\">Continue Reading<\/a><\/p>\n","protected":false},"author":2,"featured_media":45124,"comment_status":"closed","ping_status":"closed","sticky":false,"template":"","format":"standard","meta":{"footnotes":""},"categories":[1],"tags":[],"class_list":["post-70791","post","type-post","status-publish","format-standard","has-post-thumbnail","hentry","category-agenda"],"_links":{"self":[{"href":"http:\/\/portalcatolico.net\/portal\/wp-json\/wp\/v2\/posts\/70791","targetHints":{"allow":["GET"]}}],"collection":[{"href":"http:\/\/portalcatolico.net\/portal\/wp-json\/wp\/v2\/posts"}],"about":[{"href":"http:\/\/portalcatolico.net\/portal\/wp-json\/wp\/v2\/types\/post"}],"author":[{"embeddable":true,"href":"http:\/\/portalcatolico.net\/portal\/wp-json\/wp\/v2\/users\/2"}],"replies":[{"embeddable":true,"href":"http:\/\/portalcatolico.net\/portal\/wp-json\/wp\/v2\/comments?post=70791"}],"version-history":[{"count":2,"href":"http:\/\/portalcatolico.net\/portal\/wp-json\/wp\/v2\/posts\/70791\/revisions"}],"predecessor-version":[{"id":70797,"href":"http:\/\/portalcatolico.net\/portal\/wp-json\/wp\/v2\/posts\/70791\/revisions\/70797"}],"wp:featuredmedia":[{"embeddable":true,"href":"http:\/\/portalcatolico.net\/portal\/wp-json\/wp\/v2\/media\/45124"}],"wp:attachment":[{"href":"http:\/\/portalcatolico.net\/portal\/wp-json\/wp\/v2\/media?parent=70791"}],"wp:term":[{"taxonomy":"category","embeddable":true,"href":"http:\/\/portalcatolico.net\/portal\/wp-json\/wp\/v2\/categories?post=70791"},{"taxonomy":"post_tag","embeddable":true,"href":"http:\/\/portalcatolico.net\/portal\/wp-json\/wp\/v2\/tags?post=70791"}],"curies":[{"name":"wp","href":"https:\/\/api.w.org\/{rel}","templated":true}]}}