{"id":70617,"date":"2020-11-09T19:46:30","date_gmt":"2020-11-09T22:46:30","guid":{"rendered":"http:\/\/portalcatolico.net\/portal\/?p=70617"},"modified":"2020-11-09T19:46:30","modified_gmt":"2020-11-09T22:46:30","slug":"missa-de-ordenacao-presbiteral-e-realizada-na-diocese-de-caratinga-em-minas-gerais","status":"publish","type":"post","link":"http:\/\/portalcatolico.net\/portal\/missa-de-ordenacao-presbiteral-e-realizada-na-diocese-de-caratinga-em-minas-gerais\/","title":{"rendered":"Missa de Ordena\u00e7\u00e3o Presbiteral \u00e9 realizada na Diocese de Caratinga, em Minas Gerais"},"content":{"rendered":"<div class=\"PlainText\" dir=\"auto\">A diocese de Caratinga (MG) realizou neste domingo, 08 de novembro, a Missa de Ordena\u00e7\u00e3o Presbiteral de cinco di\u00e1conos. A celebra\u00e7\u00e3o teve in\u00edcio \u00e0s 15h, na par\u00f3quia Nossa Senhora das Dores, na&nbsp; cidade de S\u00e3o Domingo das Dores (MG), com a presid\u00eancia&nbsp; de Dom Emanuel Messias de Oliveira e concelebra\u00e7\u00e3o por padres diocesanos, di\u00e1conos e seminaristas.<br \/>\nParticiparam da celebra\u00e7\u00e3o, os familiares dos di\u00e1conos parentes e amigos.<br \/>\nAs ordena\u00e7\u00f5es foram realizadas de forma restrita, por conta da pandemia. A Missa foi&nbsp;transmitida pelo canal da Diocese no Youtube.<\/div>\n<div class=\"PlainText\" dir=\"auto\">Os cinco novos padres para servir a Igreja de Cristo e aos irm\u00e3os, s\u00e3o: Erasmo Gomes dos Santos, Higor Luiz Arantes Nepomuceno, Jos\u00e9 Geraldo da Silva, Malvino Roberto Pires Neto e Sebasti\u00e3o Caetano Dias.<br \/>\nNos Ritos finais, os novos padres fizeram seus agradecimentos. Confira a cerim\u00f4nia completa, neste link:<br \/>\n<a href=\"https:\/\/www.youtube.com\/watch?v=GMmGDG3sRic\" target=\"_blank\" rel=\"noopener noreferrer\">https:\/\/www.youtube.com\/watch?v=GMmGDG3sRic<\/a>.<\/div>\n<div dir=\"auto\">Foto: Capture de v\u00eddeo<\/div>\n","protected":false},"excerpt":{"rendered":"<p>A diocese de Caratinga (MG) realizou neste domingo, 08 de novembro, a Missa de Ordena\u00e7\u00e3o Presbiteral de cinco di\u00e1conos. A celebra\u00e7\u00e3o teve in\u00edcio \u00e0s 15h, na par\u00f3quia Nossa Senhora das Dores, na&nbsp; cidade de S\u00e3o Domingo das Dores (MG), com a presid\u00eancia&nbsp; de Dom Emanuel Messias de Oliveira e concelebra\u00e7\u00e3o por padres diocesanos, di\u00e1conos e&nbsp;<\/p>\n<p><a class=\"btn btn-style\" href=\"http:\/\/portalcatolico.net\/portal\/missa-de-ordenacao-presbiteral-e-realizada-na-diocese-de-caratinga-em-minas-gerais\/\">Continue Reading<\/a><\/p>\n","protected":false},"author":2,"featured_media":70618,"comment_status":"open","ping_status":"open","sticky":false,"template":"","format":"standard","meta":{"footnotes":""},"categories":[68],"tags":[],"class_list":["post-70617","post","type-post","status-publish","format-standard","has-post-thumbnail","hentry","category-homilias"],"_links":{"self":[{"href":"http:\/\/portalcatolico.net\/portal\/wp-json\/wp\/v2\/posts\/70617","targetHints":{"allow":["GET"]}}],"collection":[{"href":"http:\/\/portalcatolico.net\/portal\/wp-json\/wp\/v2\/posts"}],"about":[{"href":"http:\/\/portalcatolico.net\/portal\/wp-json\/wp\/v2\/types\/post"}],"author":[{"embeddable":true,"href":"http:\/\/portalcatolico.net\/portal\/wp-json\/wp\/v2\/users\/2"}],"replies":[{"embeddable":true,"href":"http:\/\/portalcatolico.net\/portal\/wp-json\/wp\/v2\/comments?post=70617"}],"version-history":[{"count":1,"href":"http:\/\/portalcatolico.net\/portal\/wp-json\/wp\/v2\/posts\/70617\/revisions"}],"predecessor-version":[{"id":70619,"href":"http:\/\/portalcatolico.net\/portal\/wp-json\/wp\/v2\/posts\/70617\/revisions\/70619"}],"wp:featuredmedia":[{"embeddable":true,"href":"http:\/\/portalcatolico.net\/portal\/wp-json\/wp\/v2\/media\/70618"}],"wp:attachment":[{"href":"http:\/\/portalcatolico.net\/portal\/wp-json\/wp\/v2\/media?parent=70617"}],"wp:term":[{"taxonomy":"category","embeddable":true,"href":"http:\/\/portalcatolico.net\/portal\/wp-json\/wp\/v2\/categories?post=70617"},{"taxonomy":"post_tag","embeddable":true,"href":"http:\/\/portalcatolico.net\/portal\/wp-json\/wp\/v2\/tags?post=70617"}],"curies":[{"name":"wp","href":"https:\/\/api.w.org\/{rel}","templated":true}]}}