{"id":70614,"date":"2020-11-08T17:54:45","date_gmt":"2020-11-08T20:54:45","guid":{"rendered":"http:\/\/portalcatolico.net\/portal\/?p=70614"},"modified":"2020-11-08T17:54:45","modified_gmt":"2020-11-08T20:54:45","slug":"colombia-o-beato-carlo-acutis-novo-padroeiro-dos-jovens-de-riohacha","status":"publish","type":"post","link":"http:\/\/portalcatolico.net\/portal\/colombia-o-beato-carlo-acutis-novo-padroeiro-dos-jovens-de-riohacha\/","title":{"rendered":"Col\u00f4mbia. O beato Carlo Acutis novo padroeiro dos jovens de Riohacha"},"content":{"rendered":"<div class=\"article__subTitle\">&#8220;O objetivo dos jovens n\u00e3o pode ser limitado, o objetivo vai al\u00e9m dos sonhos terrenos, o objetivo deve ser o c\u00e9u&#8221;. Palavras de Dom Francisco Antonio Ceballos Escobar, que confiou os jovens da diocese de Riohacha ao beato Carlo Acutis definindo-o &#8220;modelo de santidade e guia para a vida di\u00e1ria, um adolescente apaixonado pela Eucaristia&#8221;.<\/div>\n<div>&nbsp;<\/div>\n<div class=\"title__separator\">\n<p>&#8220;Os jovens da diocese de Riohacha t\u00eam um novo padroeiro&#8221;! Dom Francisco Antonio Ceballos Escobar anunciou em um comunicado da diocese em 3 de novembro, nomeando com decreto episcopal o Beato Carlo Acutis, Padroeiro e Modelo da Santidade da Juventude desta Igreja particular\u201d. A data do an\u00fancio coincide com a Celebra\u00e7\u00e3o Virtual da Juventude 2020, dia 31 de outubro, e foi acolhido com alegria por centenas de jovens, reunidos para viver esta experi\u00eancia celebrativa.<\/p>\n<p><b>O amor de Carlo Acutis pela Eucaristia, Nossa Senhora e o Ros\u00e1rio<\/b><\/p>\n<p>No comunicado o bispo lembrou da figura do jovem Beato, que disse que se pode ser jovem, moderno e santo ao mesmo tempo: &#8220;Carlo Acutis \u2013 disse &#8211; era um adolescente de nosso tempo como muitos outros, dedicado \u00e0 escola, aos amigos. Amava a Eucaristia, Nossa Senhora e o Ros\u00e1rio. Foi um catequista que levou as verdades da f\u00e9 a outras crian\u00e7as&#8221;.<\/p>\n<p>O bispo de Riohacha explicou que o jovem Carlo era um especialista em inform\u00e1tica, a ponto de ser considerado um g\u00eanio por seus amigos e especialistas em engenharia inform\u00e1tica. &#8220;Os interesses de Carlo variavam desde programa\u00e7\u00e3o de computadores, edi\u00e7\u00e3o de v\u00eddeo, cria\u00e7\u00e3o de websites, news letters, que ele tamb\u00e9m escrevia, at\u00e9 voluntariado com os necessitados, com crian\u00e7as e idosos&#8221;, conta Dom Ceballos Escobar. Carlo amava os meios tecnol\u00f3gicos e sabia que estes podiam nos levar para coisas que n\u00e3o s\u00e3o de Deus, nos fazer alienar e ficar sem Deus. No entanto, &#8220;ele os usava para evangelizar&#8221;, sublinhou.&nbsp;<\/p>\n<p><b>&#8220;Busquem os caminhos da santidade na vida di\u00e1ria!&#8221;<\/b><\/p>\n<p>&#8220;Jesus Cristo \u00e9 e ser\u00e1 sempre o caminho para ser feliz&#8221;, lembrou o bispo aos jovens desta Igreja particular e de La Guajira, convidando-os a buscar os caminhos da santidade na vida di\u00e1ria, seguindo o exemplo de Carlo. &#8220;O objetivo dos jovens n\u00e3o pode ser limitado, o objetivo vai al\u00e9m dos sonhos terrenos, o objetivo deve ser o c\u00e9u&#8221;, concluiu ele.<\/p>\n<\/div>\n<div class=\"article__text \">\n<p><b>Por:Anna Poce- Vatican News<\/b><\/p>\n<\/div>\n","protected":false},"excerpt":{"rendered":"<p>&#8220;O objetivo dos jovens n\u00e3o pode ser limitado, o objetivo vai al\u00e9m dos sonhos terrenos, o objetivo deve ser o c\u00e9u&#8221;. Palavras de Dom Francisco Antonio Ceballos Escobar, que confiou os jovens da diocese de Riohacha ao beato Carlo Acutis definindo-o &#8220;modelo de santidade e guia para a vida di\u00e1ria, um adolescente apaixonado pela Eucaristia&#8221;.&nbsp;<\/p>\n<p><a class=\"btn btn-style\" href=\"http:\/\/portalcatolico.net\/portal\/colombia-o-beato-carlo-acutis-novo-padroeiro-dos-jovens-de-riohacha\/\">Continue Reading<\/a><\/p>\n","protected":false},"author":2,"featured_media":70615,"comment_status":"open","ping_status":"open","sticky":false,"template":"","format":"standard","meta":{"footnotes":""},"categories":[5],"tags":[],"class_list":["post-70614","post","type-post","status-publish","format-standard","has-post-thumbnail","hentry","category-igreja_no_mundo"],"_links":{"self":[{"href":"http:\/\/portalcatolico.net\/portal\/wp-json\/wp\/v2\/posts\/70614","targetHints":{"allow":["GET"]}}],"collection":[{"href":"http:\/\/portalcatolico.net\/portal\/wp-json\/wp\/v2\/posts"}],"about":[{"href":"http:\/\/portalcatolico.net\/portal\/wp-json\/wp\/v2\/types\/post"}],"author":[{"embeddable":true,"href":"http:\/\/portalcatolico.net\/portal\/wp-json\/wp\/v2\/users\/2"}],"replies":[{"embeddable":true,"href":"http:\/\/portalcatolico.net\/portal\/wp-json\/wp\/v2\/comments?post=70614"}],"version-history":[{"count":1,"href":"http:\/\/portalcatolico.net\/portal\/wp-json\/wp\/v2\/posts\/70614\/revisions"}],"predecessor-version":[{"id":70616,"href":"http:\/\/portalcatolico.net\/portal\/wp-json\/wp\/v2\/posts\/70614\/revisions\/70616"}],"wp:featuredmedia":[{"embeddable":true,"href":"http:\/\/portalcatolico.net\/portal\/wp-json\/wp\/v2\/media\/70615"}],"wp:attachment":[{"href":"http:\/\/portalcatolico.net\/portal\/wp-json\/wp\/v2\/media?parent=70614"}],"wp:term":[{"taxonomy":"category","embeddable":true,"href":"http:\/\/portalcatolico.net\/portal\/wp-json\/wp\/v2\/categories?post=70614"},{"taxonomy":"post_tag","embeddable":true,"href":"http:\/\/portalcatolico.net\/portal\/wp-json\/wp\/v2\/tags?post=70614"}],"curies":[{"name":"wp","href":"https:\/\/api.w.org\/{rel}","templated":true}]}}