{"id":70607,"date":"2020-11-07T19:00:15","date_gmt":"2020-11-07T22:00:15","guid":{"rendered":"http:\/\/portalcatolico.net\/portal\/?p=70607"},"modified":"2020-11-07T19:02:48","modified_gmt":"2020-11-07T22:02:48","slug":"diocese-de-itabuna-celebra-42-anos-neste-sabado","status":"publish","type":"post","link":"http:\/\/portalcatolico.net\/portal\/diocese-de-itabuna-celebra-42-anos-neste-sabado\/","title":{"rendered":"Diocese de Itabuna celebra 42 anos neste s\u00e1bado!"},"content":{"rendered":"<p style=\"font-weight: 400;\">\u00c0s 10h, deste s\u00e1bado (07\/11), uma missa em comemora\u00e7\u00e3o ao anivers\u00e1rio de funda\u00e7\u00e3o da Diocese, foi transmitida pelo Instagram da Catedral de S\u00e3o Jos\u00e9.&nbsp;&nbsp;<\/p>\n<p style=\"font-weight: 400;\">A Diocese de Itabuna foi criada pelo santo Padre, o Papa Jo\u00e3o Paulo Il, no dia 07 de novembro de 1978, pela Bula Benign\u00edssimo Dei Concilio, quando foi desmembrada integralmente da Diocese de Ilh\u00e9us, no sul da Bahia.&nbsp;<\/p>\n<p style=\"font-weight: 400;\">Com a cria\u00e7\u00e3o da Diocese de Itabuna, a Matriz S\u00e3o Jos\u00e9 passou a ser a Catedral Diocesana \u2014 a Igreja M\u00e3e de todas as Igrejas paroquiais da Diocese.<br \/>\nDe acordo com o C\u00e2non 369 do c\u00f3digo do direito can\u00f4nico: &#8220;A Diocese \u00e9 uma por\u00e7\u00e3o do povo de Deus, confiada ao pastoreio do Bispo com a coopera\u00e7\u00e3o do presbit\u00e9rio, de tal modo que, unido-se a ela ao seu pastor e, pelo Evangelho e pela Eucaristia \u2014 reunida por Ele no Esp\u00edrito Santo \u2014 Constitua uma Igreja particular na qual est\u00e1 verdadeiramente presente e operante a Igreja de Cristo \u2014 Una, Santa, Cat\u00f3lica e Apost\u00f3lica&#8221;.&nbsp;<\/p>\n<p style=\"font-weight: 400;\">A Diocese de Itabuna est\u00e1 compreendida em sua geografia pastoral desta forma: A cidade de Itabuna sendo a Forania Centro (contendo 14 Par\u00f3quias). E outras 02 Foranias \u2013 A Forania Sul (seguindo a BR 101 e um pouco da faixa litor\u00e2nea \u00e9 composta por 11 Par\u00f3quias) e a Forania Norte (seguindo a BR 415 \u00e9 composta por 08 Par\u00f3quias).&nbsp;<\/p>\n<p style=\"font-weight: 400;\">Atualmente, Dom Carlos Alberto dos Santos \u00e9 o Bispo da Diocese de Itabuna.&nbsp;<\/p>\n<p>Foto: Arquivo\/Portal Cat\u00f3lico. Net<\/p>\n","protected":false},"excerpt":{"rendered":"<p>\u00c0s 10h, deste s\u00e1bado (07\/11), uma missa em comemora\u00e7\u00e3o ao anivers\u00e1rio de funda\u00e7\u00e3o da Diocese, foi transmitida pelo Instagram da Catedral de S\u00e3o Jos\u00e9.&nbsp;&nbsp; A Diocese de Itabuna foi criada pelo santo Padre, o Papa Jo\u00e3o Paulo Il, no dia 07 de novembro de 1978, pela Bula Benign\u00edssimo Dei Concilio, quando foi desmembrada integralmente da&nbsp;<\/p>\n<p><a class=\"btn btn-style\" href=\"http:\/\/portalcatolico.net\/portal\/diocese-de-itabuna-celebra-42-anos-neste-sabado\/\">Continue Reading<\/a><\/p>\n","protected":false},"author":2,"featured_media":70609,"comment_status":"open","ping_status":"open","sticky":false,"template":"","format":"standard","meta":{"footnotes":""},"categories":[4],"tags":[],"class_list":["post-70607","post","type-post","status-publish","format-standard","has-post-thumbnail","hentry","category-destaques"],"_links":{"self":[{"href":"http:\/\/portalcatolico.net\/portal\/wp-json\/wp\/v2\/posts\/70607","targetHints":{"allow":["GET"]}}],"collection":[{"href":"http:\/\/portalcatolico.net\/portal\/wp-json\/wp\/v2\/posts"}],"about":[{"href":"http:\/\/portalcatolico.net\/portal\/wp-json\/wp\/v2\/types\/post"}],"author":[{"embeddable":true,"href":"http:\/\/portalcatolico.net\/portal\/wp-json\/wp\/v2\/users\/2"}],"replies":[{"embeddable":true,"href":"http:\/\/portalcatolico.net\/portal\/wp-json\/wp\/v2\/comments?post=70607"}],"version-history":[{"count":3,"href":"http:\/\/portalcatolico.net\/portal\/wp-json\/wp\/v2\/posts\/70607\/revisions"}],"predecessor-version":[{"id":70611,"href":"http:\/\/portalcatolico.net\/portal\/wp-json\/wp\/v2\/posts\/70607\/revisions\/70611"}],"wp:featuredmedia":[{"embeddable":true,"href":"http:\/\/portalcatolico.net\/portal\/wp-json\/wp\/v2\/media\/70609"}],"wp:attachment":[{"href":"http:\/\/portalcatolico.net\/portal\/wp-json\/wp\/v2\/media?parent=70607"}],"wp:term":[{"taxonomy":"category","embeddable":true,"href":"http:\/\/portalcatolico.net\/portal\/wp-json\/wp\/v2\/categories?post=70607"},{"taxonomy":"post_tag","embeddable":true,"href":"http:\/\/portalcatolico.net\/portal\/wp-json\/wp\/v2\/tags?post=70607"}],"curies":[{"name":"wp","href":"https:\/\/api.w.org\/{rel}","templated":true}]}}