{"id":70604,"date":"2020-11-06T19:31:19","date_gmt":"2020-11-06T22:31:19","guid":{"rendered":"http:\/\/portalcatolico.net\/portal\/?p=70604"},"modified":"2020-11-06T19:31:19","modified_gmt":"2020-11-06T22:31:19","slug":"a-secretaria-de-estado-do-vaticano-nao-administrara-mais-o-dinheiro-da-igreja","status":"publish","type":"post","link":"http:\/\/portalcatolico.net\/portal\/a-secretaria-de-estado-do-vaticano-nao-administrara-mais-o-dinheiro-da-igreja\/","title":{"rendered":"A Secretaria de Estado do Vaticano n\u00e3o administrar\u00e1 mais o dinheiro da Igreja"},"content":{"rendered":"<p><em>Na Carta do Papa ao Cardeal Parolin, o Pont\u00edfice pede que se desfa\u00e7a \u201co mais r\u00e1pido poss\u00edvel\u201d do fundo Centurion, que afetou a reputa\u00e7\u00e3o da Igreja.<\/em><\/p>\n<p>A Secretaria de Estado do Vaticano n\u00e3o vai mais gerir o dinheiro da Igreja; apenas o necess\u00e1rio para seu funcionamento. Isso \u00e9 o que se deduz do que foi dito por Matteo Bruni, diretor da sala de imprensa do Vaticano. Os fundos que eram geridos pela Secretaria de Estado passam a ser geridos pela Administra\u00e7\u00e3o do Patrim\u00f4nio da S\u00e9 Apost\u00f3lica (APSA).<\/p>\n<p>Ontem, quarta-feira, o Papa Francisco presidiu uma reuni\u00e3o na qual participaram o Secret\u00e1rio de Estado, Cardeal Parolin, o substituto da Secretaria de Estado, Dom Edgar Pe\u00f1a; o Secret\u00e1rio-Geral do Governatorato do Estado da Cidade do Vaticano, Dom Fernando Vergez; o Presidente da Administra\u00e7\u00e3o do Patrim\u00f4nio da S\u00e9 Apost\u00f3lica (APSA), Dom Nunzio Galantino; e o Prefeito da Secretaria para Economia (SPE), o jesu\u00edta Pe. Juan Antonio Guerrero.<\/p>\n<p>O tema da reuni\u00e3o foi a implementa\u00e7\u00e3o do que o Papa tinha solicitado em uma carta dirigida ao Cardeal Parolin em 25 de agosto passado sobre estes assuntos.<\/p>\n<p>\u201cNa mesma reuni\u00e3o \u2013 disse Bruni \u2013 o Papa criou a \u2018Comiss\u00e3o de passagem e controle\u2019, que entra em funcionamento com efeito imediato, para levar a cabo, nos pr\u00f3ximos tr\u00eas meses, as disposi\u00e7\u00f5es contidas na carta dirigida ao Secret\u00e1rio de Estado\u201d. A Comiss\u00e3o \u00e9 constitu\u00edda pelo Substituto da Secretaria de Estado, pelo Presidente da APSA e pelo Prefeito da Secretaria para a Economia.<\/p>\n<h2>A carta do Papa<\/h2>\n<p>Francisco expressou em seu texto de 25 de agosto que \u201ca Secretaria de Estado \u00e9 sem d\u00favida o Dicast\u00e9rio que mais estreita e diretamente apoia a a\u00e7\u00e3o\u201d do Papa \u201cna sua miss\u00e3o, representando um ponto de refer\u00eancia essencial na vida da C\u00faria e dos Dicast\u00e9rios que dela fazem parte\u201d. Contudo, n\u00e3o parece necess\u00e1rio nem oportuno que a Secretaria de Estado desempenhe todas as fun\u00e7\u00f5es que j\u00e1 s\u00e3o atribu\u00eddas a outras depend\u00eancias da C\u00faria.<\/p>\n<p>N\u00e3o apenas os fundos financeiros, mas tamb\u00e9m os patrim\u00f4nios imobili\u00e1rios s\u00e3o transferidos para a APSA. Entre esses patrim\u00f4nios imobili\u00e1rios est\u00e1 inclu\u00edda \u2013 e \u00e9 mencionada na Carta do Papa \u2013 a propriedade em&nbsp;<em>60, Sloane Avenue<\/em>, em Londres, que tem causado tanta dor de cabe\u00e7a \u00e0 C\u00faria. A Carta tamb\u00e9m menciona o famoso fundo Centuri\u00f3n, \u201cdo qual \u00e9 preciso sair o mais rapidamente poss\u00edvel, ou pelo menos dispor deles de maneira que se eliminem todos os riscos de reputa\u00e7\u00e3o\u201d.<\/p>\n<h2>Uma comiss\u00e3o aprovar\u00e1 o fundo que se destina a \u201cassuntos confidenciais\u201d<\/h2>\n<p>A partir de agora, a Secretaria de Estado funcionar\u00e1 \u201catrav\u00e9s de um or\u00e7amento aprovado pelos mecanismos habituais, com os procedimentos pr\u00f3prios exigidos a qualquer departamento, exceto no que diz respeito aos assuntos confidenciais que est\u00e3o sujeitos a sigilo, aprovados pelo Comiss\u00e3o designada para esta finalidade \u201d.<\/p>\n<p>Esta comiss\u00e3o, chamada de assuntos reservados, \u00e9 composta pelo cardeal Kevin Farrell; por Dom Filippo Iannon que atua como secret\u00e1rio, e tamb\u00e9m s\u00e3o membros Dom Fernando V\u00e9rgez Alzaga, Dom Nunzio Galantino e Pe. Juan Antonio Guerrero. Eles determinar\u00e3o, caso a caso, quais os atos econ\u00f4micos que devem ser mantidos em sigilo.<\/p>\n<p>A supervis\u00e3o de todo o fundo ser\u00e1 responsabilidade da Secretaria para a Economia.<\/p>\n<p><em>Com informa\u00e7\u00f5es de Vatican News<\/em><\/p>\n","protected":false},"excerpt":{"rendered":"<p>Na Carta do Papa ao Cardeal Parolin, o Pont\u00edfice pede que se desfa\u00e7a \u201co mais r\u00e1pido poss\u00edvel\u201d do fundo Centurion, que afetou a reputa\u00e7\u00e3o da Igreja. A Secretaria de Estado do Vaticano n\u00e3o vai mais gerir o dinheiro da Igreja; apenas o necess\u00e1rio para seu funcionamento. Isso \u00e9 o que se deduz do que foi&nbsp;<\/p>\n<p><a class=\"btn btn-style\" href=\"http:\/\/portalcatolico.net\/portal\/a-secretaria-de-estado-do-vaticano-nao-administrara-mais-o-dinheiro-da-igreja\/\">Continue Reading<\/a><\/p>\n","protected":false},"author":2,"featured_media":70605,"comment_status":"open","ping_status":"open","sticky":false,"template":"","format":"standard","meta":{"footnotes":""},"categories":[5],"tags":[],"class_list":["post-70604","post","type-post","status-publish","format-standard","has-post-thumbnail","hentry","category-igreja_no_mundo"],"_links":{"self":[{"href":"http:\/\/portalcatolico.net\/portal\/wp-json\/wp\/v2\/posts\/70604","targetHints":{"allow":["GET"]}}],"collection":[{"href":"http:\/\/portalcatolico.net\/portal\/wp-json\/wp\/v2\/posts"}],"about":[{"href":"http:\/\/portalcatolico.net\/portal\/wp-json\/wp\/v2\/types\/post"}],"author":[{"embeddable":true,"href":"http:\/\/portalcatolico.net\/portal\/wp-json\/wp\/v2\/users\/2"}],"replies":[{"embeddable":true,"href":"http:\/\/portalcatolico.net\/portal\/wp-json\/wp\/v2\/comments?post=70604"}],"version-history":[{"count":1,"href":"http:\/\/portalcatolico.net\/portal\/wp-json\/wp\/v2\/posts\/70604\/revisions"}],"predecessor-version":[{"id":70606,"href":"http:\/\/portalcatolico.net\/portal\/wp-json\/wp\/v2\/posts\/70604\/revisions\/70606"}],"wp:featuredmedia":[{"embeddable":true,"href":"http:\/\/portalcatolico.net\/portal\/wp-json\/wp\/v2\/media\/70605"}],"wp:attachment":[{"href":"http:\/\/portalcatolico.net\/portal\/wp-json\/wp\/v2\/media?parent=70604"}],"wp:term":[{"taxonomy":"category","embeddable":true,"href":"http:\/\/portalcatolico.net\/portal\/wp-json\/wp\/v2\/categories?post=70604"},{"taxonomy":"post_tag","embeddable":true,"href":"http:\/\/portalcatolico.net\/portal\/wp-json\/wp\/v2\/tags?post=70604"}],"curies":[{"name":"wp","href":"https:\/\/api.w.org\/{rel}","templated":true}]}}