{"id":70601,"date":"2020-11-06T18:52:30","date_gmt":"2020-11-06T21:52:30","guid":{"rendered":"http:\/\/portalcatolico.net\/portal\/?p=70601"},"modified":"2020-11-06T18:52:30","modified_gmt":"2020-11-06T21:52:30","slug":"essas-sao-as-tres-martires-da-castidade-brasileiras","status":"publish","type":"post","link":"http:\/\/portalcatolico.net\/portal\/essas-sao-as-tres-martires-da-castidade-brasileiras\/","title":{"rendered":"Essas s\u00e3o as tr\u00eas \u201cm\u00e1rtires da castidade\u201d brasileiras"},"content":{"rendered":"<p>No \u00faltimo dia 28 de outubro, foi publicado o decreto da Congrega\u00e7\u00e3o para as Causas dos Santos que reconheceu o mart\u00edrio de Isabel Cristina Mrad Campos, uma jovem que ao lado de outras duas brasileiras se torna mais uma \u201cm\u00e1rtir da castidade\u201d do Brasil.<\/p>\n<p>\u201cIsabel Cristina soube ser cat\u00f3lica e defender os valores da&nbsp;Igreja, que ela sempre anunciou e morreu por causa disso\u201d, disse o Arcebispo de Mariana, Dom Airton Jos\u00e9 dos Santos durante&nbsp;Missa&nbsp;em a\u00e7\u00e3o de gra\u00e7as pelo reconhecimento do mart\u00edrio de Isabel Cristina, no \u00faltimo dia 31 de outubro.<\/p>\n<p>Ao agradecer ao Papa Francisco, o Prelado indicou que agora esperam \u201ccom muita alegria e esperan\u00e7a o dia que ela ser\u00e1 beatificada\u201d.<\/p>\n<p>Al\u00e9m de Isabel Cristina, outras duas brasileiras foram martirizadas para defender sua castidade e s\u00e3o modelos para a juventude do pa\u00eds, a j\u00e1 Bem-aventurada Albertina Berkenbrock e Benigna Cardoso da Silva, cuja data de beatifica\u00e7\u00e3o tamb\u00e9m \u00e9 aguardada.<\/p>\n<p>A seguir, confira a biografia dessas brasileiras \u201cm\u00e1rtires da castidade\u201d:<\/p>\n<p><strong>Bem-aventurada Albertina Berkenbrock<\/strong><\/p>\n<p>Albertina nasceu em 11 de abril de 1919, em Imaru\u00ed (SC). Filha de agricultores, recebeu desde cedo uma forma\u00e7\u00e3o cat\u00f3lica. Participava da&nbsp;vida&nbsp;religiosa de sua comunidade, confessava-se com frequ\u00eancia e sempre participava da&nbsp;Eucaristia. Cultivou especial devo\u00e7\u00e3o a Nossa Senhora e ao padroeiro de sua comunidade, S\u00e3o Lu\u00eds.<\/p>\n<p>Em 15 de junho de 1931, quando tinha 12 anos, Albertina obedeceu a um pedido de seu pai e foi procurar um animal que estava perdido. No caminho, encontrou seu malfeitor, apelidado \u201cManeco Palho\u00e7a\u201d.<\/p>\n<p>A jovem perguntou a ele se sabia onde estava o animal que procurava e o homem lhe indicou uma pista falsa, enviando a menina para o local onde tentou violent\u00e1-la. Albertina n\u00e3o se deixou subjugar. Resistiu bravamente e n\u00e3o cedeu. Ent\u00e3o, Maneco cravou um canivete em seu pesco\u00e7o, degolando-a.<\/p>\n<div class=\"ad_inline\">&nbsp;<\/div>\n<p>O homem escondeu o canivete e foi avisar aos familiares da menina que ela tinha sido assassinada, mas desviou-se de poss\u00edveis acusa\u00e7\u00f5es.<\/p>\n<p>Jurando inoc\u00eancia, um homem chamado Jo\u00e3o C\u00e2ndido chegou a ser preso, acusado injustamente. Entretanto, Maneco n\u00e3o conseguiu esconder por muito tempo seu crime. Segundo consta, o assassino n\u00e3o parava de ir e vir na sala do vel\u00f3rio e, ao aproximar-se do caix\u00e3o, a ferida no pesco\u00e7o de Albertina come\u00e7ou a sangrar novamente.<\/p>\n<p>Foi ent\u00e3o que o prefeito da cidade mandou soltar Jo\u00e3o C\u00e2ndido e, com ele, pegou um crucifixo na capela. Os dois seguiram at\u00e9 o vel\u00f3rio e a cruz foi colocada sobre o peito da menina morta. Ali, Jo\u00e3o se ajoelhou e, com as m\u00e3os no crucifixo, jurou ser inocente. Conforme relatos, naquele momento a ferida parou de sangrar.<\/p>\n<p>A essa altura, Maneco Palho\u00e7a havia fugido, mas foi preso posteriormente. Ele confessou o crime e deixou claro que Albertina n\u00e3o cedeu \u00e0 sua inten\u00e7\u00e3o de manter rela\u00e7\u00f5es sexuais com ela porque n\u00e3o queria pecar.<\/p>\n<p>Albertina Berkenbrock foi proclamada Bem-Aventurada em 20 de outubro de 2007 pelo&nbsp;Papa Bento XVI.<\/p>\n<p><strong>Benigna Cardoso da Silva<\/strong><\/p>\n<p>Tamb\u00e9m conhecida como \u201chero\u00edna da castidade\u201d, Benigna nasceu em 15 de outubro de 1928, em Santana do Cariri (CE). Em 24 de outubro de 1941, aos 13 anos, foi assassinada, ap\u00f3s se recusar a ter rela\u00e7\u00f5es sexuais com um adolescente.<\/p>\n<p>Conforme relata o site da Diocese de Crato, amenina Benigna \u201cera muito religiosa e temente a Deus\u201d. A jovem era assediada por um colega de escola, mas rejeitou as propostas dele.<\/p>\n<p>Ent\u00e3o, em uma tarde de sexta-feira, o rapaz, Raul Alves, sabendo que a menina costumava buscar \u00e1gua pr\u00f3ximo de casa, escondeu-se atr\u00e1s do mato e a abordou, tentando abusar da menina.<\/p>\n<p>Como Benigna resistiu e dizia \u201cn\u00e3o\u201d com veem\u00eancia, o rapaz a golpeou com um fac\u00e3o , assassinado a meninda.<\/p>\n<p>Na \u00e9poca do assassinato, conforme conta Vatican News, Pe. Cristiano Coelho Rodrigues, que fora mentor espiritual da jovem, escreveu a seguinte nota ao lado do registro de&nbsp;batismo&nbsp;de Benigna: \u201cMorreu martirizada, \u00e0s 4 horas da tarde, no dia 24 de outubro de 1941, no sitio Oiti. Hero\u00edna da Castidade, que sua santa alma converta a freguesia e sirva de prote\u00e7\u00e3o \u00e0s crian\u00e7as e \u00e0s fam\u00edlias da Par\u00f3quia. S\u00e3o os votos que fa\u00e7o \u00e0 nossa santinha\u201d.<\/p>\n<p>Desde ent\u00e3o, vem aumentando a devo\u00e7\u00e3o \u00e0 menina. Em 2004, teve in\u00edcio a Romaria da Menina Benigna, que acontece de 15 a 24 de outubro e entrou para o calend\u00e1rio oficial do Estado do Cear\u00e1 em junho de 2019.<\/p>\n<p>O Papa Francisco autorizou a beatifica\u00e7\u00e3o da menina Benigna em outubro de 2019 e, inicialmente, a data estava marcada para 21 de outubro deste ano. Por\u00e9m, precisou ser adiada devido \u00e0 pandemia de coronav\u00edrus.<\/p>\n<p>Embora ainda n\u00e3o haja uma data prevista para a beatifica\u00e7\u00e3o da jovem m\u00e1rtir, esta dever\u00e1 ocorrer apenas em 2021.<\/p>\n<p><strong>Isabel Cristina Mrad Campos<\/strong><\/p>\n<p>Isabel Cristina Mrad Campos nasceu em 29 de julho de 1962, em Barbacena (MG), em uma fam\u00edlia cat\u00f3lica, filha de Jos\u00e9 Mendes Campos e Helena Mrad Campos. De acordo com informa\u00e7\u00f5es da Arquidiocese de Mariana, era \u201csens\u00edvel, sobretudo com os mais pobres, idosos e crian\u00e7as, o que certamente aprendeu na fam\u00edlia, que era vicentina\u201d.<\/p>\n<p>Desde a adolesc\u00eancia, fez parte da Associa\u00e7\u00e3o de voluntariado das Confer\u00eancias de S\u00e3o Vicente e seu pai foi presidente do Conselho Central de Barbacena. Participava frequentemente da Missa e dos&nbsp;Sacramentos.<\/p>\n<p>Em 1982, mudou-se para Juiz de Fora (MG) a fim de frequentar um curso pr\u00e9-vestibular para ingressar na faculdade de medicina, pois sonhava em ser pediatra para ajudar crian\u00e7as carentes.<\/p>\n<p>Desde o in\u00edcio, indica o site postulazionecausesanti.it, \u201cachou na nova cidade um lugar para poder estudar, mas acima de tudo para rezar na Igreja do Cen\u00e1culo, onde era exposto o Sant\u00edssimo Sacramento\u201d.<\/p>\n<p>Naquele mesmo ano, a jovem preparava um pequeno apartamento para onde havia se mudado com seu irm\u00e3o, Paulo Roberto. No dia 1\u00ba de setembro, um homem que foi para montar um guarda-roupa tentou violent\u00e1-la, mas Isabel resistiu para manter sua castidade.<\/p>\n<p>Diante da resist\u00eancia da jovem, o homem lhe deu uma cadeirada na cabe\u00e7a, amarrou a mo\u00e7a, amorda\u00e7ou e rasgou suas roupas. Como a jovem n\u00e3o cedeu, o agressor lhe deu 15 facadas, matando-a.<\/p>\n<p>Devido ao modo como morreu e, sobretudo, pela forma como viveu \u2013 indica a Arquidiocese mineira \u2013 \u201calgumas pessoas tiveram a iniciativa de entrar com o pedido de um processo para sua beatifica\u00e7\u00e3o\u201d e o processo foi instalado em 2001.<\/p>\n<p>Como Isabel Cristina foi batizada e recebeu a primeira comunh\u00e3o na Matriz da Piedade, em Barbacena, e tamb\u00e9m pela liga\u00e7\u00e3o afetiva de seus pais com a par\u00f3quia, decidiu-se que seus restos mortais deveriam ficar no Santu\u00e1rio da Piedade.<\/p>\n<p>Ap\u00f3s o reconhecimento de seu mart\u00edrio, no \u00faltimo dia 28 de outubro, agora se aguarda a data de sua beatifica\u00e7\u00e3o.(ACI)<\/p>\n<p>Albertina Berkenbrock, Benigna Cardoso e Isabel Cristina. Cr\u00e9ditos: www.beataalbertina.com \/ Facebook Par\u00f3quia Senhora Sant&#8217;Ana &#8211; Santana do Cariri \/Arquidiocese de Mariana<\/p>\n","protected":false},"excerpt":{"rendered":"<p>No \u00faltimo dia 28 de outubro, foi publicado o decreto da Congrega\u00e7\u00e3o para as Causas dos Santos que reconheceu o mart\u00edrio de Isabel Cristina Mrad Campos, uma jovem que ao lado de outras duas brasileiras se torna mais uma \u201cm\u00e1rtir da castidade\u201d do Brasil. \u201cIsabel Cristina soube ser cat\u00f3lica e defender os valores da&nbsp;Igreja, que&nbsp;<\/p>\n<p><a class=\"btn btn-style\" href=\"http:\/\/portalcatolico.net\/portal\/essas-sao-as-tres-martires-da-castidade-brasileiras\/\">Continue Reading<\/a><\/p>\n","protected":false},"author":2,"featured_media":70602,"comment_status":"open","ping_status":"open","sticky":false,"template":"","format":"standard","meta":{"footnotes":""},"categories":[5],"tags":[],"class_list":["post-70601","post","type-post","status-publish","format-standard","has-post-thumbnail","hentry","category-igreja_no_mundo"],"_links":{"self":[{"href":"http:\/\/portalcatolico.net\/portal\/wp-json\/wp\/v2\/posts\/70601","targetHints":{"allow":["GET"]}}],"collection":[{"href":"http:\/\/portalcatolico.net\/portal\/wp-json\/wp\/v2\/posts"}],"about":[{"href":"http:\/\/portalcatolico.net\/portal\/wp-json\/wp\/v2\/types\/post"}],"author":[{"embeddable":true,"href":"http:\/\/portalcatolico.net\/portal\/wp-json\/wp\/v2\/users\/2"}],"replies":[{"embeddable":true,"href":"http:\/\/portalcatolico.net\/portal\/wp-json\/wp\/v2\/comments?post=70601"}],"version-history":[{"count":1,"href":"http:\/\/portalcatolico.net\/portal\/wp-json\/wp\/v2\/posts\/70601\/revisions"}],"predecessor-version":[{"id":70603,"href":"http:\/\/portalcatolico.net\/portal\/wp-json\/wp\/v2\/posts\/70601\/revisions\/70603"}],"wp:featuredmedia":[{"embeddable":true,"href":"http:\/\/portalcatolico.net\/portal\/wp-json\/wp\/v2\/media\/70602"}],"wp:attachment":[{"href":"http:\/\/portalcatolico.net\/portal\/wp-json\/wp\/v2\/media?parent=70601"}],"wp:term":[{"taxonomy":"category","embeddable":true,"href":"http:\/\/portalcatolico.net\/portal\/wp-json\/wp\/v2\/categories?post=70601"},{"taxonomy":"post_tag","embeddable":true,"href":"http:\/\/portalcatolico.net\/portal\/wp-json\/wp\/v2\/tags?post=70601"}],"curies":[{"name":"wp","href":"https:\/\/api.w.org\/{rel}","templated":true}]}}