{"id":70595,"date":"2020-11-04T19:21:21","date_gmt":"2020-11-04T22:21:21","guid":{"rendered":"http:\/\/portalcatolico.net\/portal\/?p=70595"},"modified":"2020-11-04T19:21:21","modified_gmt":"2020-11-04T22:21:21","slug":"encontro-pastoral-carceraria-em-itabuna","status":"publish","type":"post","link":"http:\/\/portalcatolico.net\/portal\/encontro-pastoral-carceraria-em-itabuna\/","title":{"rendered":"ENCONTRO PASTORAL CARCER\u00c1RIA EM  ITABUNA"},"content":{"rendered":"<p><em>A Diocese de Itabuna (BA) est\u00e1 buscando retomar as suas atividades de atua\u00e7\u00e3o mais organizada da Pastoral Carcer\u00e1ria, principalmente na visita religiosa e atua\u00e7\u00e3o pastoral tendo em vista a exist\u00eancia do Conjunto Penal de Itabuna. Neste sentido, no pr\u00f3ximo s\u00e1bado, dia 07\/11, ocorrer\u00e1 um momento de forma\u00e7\u00e3o para reencontro daqueles que ao longo dos \u00faltimos anos realizavam as atividades desta pastoral, das 13:30 at\u00e9 \u00e0s 18:00hs, na Igreja Santa Maria Goretti, no bairro da Mangabinha, com enceramento com a Santa Missa, prevista para iniciar-se \u00e0s 17:00hs. <\/em><\/p>\n<p><em>Todos aqueles cat\u00f3licos de caminhada que j\u00e1 tiveram experi\u00eancia de atua\u00e7\u00e3o na Pastoral Carcer\u00e1ria ou em outras pastorais e movimentos s\u00e3o convidados a participar. O evento ser\u00e1 monitorado pelo Padre Francisco de Paulo nomeado assessor espiritual da pastoral carcer\u00e1ria e P\u00e1roco da Par\u00f3quia Santa Maria Goretti e por Davi Pedreira de Souza, assessor jur\u00eddico da pastoral carcer\u00e1ria do Nordeste III da CNBB \u2013 Bahia e Sergipe e contar\u00e1 com a presen\u00e7a e participa\u00e7\u00e3o de Dom Carlos Alberto dos Santos, Bispo da Diocese de Itabuna.<\/em><\/p>\n<p>Foto: Arquivo\/Pastoral Carcer\u00e1ria&nbsp;<\/p>\n<p>Texto: Pastoral Carcer\u00e1ria\/Diocese de Itabuna(BA)<\/p>\n<p><em>&nbsp;<\/em><\/p>\n","protected":false},"excerpt":{"rendered":"<p>A Diocese de Itabuna (BA) est\u00e1 buscando retomar as suas atividades de atua\u00e7\u00e3o mais organizada da Pastoral Carcer\u00e1ria, principalmente na visita religiosa e atua\u00e7\u00e3o pastoral tendo em vista a exist\u00eancia do Conjunto Penal de Itabuna. Neste sentido, no pr\u00f3ximo s\u00e1bado, dia 07\/11, ocorrer\u00e1 um momento de forma\u00e7\u00e3o para reencontro daqueles que ao longo dos \u00faltimos&nbsp;<\/p>\n<p><a class=\"btn btn-style\" href=\"http:\/\/portalcatolico.net\/portal\/encontro-pastoral-carceraria-em-itabuna\/\">Continue Reading<\/a><\/p>\n","protected":false},"author":2,"featured_media":70596,"comment_status":"open","ping_status":"open","sticky":false,"template":"","format":"standard","meta":{"footnotes":""},"categories":[4],"tags":[],"class_list":["post-70595","post","type-post","status-publish","format-standard","has-post-thumbnail","hentry","category-destaques"],"_links":{"self":[{"href":"http:\/\/portalcatolico.net\/portal\/wp-json\/wp\/v2\/posts\/70595","targetHints":{"allow":["GET"]}}],"collection":[{"href":"http:\/\/portalcatolico.net\/portal\/wp-json\/wp\/v2\/posts"}],"about":[{"href":"http:\/\/portalcatolico.net\/portal\/wp-json\/wp\/v2\/types\/post"}],"author":[{"embeddable":true,"href":"http:\/\/portalcatolico.net\/portal\/wp-json\/wp\/v2\/users\/2"}],"replies":[{"embeddable":true,"href":"http:\/\/portalcatolico.net\/portal\/wp-json\/wp\/v2\/comments?post=70595"}],"version-history":[{"count":1,"href":"http:\/\/portalcatolico.net\/portal\/wp-json\/wp\/v2\/posts\/70595\/revisions"}],"predecessor-version":[{"id":70597,"href":"http:\/\/portalcatolico.net\/portal\/wp-json\/wp\/v2\/posts\/70595\/revisions\/70597"}],"wp:featuredmedia":[{"embeddable":true,"href":"http:\/\/portalcatolico.net\/portal\/wp-json\/wp\/v2\/media\/70596"}],"wp:attachment":[{"href":"http:\/\/portalcatolico.net\/portal\/wp-json\/wp\/v2\/media?parent=70595"}],"wp:term":[{"taxonomy":"category","embeddable":true,"href":"http:\/\/portalcatolico.net\/portal\/wp-json\/wp\/v2\/categories?post=70595"},{"taxonomy":"post_tag","embeddable":true,"href":"http:\/\/portalcatolico.net\/portal\/wp-json\/wp\/v2\/tags?post=70595"}],"curies":[{"name":"wp","href":"https:\/\/api.w.org\/{rel}","templated":true}]}}