{"id":70592,"date":"2020-11-04T19:15:18","date_gmt":"2020-11-04T22:15:18","guid":{"rendered":"http:\/\/portalcatolico.net\/portal\/?p=70592"},"modified":"2020-11-04T19:15:18","modified_gmt":"2020-11-04T22:15:18","slug":"uma-conexao-de-fe-e-esperanca-de-uma-pequena-cidade-para-uma-multidao-de-fieis","status":"publish","type":"post","link":"http:\/\/portalcatolico.net\/portal\/uma-conexao-de-fe-e-esperanca-de-uma-pequena-cidade-para-uma-multidao-de-fieis\/","title":{"rendered":"Uma conex\u00e3o de f\u00e9 e esperan\u00e7a: de uma pequena cidade para uma multid\u00e3o de fi\u00e9is"},"content":{"rendered":"<div class=\"article__subTitle\">Em meio a pandemia do Coronav\u00edrus, surge uma luz divina que intercedeu junto \u00e0 comunidade. O grupo de ora\u00e7\u00e3o \u201cCinthia\u201d criado pelo Padre Marcos reza todas as noites o Ter\u00e7o da Miseric\u00f3rdia e \u00e9 um exemplo da for\u00e7a do evangelho em tempos de internet.<\/div>\n<div>&nbsp;<\/div>\n<div class=\"title__separator\">\n<p>Uma pequena cidade se torna grande pela f\u00e9 do seu povo. No estado de Santa Catarina, encontramos uma hist\u00f3ria de f\u00e9, conex\u00e3o, carinho e esperan\u00e7a em tempos de pandemia. Com apenas um celular, um prop\u00f3sito definido e o amor pelo sacerd\u00f3cio, Padre Marcos Roberto Medeiros est\u00e1 provando que mesmo em tempos de distanciamento \u00e9 poss\u00edvel estarmos pr\u00f3ximos uns dos outros.<\/p>\n<p><b>Luz divina<\/b><\/p>\n<p>Padre Marcos ou \u201cMarquinhos\u201d, como \u00e9 carinhosamente chamado pela comunidade, atua na Par\u00f3quia S\u00e3o Francisco das Chagas no munic\u00edpio de Lacerd\u00f3polis. A cidade, com forte voca\u00e7\u00e3o ao agroneg\u00f3cio, possui aproximadamente 2.247 habitantes e pertence a Diocese de Joa\u00e7aba sob o bispado de Dom Frei M\u00e1rio Marquez OFMCap. Eis que em meio a pandemia do Coronav\u00edrus, surge uma luz divina que intercedeu junto \u00e0 comunidade e no dia 10 de Abril, h\u00e1 quase sete meses, iniciou-se um Grupo de Ora\u00e7\u00e3o no Facebook em formato de novena em prepara\u00e7\u00e3o a Festa da Divina Miseric\u00f3rdia celebrada no Segundo Domingo da P\u00e1scoa. Um pedido de Jesus a Santa Faustina e institu\u00edda como Festa da Igreja por Jo\u00e3o Paulo II.<\/p>\n<p><b>Grupo Cinthia<\/b><\/p>\n<p>Assim, pelos dias sequentes, Padre Marcos realizou uma transmiss\u00e3o ao vivo pelo seu perfil pessoal no Facebook convidando a comunidade para rezar juntos o Ter\u00e7o da Miseric\u00f3rdia. No nono dia da Novena, a pergunta derradeira. \u201cPedi ao grupo se eles gostariam de permanecer e a decis\u00e3o foi un\u00e2nime. Todos aceitaram continuar vivendo essa experi\u00eancia de f\u00e9 e esperan\u00e7a em um momento em que est\u00e1vamos isolados em face da pandemia\u201d, explicou Padre Marcos. Eis que ap\u00f3s a decis\u00e3o surge um pedido especial. \u201cAp\u00f3s a decis\u00e3o de mantermos o grupo, nos veio um pedido muito especial: rezarmos pela recupera\u00e7\u00e3o da Cinthia que estava com Covid-19 e internada na UTI. Unidos a toda a fam\u00edlia, come\u00e7amos as ora\u00e7\u00f5es e a Cinthia conseguiu superar este desafio e est\u00e1 recuperada deste v\u00edrus. Por esse motivo, carinhosamente, chamamos nosso grupo de Cinthia em virtude desta recupera\u00e7\u00e3o\u201d, detalhou Padre Marcos.<\/p>\n<p><b>Encontro de paz e b\u00ean\u00e7\u00e3os de uni\u00e3o<\/b><\/p>\n<p>A for\u00e7a da f\u00e9 provocou uma uni\u00e3o tamb\u00e9m dos familiares da Cinthia que residiam em outros lugares do mundo como \u00e9 o caso do Jorge e da Mari Carmem que de Madrid na Espanha juntaram-se ao Grupo de Ora\u00e7\u00e3o. \u201cInclusive, um dos momentos mais especiais foi receber a visita do Jorge, da J\u00falia, da Luciane a da Patr\u00edcia que vieram celebrar a recupera\u00e7\u00e3o da Cinthia e agradecer ao Grupo por todas as ora\u00e7\u00f5es e intercess\u00f5es neste momento dif\u00edcil\u201d, completou. Em virtude do grande n\u00famero de visualiza\u00e7\u00f5es, criou-se uma p\u00e1gina para possibilitar uma maior intera\u00e7\u00e3o com os fi\u00e9is que todas as noites rezam unidos. \u201cA partir de agora esperamos que o grupo continue sendo um momento de encontro de paz e b\u00ean\u00e7\u00e3os de uni\u00e3o. Que seja instrumento do Senhor para a evangeliza\u00e7\u00e3o\u201d, completou Padre Marcos.<\/p>\n<p><b>10 mil pessoas rezando o Ter\u00e7o da Miseric\u00f3rdia<\/b><\/p>\n<p>\u00c9 a conex\u00e3o, o tempo e o carinho com as pessoas que est\u00e3o tornando este projeto de evangeliza\u00e7\u00e3o cada vez mais intenso chegando a ultrapassar mais de 10 mil pessoas alcan\u00e7adas em cada Ter\u00e7o da Miseric\u00f3rdia rezado ao vivo. Para Dom Frei M\u00e1rio Marquez, bispo diocesano de Joa\u00e7aba, as transmiss\u00f5es ao vivo \u201cs\u00e3o mais uma forma de levar o Evangelho de Jesus Cristo a todas as pessoas. Parab\u00e9ns ao Padre Marcos e a todos que acompanham este Grupo de Ora\u00e7\u00e3o\u201d.<\/p>\n<p>O Grupo de Ora\u00e7\u00e3o Cinthia vai ao ar todas as noites a partir das 20h45 na seguinte p\u00e1gina: <a href=\"https:\/\/www.facebook.com\/padremarcosrobertomedeiros\">https:\/\/www.facebook.com\/padremarcosrobertomedeiros<\/a><\/p>\n<\/div>\n<div class=\"article__text \">\n<p><b>Por: Angelo Junior Radavelli\/Vatican News<\/b><\/p>\n<\/div>\n","protected":false},"excerpt":{"rendered":"<p>Em meio a pandemia do Coronav\u00edrus, surge uma luz divina que intercedeu junto \u00e0 comunidade. O grupo de ora\u00e7\u00e3o \u201cCinthia\u201d criado pelo Padre Marcos reza todas as noites o Ter\u00e7o da Miseric\u00f3rdia e \u00e9 um exemplo da for\u00e7a do evangelho em tempos de internet. &nbsp; Uma pequena cidade se torna grande pela f\u00e9 do seu&nbsp;<\/p>\n<p><a class=\"btn btn-style\" href=\"http:\/\/portalcatolico.net\/portal\/uma-conexao-de-fe-e-esperanca-de-uma-pequena-cidade-para-uma-multidao-de-fieis\/\">Continue Reading<\/a><\/p>\n","protected":false},"author":2,"featured_media":70593,"comment_status":"open","ping_status":"open","sticky":false,"template":"","format":"standard","meta":{"footnotes":""},"categories":[5],"tags":[],"class_list":["post-70592","post","type-post","status-publish","format-standard","has-post-thumbnail","hentry","category-igreja_no_mundo"],"_links":{"self":[{"href":"http:\/\/portalcatolico.net\/portal\/wp-json\/wp\/v2\/posts\/70592","targetHints":{"allow":["GET"]}}],"collection":[{"href":"http:\/\/portalcatolico.net\/portal\/wp-json\/wp\/v2\/posts"}],"about":[{"href":"http:\/\/portalcatolico.net\/portal\/wp-json\/wp\/v2\/types\/post"}],"author":[{"embeddable":true,"href":"http:\/\/portalcatolico.net\/portal\/wp-json\/wp\/v2\/users\/2"}],"replies":[{"embeddable":true,"href":"http:\/\/portalcatolico.net\/portal\/wp-json\/wp\/v2\/comments?post=70592"}],"version-history":[{"count":1,"href":"http:\/\/portalcatolico.net\/portal\/wp-json\/wp\/v2\/posts\/70592\/revisions"}],"predecessor-version":[{"id":70594,"href":"http:\/\/portalcatolico.net\/portal\/wp-json\/wp\/v2\/posts\/70592\/revisions\/70594"}],"wp:featuredmedia":[{"embeddable":true,"href":"http:\/\/portalcatolico.net\/portal\/wp-json\/wp\/v2\/media\/70593"}],"wp:attachment":[{"href":"http:\/\/portalcatolico.net\/portal\/wp-json\/wp\/v2\/media?parent=70592"}],"wp:term":[{"taxonomy":"category","embeddable":true,"href":"http:\/\/portalcatolico.net\/portal\/wp-json\/wp\/v2\/categories?post=70592"},{"taxonomy":"post_tag","embeddable":true,"href":"http:\/\/portalcatolico.net\/portal\/wp-json\/wp\/v2\/tags?post=70592"}],"curies":[{"name":"wp","href":"https:\/\/api.w.org\/{rel}","templated":true}]}}