{"id":70588,"date":"2020-11-04T16:13:46","date_gmt":"2020-11-04T19:13:46","guid":{"rendered":"http:\/\/portalcatolico.net\/portal\/?p=70588"},"modified":"2020-11-04T16:14:14","modified_gmt":"2020-11-04T19:14:14","slug":"santo-padre-nomeia-o-padre-valter-magno-de-carvalho-como-bispo-auxiliar-da-arquidiocese-de-sao-salvador-ba","status":"publish","type":"post","link":"http:\/\/portalcatolico.net\/portal\/santo-padre-nomeia-o-padre-valter-magno-de-carvalho-como-bispo-auxiliar-da-arquidiocese-de-sao-salvador-ba\/","title":{"rendered":"SANTO PADRE NOMEIA O PADRE VALTER MAGNO DE CARVALHO COMO BISPO AUXILIAR DA ARQUIDIOCESE DE S\u00c3O SALVADOR (BA)"},"content":{"rendered":"<p>O Papa Francisco nomeou, na manh\u00e3 desta quarta-feira, 4 de novembro, o padre Valter Magno de Carvalho como titular de Giufi e auxiliar na arquidiocese de S\u00e3o Salvador (BA). At\u00e9 ent\u00e3o, ele exerceu as fun\u00e7\u00f5es de reitor do Semin\u00e1rio Maior S\u00e3o Jos\u00e9, na arquidiocese de Mariana (MG), e diretor da Escola Diaconal S\u00e3o Louren\u00e7o, na mesma Igreja particular.<\/p>\n<h3>Trajet\u00f3ria e forma\u00e7\u00e3o<\/h3>\n<p>Padre Valter nasceu em Capela Nova (MG), em 22 de fevereiro de 1973, filho de Ant\u00f4nio Evangelista de Carvalho e Ester Luzia de Carvalho.<\/p>\n<p>Ingressou no semin\u00e1rio menor Nossa Senhora da Assun\u00e7\u00e3o, em Mariana (MG), em 1989. Cursou Filosofia no semin\u00e1rio maior S\u00e3o Jos\u00e9, de 1991 a 1992, e Teologia, no mesmo semin\u00e1rio, de 1993 a 1996, ambos na mesma arquidiocese. \u00c9 bacharel em Teologia pelo Centro de Ensino Superior, de Juiz de Fora (MG) e possui especializa\u00e7\u00e3o em Forma\u00e7\u00e3o de Presb\u00edteros Diocesanos, pelo Instituto S\u00e3o Tom\u00e1s de Aquino, de Belo Horizonte (MG) (2015).<\/p>\n<p>Foi ordenado di\u00e1cono, em 19 de outubro, de 1996, em Mariana (MG) e sacerdote, em Palmital dos Carvalhos (MG), no dia 23 de agosto de 1997.<\/p>\n<p>Al\u00e9m de ter sido presb\u00edtero em v\u00e1rias par\u00f3quias da arquidiocese de Mariana, foi diretor da Comunidade do Proped\u00eautico, em Barbacena (MG), de 1997-1999, assessor arquidiocesano da Pastoral Familiar, de 1997 a 1999. Tamb\u00e9m coordenou o curso de Teologia para leigos (CETE), em Barbacena (MG), de 2000 a 2001, e foi vig\u00e1rio episcopal na arquidiocese de Mariana.<\/p>\n<p>Atuou como membro dos seguintes organismos na arquidiocese de Mariana: Conselho de Formadores do Semin\u00e1rio Maior S\u00e3o Jos\u00e9, Col\u00e9gio dos Consultores, Conselho Presbiteral, Conselho Arquidiocesano de Assuntos Econ\u00f4micos, Conselho Arquidiocesano de Pastoral, Conselho Curador da Funda\u00e7\u00e3o Marianense de Educa\u00e7\u00e3o, Conselho Curador da Funda\u00e7\u00e3o Cultural e Educacional da Arquidiocese de Mariana e Diretoria da Escola Diaconal S\u00e3o Louren\u00e7o.<\/p>\n<blockquote><p><strong>SAUDA\u00c7\u00c3O DA CNBB<\/strong><\/p>\n<p>&nbsp; &nbsp; &nbsp; &nbsp; &nbsp; &nbsp; &nbsp; &nbsp; &nbsp; &nbsp; &nbsp; &nbsp; &nbsp; &nbsp; &nbsp; &nbsp; &nbsp; &nbsp; &nbsp; &nbsp; &nbsp; &nbsp; &nbsp; &nbsp; &nbsp; &nbsp; &nbsp; &nbsp; &nbsp; &nbsp; &nbsp; &nbsp; &nbsp; &nbsp; &nbsp; &nbsp; &nbsp; &nbsp; &nbsp; &nbsp; &nbsp; &nbsp; &nbsp; &nbsp; &nbsp; Bras\u00edlia-DF, 4 de novembro de 2020<\/p>\n<p>Prezado monsenhor, Valter Magno de Carvalho, sa\u00fade e paz!<\/p>\n<p>Recebemos com alegria a sua nomea\u00e7\u00e3o como bispo titular de Giufi e auxiliar na arquidiocese de S\u00e3o Salvador (BA), a S\u00e9 primacial do Brasil. Felizes por acolh\u00ea-lo como um irm\u00e3o no episcopado, agradecemos o gesto do Santo Padre, que com mais essa nomea\u00e7\u00e3o expressa seu zelo pela Igreja no Brasil, especialmente pelo Nordeste 3 da CNBB.<\/p>\n<p>Neste tempo em que comemoramos um ano de eleva\u00e7\u00e3o de Santa Dulce dos Pobres aos altares, o acolhemos com as palavras do Anjo Bom da Bahia: \u201cNo amor e na f\u00e9 encontraremos as for\u00e7as necess\u00e1rias para a nossa miss\u00e3o. \u201cO importante \u00e9 fazer a caridade, n\u00e3o falar de caridade e compreender o trabalho em favor dos necessitados como miss\u00e3o escolhida por Deus\u201d.<\/p>\n<p>Receba as boas-vindas \u00e0 nossa Confer\u00eancia Episcopal, nosso fraterno abra\u00e7o e os nossos mais sinceros votos de um frutuoso minist\u00e9rio episcopal, que desejamos esteja guardado pelos cuidados de S\u00e3o Francisco Xavier, mission\u00e1rio e padroeiro de S\u00e3o Salvador.<\/p>\n<p>Em Cristo,<\/p>\n<p><strong>Dom Walmor Oliveira de Azevedo<\/strong><br \/>\nArcebispo de Belo Horizonte (MG)<br \/>\n<em>Presidente da CNBB<\/em><\/p>\n<p><strong>Dom Jaime Spengler<\/strong><br \/>\nArcebispo de Porto Alegre (RS)<br \/>\n<em>Primeiro Vice-Presidente da CNBB<\/em><\/p>\n<p><strong>Dom M\u00e1rio Ant\u00f4nio da Silva<\/strong><br \/>\nBispo de Roraima (RR)<br \/>\n<em>Segundo Vice-Presidente da CNBB<\/em><\/p>\n<p><strong>Dom Joel Portella Amado<\/strong><br \/>\nBispo auxiliar da arquidiocese de S\u00e3o Sebasti\u00e3o do Rio de Janeiro (RJ)<br \/>\n<em>Secret\u00e1rio-geral da CNBB<\/em><\/p>\n<p>Confira a outra nomea\u00e7\u00e3o:&nbsp;<\/p>\n<p>BISPO AUXILIAR DA S\u00c9 PRIMACIAL DO BRASIL.&nbsp;<a href=\"https:\/\/www.cnbb.org.br\/papa-francisco-nomeou-o-padre-dorival-souza-barreto-como-bispo-auxiliar-da-se-primacial-do-brasil\/\"><strong>Clique AQUI<\/strong><\/a><\/p>\n<p>Fonte: CNBB<\/p><\/blockquote>\n","protected":false},"excerpt":{"rendered":"<p>O Papa Francisco nomeou, na manh\u00e3 desta quarta-feira, 4 de novembro, o padre Valter Magno de Carvalho como titular de Giufi e auxiliar na arquidiocese de S\u00e3o Salvador (BA). At\u00e9 ent\u00e3o, ele exerceu as fun\u00e7\u00f5es de reitor do Semin\u00e1rio Maior S\u00e3o Jos\u00e9, na arquidiocese de Mariana (MG), e diretor da Escola Diaconal S\u00e3o Louren\u00e7o, na&nbsp;<\/p>\n<p><a class=\"btn btn-style\" href=\"http:\/\/portalcatolico.net\/portal\/santo-padre-nomeia-o-padre-valter-magno-de-carvalho-como-bispo-auxiliar-da-arquidiocese-de-sao-salvador-ba\/\">Continue Reading<\/a><\/p>\n","protected":false},"author":2,"featured_media":70589,"comment_status":"open","ping_status":"open","sticky":false,"template":"","format":"standard","meta":{"footnotes":""},"categories":[4],"tags":[],"class_list":["post-70588","post","type-post","status-publish","format-standard","has-post-thumbnail","hentry","category-destaques"],"_links":{"self":[{"href":"http:\/\/portalcatolico.net\/portal\/wp-json\/wp\/v2\/posts\/70588","targetHints":{"allow":["GET"]}}],"collection":[{"href":"http:\/\/portalcatolico.net\/portal\/wp-json\/wp\/v2\/posts"}],"about":[{"href":"http:\/\/portalcatolico.net\/portal\/wp-json\/wp\/v2\/types\/post"}],"author":[{"embeddable":true,"href":"http:\/\/portalcatolico.net\/portal\/wp-json\/wp\/v2\/users\/2"}],"replies":[{"embeddable":true,"href":"http:\/\/portalcatolico.net\/portal\/wp-json\/wp\/v2\/comments?post=70588"}],"version-history":[{"count":2,"href":"http:\/\/portalcatolico.net\/portal\/wp-json\/wp\/v2\/posts\/70588\/revisions"}],"predecessor-version":[{"id":70591,"href":"http:\/\/portalcatolico.net\/portal\/wp-json\/wp\/v2\/posts\/70588\/revisions\/70591"}],"wp:featuredmedia":[{"embeddable":true,"href":"http:\/\/portalcatolico.net\/portal\/wp-json\/wp\/v2\/media\/70589"}],"wp:attachment":[{"href":"http:\/\/portalcatolico.net\/portal\/wp-json\/wp\/v2\/media?parent=70588"}],"wp:term":[{"taxonomy":"category","embeddable":true,"href":"http:\/\/portalcatolico.net\/portal\/wp-json\/wp\/v2\/categories?post=70588"},{"taxonomy":"post_tag","embeddable":true,"href":"http:\/\/portalcatolico.net\/portal\/wp-json\/wp\/v2\/tags?post=70588"}],"curies":[{"name":"wp","href":"https:\/\/api.w.org\/{rel}","templated":true}]}}