{"id":70581,"date":"2020-11-03T18:41:20","date_gmt":"2020-11-03T21:41:20","guid":{"rendered":"http:\/\/portalcatolico.net\/portal\/?p=70581"},"modified":"2020-11-03T18:51:23","modified_gmt":"2020-11-03T21:51:23","slug":"participe-do-encontro-virtual-com-casal-missionario-da-comunidade-colo-de-deus","status":"publish","type":"post","link":"http:\/\/portalcatolico.net\/portal\/participe-do-encontro-virtual-com-casal-missionario-da-comunidade-colo-de-deus\/","title":{"rendered":"Participe do Encontro virtual com casal mission\u00e1rio da Comunidade Colo de Deus"},"content":{"rendered":"<p style=\"font-weight: 400;\">Nesta quarta-feira, 04\/11,&nbsp;&nbsp;acontecer\u00e1 pelo aplicativo Zoom, um momento Mariano com Vin\u00edcius e Bruna da Comunidade Cat\u00f3lica Colo de Deus. Eles v\u00e3o abordar o tema: &#8220;Acaso n\u00e3o sabeis? Eu sou da Imaculada!&#8221;&nbsp;&nbsp;&nbsp;<\/p>\n<p style=\"font-weight: 400;\">O encontro ser\u00e1 por videoconfer\u00eancia pelo Zoom e ao vivo no YouTube no canal da Pastoral Familiar da Diocese de Itabuna(BA), \u00e0s 20h.&nbsp;<\/p>\n<p>Acompanhe pelo link :<a href=\"https:\/\/www.youtube.com\/channel\/UCM1iHOEKEYtaQkFcX0K2zrw\">https:\/\/www.youtube.com\/channel\/UCM1iHOEKEYtaQkFcX0K2zrw&nbsp;<\/a><\/p>\n","protected":false},"excerpt":{"rendered":"<p>Nesta quarta-feira, 04\/11,&nbsp;&nbsp;acontecer\u00e1 pelo aplicativo Zoom, um momento Mariano com Vin\u00edcius e Bruna da Comunidade Cat\u00f3lica Colo de Deus. Eles v\u00e3o abordar o tema: &#8220;Acaso n\u00e3o sabeis? Eu sou da Imaculada!&#8221;&nbsp;&nbsp;&nbsp; O encontro ser\u00e1 por videoconfer\u00eancia pelo Zoom e ao vivo no YouTube no canal da Pastoral Familiar da Diocese de Itabuna(BA), \u00e0s 20h.&nbsp; Acompanhe&nbsp;<\/p>\n<p><a class=\"btn btn-style\" href=\"http:\/\/portalcatolico.net\/portal\/participe-do-encontro-virtual-com-casal-missionario-da-comunidade-colo-de-deus\/\">Continue Reading<\/a><\/p>\n","protected":false},"author":2,"featured_media":70584,"comment_status":"open","ping_status":"open","sticky":false,"template":"","format":"standard","meta":{"footnotes":""},"categories":[4],"tags":[],"class_list":["post-70581","post","type-post","status-publish","format-standard","has-post-thumbnail","hentry","category-destaques"],"_links":{"self":[{"href":"http:\/\/portalcatolico.net\/portal\/wp-json\/wp\/v2\/posts\/70581","targetHints":{"allow":["GET"]}}],"collection":[{"href":"http:\/\/portalcatolico.net\/portal\/wp-json\/wp\/v2\/posts"}],"about":[{"href":"http:\/\/portalcatolico.net\/portal\/wp-json\/wp\/v2\/types\/post"}],"author":[{"embeddable":true,"href":"http:\/\/portalcatolico.net\/portal\/wp-json\/wp\/v2\/users\/2"}],"replies":[{"embeddable":true,"href":"http:\/\/portalcatolico.net\/portal\/wp-json\/wp\/v2\/comments?post=70581"}],"version-history":[{"count":4,"href":"http:\/\/portalcatolico.net\/portal\/wp-json\/wp\/v2\/posts\/70581\/revisions"}],"predecessor-version":[{"id":70586,"href":"http:\/\/portalcatolico.net\/portal\/wp-json\/wp\/v2\/posts\/70581\/revisions\/70586"}],"wp:featuredmedia":[{"embeddable":true,"href":"http:\/\/portalcatolico.net\/portal\/wp-json\/wp\/v2\/media\/70584"}],"wp:attachment":[{"href":"http:\/\/portalcatolico.net\/portal\/wp-json\/wp\/v2\/media?parent=70581"}],"wp:term":[{"taxonomy":"category","embeddable":true,"href":"http:\/\/portalcatolico.net\/portal\/wp-json\/wp\/v2\/categories?post=70581"},{"taxonomy":"post_tag","embeddable":true,"href":"http:\/\/portalcatolico.net\/portal\/wp-json\/wp\/v2\/tags?post=70581"}],"curies":[{"name":"wp","href":"https:\/\/api.w.org\/{rel}","templated":true}]}}