{"id":70576,"date":"2020-11-03T18:30:05","date_gmt":"2020-11-03T21:30:05","guid":{"rendered":"http:\/\/portalcatolico.net\/portal\/?p=70576"},"modified":"2020-11-03T18:55:03","modified_gmt":"2020-11-03T21:55:03","slug":"igreja-no-brasil-une-se-em-prece-e-em-gestos-pelos-falecidos-com-a-campanha-e-tempo-de-cuidar-da-saudade","status":"publish","type":"post","link":"http:\/\/portalcatolico.net\/portal\/igreja-no-brasil-une-se-em-prece-e-em-gestos-pelos-falecidos-com-a-campanha-e-tempo-de-cuidar-da-saudade\/","title":{"rendered":"IGREJA NO BRASIL UNE-SE EM PRECE E EM GESTOS PELOS FALECIDOS COM A CAMPANHA \u201c\u00c9 TEMPO DE CUIDAR DA SAUDADE\u201d"},"content":{"rendered":"<p>Em todo o Brasil, a Igreja esteve unida em prece pelos fi\u00e9is defuntos e no gesto de homenagem e cuidado proposto pela Confer\u00eancia Nacional dos Bispos do Brasil (CNBB) para este 2 de novembro. A iniciativa \u201c\u00c9 tempo de cuidar da saudade\u201d somou-se \u00e0s celebra\u00e7\u00f5es j\u00e1 propostas no calend\u00e1rio lit\u00fargico como uma forma de recordar os que se foram neste ano t\u00e3o desafiador, por meio do plantio de uma muda de \u00e1rvore.<\/p>\n<p>Em Belo Horizonte (MG), o arcebispo metropolitano e presidente da CNBB, dom Walmor Oliveira de Azevedo, realizou plantio de \u00e1rvores em tr\u00eas ocasi\u00f5es. No domingo, plantou oito mudas no sop\u00e9 da Serra da Piedade. No Dia de Finados, plantou tr\u00eas mudas&nbsp;ap\u00f3s a Missa celebrada no bairro Castelo, e, mais tarde, uma na Catedral Cristo Rei.&nbsp;<\/p>\n<figure class=\"wp-caption aligncenter\"><img loading=\"lazy\" decoding=\"async\" class=\" lazyloaded\" src=\"https:\/\/arquidiocesebh.org.br\/wp-content\/uploads\/2020\/11\/img-20201102-wa0112-850x566.jpg\" alt=\"\" width=\"850\" height=\"566\" data-src=\"https:\/\/arquidiocesebh.org.br\/wp-content\/uploads\/2020\/11\/img-20201102-wa0112-850x566.jpg\"><figcaption class=\"wp-caption-text\">Foto: arquidiocese de Belo Horizonte (MG)<\/figcaption><\/figure>\n<p>Durante a Missa no Parque Ursulina Andrade Mello, bairro Castelo, ao lado do padre J\u00fanior Amaral, p\u00e1roco da Par\u00f3quia Nossa Senhora de Guadalupe, e de pessoas que perderam familiares para a covid-19, dom Walmor afirmou que a Igreja, ao rezar pelos que j\u00e1 faleceram, com o gesto de plantar uma \u00e1rvore, contempla o mundo com um olhar de vida e de amor. Tamb\u00e9m demonstrou proximidade \u00e0s fam\u00edlias das v\u00edtimas do novo coronav\u00edrus:&nbsp;\u201cNossa comunh\u00e3o e solidariedade \u00e0s mais de 160 mil fam\u00edlias enlutadas pela pandemia da covid-19\u201d, disse dom Walmor, rezando para que a dor do luto se converta em esperan\u00e7a e solidariedade.<\/p>\n<p>&nbsp;<\/p>\n<h3>Sede da CNBB<\/h3>\n<p>Em Bras\u00edlia (DF), o bispo auxiliar do Rio de Janeiro e secret\u00e1rio-geral da CNBB, dom Joel Portella Amado, presidiu a celebra\u00e7\u00e3o do Dia de Finados, na capela Nossa Senhora Aparecida, na sede da Confer\u00eancia. Participaram da celebra\u00e7\u00e3o assessores que residem na sede e no Centro Cultural Mission\u00e1rio (CCM), al\u00e9m de alguns colaboradores de atividades essenciais. Ao final da Missa, houve a ben\u00e7\u00e3o e o plantio da muda de \u00e1rvore no jardim que recebe o monumento que faz mem\u00f3ria dos 300 anos do encontro da imagem da padroeira do Brasil.<\/p>\n<div id=\"gallery-1\" class=\"gallery galleryid-254783 gallery-columns-3 gallery-size-thumbnail\">\n<figure class=\"gallery-item\">\n<div class=\"gallery-icon landscape\"><a class=\"rl-gallery-link\" title=\"\" href=\"https:\/\/eadn-wc02-718006.nxedge.io\/cdn\/wp-content\/uploads\/2020\/11\/Cuidar-da-saudade-sede-CNBB-3-760.jpg\" data-rl_title=\"\" data-rl_caption=\"\" data-rel=\"lightbox-gallery-1\"><img loading=\"lazy\" decoding=\"async\" class=\"attachment-thumbnail size-thumbnail lazyloaded\" src=\"https:\/\/eadn-wc02-718006.nxedge.io\/cdn\/wp-content\/uploads\/2020\/11\/Cuidar-da-saudade-sede-CNBB-3-760-150x150.jpg\" sizes=\"auto, (max-width: 150px) 100vw, 150px\" srcset=\"https:\/\/eadn-wc02-718006.nxedge.io\/cdn\/wp-content\/uploads\/2020\/11\/Cuidar-da-saudade-sede-CNBB-3-760-150x150.jpg 150w, https:\/\/eadn-wc02-718006.nxedge.io\/cdn\/wp-content\/uploads\/2020\/11\/Cuidar-da-saudade-sede-CNBB-3-760-300x300.jpg 300w\" alt=\"\" width=\"150\" height=\"150\" aria-describedby=\"gallery-1-254800\" data-srcset=\"https:\/\/eadn-wc02-718006.nxedge.io\/cdn\/wp-content\/uploads\/2020\/11\/Cuidar-da-saudade-sede-CNBB-3-760-150x150.jpg 150w, https:\/\/eadn-wc02-718006.nxedge.io\/cdn\/wp-content\/uploads\/2020\/11\/Cuidar-da-saudade-sede-CNBB-3-760-300x300.jpg 300w\" data-src=\"https:\/\/eadn-wc02-718006.nxedge.io\/cdn\/wp-content\/uploads\/2020\/11\/Cuidar-da-saudade-sede-CNBB-3-760-150x150.jpg\" data-sizes=\"(max-width: 150px) 100vw, 150px\"><\/a><\/div><figcaption id=\"gallery-1-254800\" class=\"wp-caption-text gallery-caption\">Foto: Ir. Val\u00e9ria Leal<\/figcaption><\/figure>\n<figure class=\"gallery-item\">\n<div class=\"gallery-icon landscape\"><a class=\"rl-gallery-link\" title=\"\" href=\"https:\/\/eadn-wc02-718006.nxedge.io\/cdn\/wp-content\/uploads\/2020\/11\/Cuidar-da-saudade-sede-CNBB-2-760.jpg\" data-rl_title=\"\" data-rl_caption=\"\" data-rel=\"lightbox-gallery-1\"><img loading=\"lazy\" decoding=\"async\" class=\"attachment-thumbnail size-thumbnail lazyloaded\" src=\"https:\/\/eadn-wc02-718006.nxedge.io\/cdn\/wp-content\/uploads\/2020\/11\/Cuidar-da-saudade-sede-CNBB-2-760-150x150.jpg\" sizes=\"auto, (max-width: 150px) 100vw, 150px\" srcset=\"https:\/\/eadn-wc02-718006.nxedge.io\/cdn\/wp-content\/uploads\/2020\/11\/Cuidar-da-saudade-sede-CNBB-2-760-150x150.jpg 150w, https:\/\/eadn-wc02-718006.nxedge.io\/cdn\/wp-content\/uploads\/2020\/11\/Cuidar-da-saudade-sede-CNBB-2-760-300x300.jpg 300w\" alt=\"\" width=\"150\" height=\"150\" aria-describedby=\"gallery-1-254799\" data-srcset=\"https:\/\/eadn-wc02-718006.nxedge.io\/cdn\/wp-content\/uploads\/2020\/11\/Cuidar-da-saudade-sede-CNBB-2-760-150x150.jpg 150w, https:\/\/eadn-wc02-718006.nxedge.io\/cdn\/wp-content\/uploads\/2020\/11\/Cuidar-da-saudade-sede-CNBB-2-760-300x300.jpg 300w\" data-src=\"https:\/\/eadn-wc02-718006.nxedge.io\/cdn\/wp-content\/uploads\/2020\/11\/Cuidar-da-saudade-sede-CNBB-2-760-150x150.jpg\" data-sizes=\"(max-width: 150px) 100vw, 150px\"><\/a><\/div><figcaption id=\"gallery-1-254799\" class=\"wp-caption-text gallery-caption\">Foto: Ir. Val\u00e9ria Leal<\/figcaption><\/figure>\n<figure class=\"gallery-item\">\n<div class=\"gallery-icon portrait\"><a class=\"rl-gallery-link\" title=\"\" href=\"https:\/\/eadn-wc02-718006.nxedge.io\/cdn\/wp-content\/uploads\/2020\/11\/Cuidar-da-saudade-sede-CNBB-1-520.jpg\" data-rl_title=\"\" data-rl_caption=\"\" data-rel=\"lightbox-gallery-1\"><img loading=\"lazy\" decoding=\"async\" class=\"attachment-thumbnail size-thumbnail lazyloaded\" src=\"https:\/\/eadn-wc02-718006.nxedge.io\/cdn\/wp-content\/uploads\/2020\/11\/Cuidar-da-saudade-sede-CNBB-1-520-150x150.jpg\" sizes=\"auto, (max-width: 150px) 100vw, 150px\" srcset=\"https:\/\/eadn-wc02-718006.nxedge.io\/cdn\/wp-content\/uploads\/2020\/11\/Cuidar-da-saudade-sede-CNBB-1-520-150x150.jpg 150w, https:\/\/eadn-wc02-718006.nxedge.io\/cdn\/wp-content\/uploads\/2020\/11\/Cuidar-da-saudade-sede-CNBB-1-520-300x300.jpg 300w\" alt=\"\" width=\"150\" height=\"150\" aria-describedby=\"gallery-1-254798\" data-srcset=\"https:\/\/eadn-wc02-718006.nxedge.io\/cdn\/wp-content\/uploads\/2020\/11\/Cuidar-da-saudade-sede-CNBB-1-520-150x150.jpg 150w, https:\/\/eadn-wc02-718006.nxedge.io\/cdn\/wp-content\/uploads\/2020\/11\/Cuidar-da-saudade-sede-CNBB-1-520-300x300.jpg 300w\" data-src=\"https:\/\/eadn-wc02-718006.nxedge.io\/cdn\/wp-content\/uploads\/2020\/11\/Cuidar-da-saudade-sede-CNBB-1-520-150x150.jpg\" data-sizes=\"(max-width: 150px) 100vw, 150px\"><\/a><\/div><figcaption id=\"gallery-1-254798\" class=\"wp-caption-text gallery-caption\">Foto: Ir. Val\u00e9ria Leal<\/figcaption><\/figure>\n<\/div>\n<h3>Pelo Brasil&gt;<a href=\"https:\/\/www.cnbb.org.br\/finados-cuidar-da-saudade-plantio-arvores\/\"><strong>Leia mais<\/strong><\/a><\/h3>\n","protected":false},"excerpt":{"rendered":"<p>Em todo o Brasil, a Igreja esteve unida em prece pelos fi\u00e9is defuntos e no gesto de homenagem e cuidado proposto pela Confer\u00eancia Nacional dos Bispos do Brasil (CNBB) para este 2 de novembro. A iniciativa \u201c\u00c9 tempo de cuidar da saudade\u201d somou-se \u00e0s celebra\u00e7\u00f5es j\u00e1 propostas no calend\u00e1rio lit\u00fargico como uma forma de recordar&nbsp;<\/p>\n<p><a class=\"btn btn-style\" href=\"http:\/\/portalcatolico.net\/portal\/igreja-no-brasil-une-se-em-prece-e-em-gestos-pelos-falecidos-com-a-campanha-e-tempo-de-cuidar-da-saudade\/\">Continue Reading<\/a><\/p>\n","protected":false},"author":2,"featured_media":70587,"comment_status":"open","ping_status":"open","sticky":false,"template":"","format":"standard","meta":{"footnotes":""},"categories":[3],"tags":[],"class_list":["post-70576","post","type-post","status-publish","format-standard","has-post-thumbnail","hentry","category-noticias_regionais"],"_links":{"self":[{"href":"http:\/\/portalcatolico.net\/portal\/wp-json\/wp\/v2\/posts\/70576","targetHints":{"allow":["GET"]}}],"collection":[{"href":"http:\/\/portalcatolico.net\/portal\/wp-json\/wp\/v2\/posts"}],"about":[{"href":"http:\/\/portalcatolico.net\/portal\/wp-json\/wp\/v2\/types\/post"}],"author":[{"embeddable":true,"href":"http:\/\/portalcatolico.net\/portal\/wp-json\/wp\/v2\/users\/2"}],"replies":[{"embeddable":true,"href":"http:\/\/portalcatolico.net\/portal\/wp-json\/wp\/v2\/comments?post=70576"}],"version-history":[{"count":1,"href":"http:\/\/portalcatolico.net\/portal\/wp-json\/wp\/v2\/posts\/70576\/revisions"}],"predecessor-version":[{"id":70578,"href":"http:\/\/portalcatolico.net\/portal\/wp-json\/wp\/v2\/posts\/70576\/revisions\/70578"}],"wp:featuredmedia":[{"embeddable":true,"href":"http:\/\/portalcatolico.net\/portal\/wp-json\/wp\/v2\/media\/70587"}],"wp:attachment":[{"href":"http:\/\/portalcatolico.net\/portal\/wp-json\/wp\/v2\/media?parent=70576"}],"wp:term":[{"taxonomy":"category","embeddable":true,"href":"http:\/\/portalcatolico.net\/portal\/wp-json\/wp\/v2\/categories?post=70576"},{"taxonomy":"post_tag","embeddable":true,"href":"http:\/\/portalcatolico.net\/portal\/wp-json\/wp\/v2\/tags?post=70576"}],"curies":[{"name":"wp","href":"https:\/\/api.w.org\/{rel}","templated":true}]}}