{"id":70570,"date":"2020-11-02T15:14:39","date_gmt":"2020-11-02T18:14:39","guid":{"rendered":"http:\/\/portalcatolico.net\/portal\/?p=70570"},"modified":"2020-11-02T15:14:39","modified_gmt":"2020-11-02T18:14:39","slug":"fundador-dos-cavaleiros-do-colombo-foi-proclamado-beato-este-fim-de-semana","status":"publish","type":"post","link":"http:\/\/portalcatolico.net\/portal\/fundador-dos-cavaleiros-do-colombo-foi-proclamado-beato-este-fim-de-semana\/","title":{"rendered":"Fundador dos Cavaleiros do Colombo, foi proclamado beato este fim de semana"},"content":{"rendered":"<p>Em uma&nbsp;Missa&nbsp;celebrada este 31 de outubro na Catedral de S\u00e3o Jos\u00e9 em Hartford, em seu estado&nbsp;natal&nbsp;de Connecticut, (Estados Unidos), o Pe. Michael McGivney, fundador da Ordem dos Cavaleiros de Colombo, foi proclamado beato.<\/p>\n<p>A&nbsp;Eucaristia&nbsp;foi presidida pelo Cardeal Joseph William Cardeal Tobin, Arcebispo de Newark e representante do Papa Francisco para a cerim\u00f4nia de beatifica\u00e7\u00e3o.<\/p>\n<p>A mem\u00f3ria lit\u00fargica do Pe. McGivney se celebrar\u00e1 cada ano em 13 de agosto.<\/p>\n<p>Na carta apost\u00f3lica com a que o proclamou Beato, o Papa Francisco destacou que o ardor do fundador dos Cavaleiros do Colombo &#8220;pela proclama\u00e7\u00e3o do Evangelho e generosa preocupa\u00e7\u00e3o pelas necessidades de seus irm\u00e3os e irm\u00e3s o fazem uma testemunha sobressalente da solidariedade crist\u00e3 e a ajuda fraternal&#8221;.<\/p>\n<div class=\"ad_inline\">&nbsp;<\/div>\n<p>O milagre que permitiu sua beatifica\u00e7\u00e3o foi a completa cura de um menino que padecia uma enfermidade terminal. O Papa Francisco aprovou o milagre em 27 de maio deste ano.<\/p>\n<p>O Pe. McGivney \u00e9 o quarto homem nascido nos Estados Unidos a ser beatificado, junto aos beatos Stanley Rother, James Miller e Solanus Casey.<\/p>\n<p>O Pe. McGivney fundou em 1882 os Cavaleiros de Colombo em New Haven, Connecticut. Inicialmente, a organiza\u00e7\u00e3o tinha a inten\u00e7\u00e3o de ajudar \u00e0s vi\u00favas e suas fam\u00edlias. Entretanto, ganhou um alcance mundial, com mais de dois milh\u00f5es de membros que levam a obra de caridade e evangeliza\u00e7\u00e3o em todo mundo.<\/p>\n<p>Em 2018, os 16 mil conselhos dos Cavaleiros de todo o mundo doaram mais de 185 milh\u00f5es de d\u00f3lares a entidades caritativas e deram mais de 76 milh\u00f5es de horas de voluntariado em 2018. Seu trabalho volunt\u00e1rio incluiu apoio para os jogos paraol\u00edmpicos, campanhas de arrecada\u00e7\u00e3o de agasalho e campanhas de mantimentos para fam\u00edlias necessitadas.<\/p>\n<p>Entre 2017 e 2018, os Cavaleiros arrecadaram e entregaram 2 milh\u00f5es de d\u00f3lares para a cidade iraquiana de Karamles. Do mesmo modo, ajudaram os sobreviventes crist\u00e3os do genoc\u00eddio cometido pelo Estados Isl\u00e2mico (ISIS) na cidade a reassentar-se em seus lares e construir seu futuro.<\/p>\n<p>A princ\u00edpios deste ano, em uma audi\u00eancia privada concedida ao cavaleiro supremo Carl Anderson, o Papa Francisco elogiou o \u201ctestemunho fiel particular da santidade e dignidade da&nbsp;vida&nbsp;humana, evidente tanto a n\u00edvel local como nacional\u201d.<\/p>\n<p>O Papa Francisco no \u00e2ngelus deste domingo recordou o novo beato afirmando que o Pe McGivney era um homem \u201ccomprometido com a evangeliza\u00e7\u00e3o, que se prodigou atendendo as necessidades dos pobres, promovendo a ajuda fraterna. Que seu exemplo nos mova a todos a testemunharmos cada vez mais o Evangelho da caridade. Um aplauso para o novo beato!\u201d(ACI)<\/p>\n<p>Foto: Captura de tela YouTube\/EWTN<\/p>\n","protected":false},"excerpt":{"rendered":"<p>Em uma&nbsp;Missa&nbsp;celebrada este 31 de outubro na Catedral de S\u00e3o Jos\u00e9 em Hartford, em seu estado&nbsp;natal&nbsp;de Connecticut, (Estados Unidos), o Pe. Michael McGivney, fundador da Ordem dos Cavaleiros de Colombo, foi proclamado beato. A&nbsp;Eucaristia&nbsp;foi presidida pelo Cardeal Joseph William Cardeal Tobin, Arcebispo de Newark e representante do Papa Francisco para a cerim\u00f4nia de beatifica\u00e7\u00e3o. A&nbsp;<\/p>\n<p><a class=\"btn btn-style\" href=\"http:\/\/portalcatolico.net\/portal\/fundador-dos-cavaleiros-do-colombo-foi-proclamado-beato-este-fim-de-semana\/\">Continue Reading<\/a><\/p>\n","protected":false},"author":2,"featured_media":70571,"comment_status":"open","ping_status":"open","sticky":false,"template":"","format":"standard","meta":{"footnotes":""},"categories":[5],"tags":[],"class_list":["post-70570","post","type-post","status-publish","format-standard","has-post-thumbnail","hentry","category-igreja_no_mundo"],"_links":{"self":[{"href":"http:\/\/portalcatolico.net\/portal\/wp-json\/wp\/v2\/posts\/70570","targetHints":{"allow":["GET"]}}],"collection":[{"href":"http:\/\/portalcatolico.net\/portal\/wp-json\/wp\/v2\/posts"}],"about":[{"href":"http:\/\/portalcatolico.net\/portal\/wp-json\/wp\/v2\/types\/post"}],"author":[{"embeddable":true,"href":"http:\/\/portalcatolico.net\/portal\/wp-json\/wp\/v2\/users\/2"}],"replies":[{"embeddable":true,"href":"http:\/\/portalcatolico.net\/portal\/wp-json\/wp\/v2\/comments?post=70570"}],"version-history":[{"count":1,"href":"http:\/\/portalcatolico.net\/portal\/wp-json\/wp\/v2\/posts\/70570\/revisions"}],"predecessor-version":[{"id":70572,"href":"http:\/\/portalcatolico.net\/portal\/wp-json\/wp\/v2\/posts\/70570\/revisions\/70572"}],"wp:featuredmedia":[{"embeddable":true,"href":"http:\/\/portalcatolico.net\/portal\/wp-json\/wp\/v2\/media\/70571"}],"wp:attachment":[{"href":"http:\/\/portalcatolico.net\/portal\/wp-json\/wp\/v2\/media?parent=70570"}],"wp:term":[{"taxonomy":"category","embeddable":true,"href":"http:\/\/portalcatolico.net\/portal\/wp-json\/wp\/v2\/categories?post=70570"},{"taxonomy":"post_tag","embeddable":true,"href":"http:\/\/portalcatolico.net\/portal\/wp-json\/wp\/v2\/tags?post=70570"}],"curies":[{"name":"wp","href":"https:\/\/api.w.org\/{rel}","templated":true}]}}