{"id":70425,"date":"2020-10-17T15:56:18","date_gmt":"2020-10-17T18:56:18","guid":{"rendered":"http:\/\/portalcatolico.net\/portal\/?p=70425"},"modified":"2020-10-17T19:56:40","modified_gmt":"2020-10-17T22:56:40","slug":"portugal-logo-e-site-oficiais-da-jornada-mundial-da-juventude-em-lisboa-2023","status":"publish","type":"post","link":"http:\/\/portalcatolico.net\/portal\/portugal-logo-e-site-oficiais-da-jornada-mundial-da-juventude-em-lisboa-2023\/","title":{"rendered":"Portugal: Logo e site oficiais da Jornada Mundial da Juventude em Lisboa 2023"},"content":{"rendered":"<p>A organiza\u00e7\u00e3o da Jornada Mundial da Juventude (JMJ) 2023, em Lisboa, apresentou hoje, anivers\u00e1rio do in\u00edcio de Pontificado de S\u00e3o Jo\u00e3o Paulo II, o logotipo e o site oficiais do pr\u00f3ximo encontro internacional de jovens cat\u00f3licos que o Papa polaco idealizou.<\/p>\n<p>O site da pr\u00f3xima JMJ pode ser visto em:&nbsp;<a href=\"https:\/\/www.lisboa2023.org\/pt\">https:\/\/www.lisboa2023.org\/pt<\/a>&nbsp;e traz informa\u00e7\u00f5es e material a respeito das JMJs e da primeira edi\u00e7\u00e3o deste evento em solo portugu\u00eas. Inicialmente marcada para 2022, a edi\u00e7\u00e3o de Lisboa precisou ser adiada foi adiada para o ver\u00e3o de 2023 devido \u00e0 pandemia de Covid-19 e vai decorrer na zona do Parque Tejo, na parte hist\u00f3rica da capital. &nbsp;<\/p>\n<p>O logo da JMJ Lisboa 2023, da designer portuguesa Beatriz Roque Antunes, de 24 anos, inspirado no tema da Jornada: \u2018Maria levantou-se e partiu apressadamente\u2019 (Lc 1, 39). A logomarca tem como elementos centrais a Cruz, atravessada por um caminho onde surge o Esp\u00edrito Santo, e a figura da Virgem, acompanhada pela refer\u00eancia \u00e0 ora\u00e7\u00e3o do Ros\u00e1rio, que Nossa Senhora pediu aos pastorinhos em F\u00e1tima que fosse rezado diariamente. O logo \u00e9 acompanhado das cores verde e vermelho, que representam respectivamente a esperan\u00e7a e a alegria, e s\u00e3o as cores da bandeira nacional portuguesa.<\/p>\n<p>Segundo informa a Ag\u00eancia Ecclesia, do episcopado portugu\u00eas, a proposta vencedora foi escolhida num concurso internacional promovido pelo Comit\u00e9 Organizador Local (COL) que contou com a participa\u00e7\u00e3o de centenas de candidatos provenientes de 30 pa\u00edses dos cinco continentes. Coube depois ao Dicast\u00e9rio para os Leigos, Fam\u00edlia e&nbsp;Vida&nbsp;selecionar a proposta vencedora.<\/p>\n<p>Ainda segundo Ag\u00eancia Ecclesia, \u201cno atual contexto, o Comit\u00e9 Organizador Local da JMJ Lisboa 2023 continua a dar prioridade \u00e0s necessidades daqueles que t\u00eam sido afetados pela pandemia, sem perder de vista a organiza\u00e7\u00e3o do evento. As equipas de trabalho, em di\u00e1logo cont\u00ednuo com a Santa S\u00e9, prosseguem os preparativos deste encontro de jovens que, h\u00e1 mais de tr\u00eas d\u00e9cadas, \u00e9 para todo o mundo sinal de esperan\u00e7a, uni\u00e3o e solidariedade\u201d.<\/p>\n<p>O lan\u00e7amento da imagem do encontro internacional de Lisboa decorreu num evento digital, transmitido atrav\u00e9s das p\u00e1ginas da JMJ no Facebook (dispon\u00edvel em 22 idiomas) e Youtube.<\/p>\n<p><strong>As Jornadas Mundiais da Juventude<\/strong><\/p>\n<p>Idealizadas no pontificado de S\u00e3o Jo\u00e3o Paulo II, as Jornadas t\u00eam sido realizadas em diversas dioceses do mundo, reunindo milh\u00f5es de jovens cat\u00f3licos a cada realiza\u00e7\u00e3o.<\/p>\n<p>A primeira edi\u00e7\u00e3o aconteceu em 1986, em Roma, e desde ent\u00e3o a JMJ j\u00e1 passou pelas seguintes cidades: Buenos Aires (1987), Santiago de Compostela (1989), Czestochowa (1991), Denver (1993), Manila (1995), Paris (1997), Roma (2000), Toronto (2002), Col\u00f3nia (2005), Sidney (2008), Madrid (2011), Rio de Janeiro (2013), Crac\u00f3via (2016) e Panam\u00e1 (2019).(ACI)<\/p>\n<p>Logo oficial da JMJ LIsboa 2023. Fonte: https:\/\/lisboa2023.org\/pt<\/p>\n","protected":false},"excerpt":{"rendered":"<p>A organiza\u00e7\u00e3o da Jornada Mundial da Juventude (JMJ) 2023, em Lisboa, apresentou hoje, anivers\u00e1rio do in\u00edcio de Pontificado de S\u00e3o Jo\u00e3o Paulo II, o logotipo e o site oficiais do pr\u00f3ximo encontro internacional de jovens cat\u00f3licos que o Papa polaco idealizou. O site da pr\u00f3xima JMJ pode ser visto em:&nbsp;https:\/\/www.lisboa2023.org\/pt&nbsp;e traz informa\u00e7\u00f5es e material a&nbsp;<\/p>\n<p><a class=\"btn btn-style\" href=\"http:\/\/portalcatolico.net\/portal\/portugal-logo-e-site-oficiais-da-jornada-mundial-da-juventude-em-lisboa-2023\/\">Continue Reading<\/a><\/p>\n","protected":false},"author":2,"featured_media":70426,"comment_status":"open","ping_status":"open","sticky":false,"template":"","format":"standard","meta":{"footnotes":""},"categories":[5],"tags":[],"class_list":["post-70425","post","type-post","status-publish","format-standard","has-post-thumbnail","hentry","category-igreja_no_mundo"],"_links":{"self":[{"href":"http:\/\/portalcatolico.net\/portal\/wp-json\/wp\/v2\/posts\/70425","targetHints":{"allow":["GET"]}}],"collection":[{"href":"http:\/\/portalcatolico.net\/portal\/wp-json\/wp\/v2\/posts"}],"about":[{"href":"http:\/\/portalcatolico.net\/portal\/wp-json\/wp\/v2\/types\/post"}],"author":[{"embeddable":true,"href":"http:\/\/portalcatolico.net\/portal\/wp-json\/wp\/v2\/users\/2"}],"replies":[{"embeddable":true,"href":"http:\/\/portalcatolico.net\/portal\/wp-json\/wp\/v2\/comments?post=70425"}],"version-history":[{"count":1,"href":"http:\/\/portalcatolico.net\/portal\/wp-json\/wp\/v2\/posts\/70425\/revisions"}],"predecessor-version":[{"id":70428,"href":"http:\/\/portalcatolico.net\/portal\/wp-json\/wp\/v2\/posts\/70425\/revisions\/70428"}],"wp:featuredmedia":[{"embeddable":true,"href":"http:\/\/portalcatolico.net\/portal\/wp-json\/wp\/v2\/media\/70426"}],"wp:attachment":[{"href":"http:\/\/portalcatolico.net\/portal\/wp-json\/wp\/v2\/media?parent=70425"}],"wp:term":[{"taxonomy":"category","embeddable":true,"href":"http:\/\/portalcatolico.net\/portal\/wp-json\/wp\/v2\/categories?post=70425"},{"taxonomy":"post_tag","embeddable":true,"href":"http:\/\/portalcatolico.net\/portal\/wp-json\/wp\/v2\/tags?post=70425"}],"curies":[{"name":"wp","href":"https:\/\/api.w.org\/{rel}","templated":true}]}}