{"id":70418,"date":"2020-10-17T18:57:42","date_gmt":"2020-10-17T21:57:42","guid":{"rendered":"http:\/\/portalcatolico.net\/portal\/?p=70418"},"modified":"2020-10-17T19:00:31","modified_gmt":"2020-10-17T22:00:31","slug":"diocese-de-propria-celebra-o-jubileu-dos-60-anos","status":"publish","type":"post","link":"http:\/\/portalcatolico.net\/portal\/diocese-de-propria-celebra-o-jubileu-dos-60-anos\/","title":{"rendered":"Diocese de Propri\u00e1 celebra o Jubileu dos 60 Anos"},"content":{"rendered":"<p style=\"font-weight: 400;\"><img loading=\"lazy\" decoding=\"async\" class=\"alignnone wp-image-70421\" src=\"http:\/\/portalcatolico.net\/portal\/wp-content\/uploads\/2020\/10\/Capturar111-300x166.png\" alt=\"\" width=\"824\" height=\"456\" srcset=\"http:\/\/portalcatolico.net\/portal\/wp-content\/uploads\/2020\/10\/Capturar111-300x166.png 300w, http:\/\/portalcatolico.net\/portal\/wp-content\/uploads\/2020\/10\/Capturar111-768x426.png 768w, http:\/\/portalcatolico.net\/portal\/wp-content\/uploads\/2020\/10\/Capturar111.png 835w\" sizes=\"auto, (max-width: 824px) 100vw, 824px\" \/>A&nbsp; celebra\u00e7\u00e3o em A\u00e7\u00e3o de Gra\u00e7as pelos 60 anos&nbsp;de ere\u00e7\u00e3o can\u00f4nica da Diocese de Propri\u00e1, em Sergipe, foi realizada nesta sexta-feira&nbsp;(16),&nbsp;&nbsp;\u00e0s 19h, com a presid\u00eancia de Dom Vitor Agnaldo&nbsp; Menezes&nbsp;e concelebrado por padres diocesanos, entre outros religiosos. A santa&nbsp;missa foi transmitida pelas redes&nbsp;sociais da Par\u00f3quia Santo Ant\u00f4nio de P\u00e1dua, por conta da pandemia do novo coronav\u00edrus. Quem esteve presente na missa, seguiu os protocolos de distanciamento.&nbsp;&nbsp;<\/p>\n<p style=\"font-weight: 400;\">A instala\u00e7\u00e3o da Diocese de Propri\u00e1 ocorreu no dia 16 de&nbsp;Outubro de 1960.&nbsp; Foi criada em 30 de abril de 1960&nbsp;pela Bula Ecclesiarum Omnium do Papa S\u00e3o Jo\u00e3o XXlll, desmembrada da&nbsp;ent\u00e3o Diocese de Aracaju (SE). Esta mesma bula tamb\u00e9m erigiu a Diocese&nbsp;de Est\u00e2ncia e elevou a Diocese de Aracaju a categoria de arquidiocese.<br \/>\nNossa circunscri\u00e7\u00e3o pertence \u00e0 Prov\u00edncia Eclesi\u00e1stica de Aracaju e ao&nbsp;Regional Nordeste III da CNBB e tem Nossa Senhora do Ros\u00e1rio de F\u00e1tima&nbsp;como sua excelsa padroeira.&nbsp;&nbsp;<\/p>\n<p style=\"font-weight: 400;\">A Diocese de Propri\u00e1 situa-se&nbsp;geograficamente no norte do estado de Sergipe, \u00e9 composta por 26&nbsp;munic\u00edpios, no baixo S\u00e3o Francisco.<br \/>\nDurante os 60 anos de miss\u00e3o e evangeliza\u00e7\u00e3o ,estiveram na condu\u00e7\u00e3o e&nbsp;evangeliza\u00e7\u00e3o dos fies cat\u00f3licos, os bispos: Dom Jos\u00e9 Brand\u00e3o de Castro, CSSR (1960-1987), Dom Jos\u00e9 Palmeira&nbsp;Lessa (1987-1995), Dom M\u00e1rio Rino Sivieri (1997-2017). E tem como e atual, o&nbsp;Bispo Diocesano Dom Vitor Agnaldo de Menezes.&nbsp;&nbsp;<\/p>\n<p style=\"font-weight: 400;\">No dia 25 de outubro de&nbsp;2017, o Papa Francisco nomeou o Padre V\u00edtor Agnaldo de Menezes, da&nbsp;Diocese de Jequi\u00e9 da Bahia, Bispo da Diocese de Propri\u00e1 de Sergipe, em substitui\u00e7\u00e3o de Dom Mario Rino Sivieri, que ocupava o cargo h\u00e1 quase 21&nbsp;anos. Sua posse can\u00f4nica como quarto bispo diocesano foi realizada no&nbsp;dia 03 de Fevereiro de 2018 na Catedral de Santo Ant\u00f4nio.&nbsp;&nbsp;&nbsp;<strong>&nbsp;Confira a santa missa, neste link: <a href=\"https:\/\/www.youtube.com\/watch?v=fM6rzRhX-K0\">https:\/\/www.youtube.com\/watch?v=fM6rzRhX-K0<\/a><\/strong><\/p>\n<p>Fotos:&nbsp;<span style=\"font-size: 10.5pt; font-family: 'Verdana',sans-serif; color: #333333; background: white;\">Captura de v\u00eddeo<\/span><\/p>\n","protected":false},"excerpt":{"rendered":"<p>A&nbsp; celebra\u00e7\u00e3o em A\u00e7\u00e3o de Gra\u00e7as pelos 60 anos&nbsp;de ere\u00e7\u00e3o can\u00f4nica da Diocese de Propri\u00e1, em Sergipe, foi realizada nesta sexta-feira&nbsp;(16),&nbsp;&nbsp;\u00e0s 19h, com a presid\u00eancia de Dom Vitor Agnaldo&nbsp; Menezes&nbsp;e concelebrado por padres diocesanos, entre outros religiosos. A santa&nbsp;missa foi transmitida pelas redes&nbsp;sociais da Par\u00f3quia Santo Ant\u00f4nio de P\u00e1dua, por conta da pandemia do novo&nbsp;<\/p>\n<p><a class=\"btn btn-style\" href=\"http:\/\/portalcatolico.net\/portal\/diocese-de-propria-celebra-o-jubileu-dos-60-anos\/\">Continue Reading<\/a><\/p>\n","protected":false},"author":2,"featured_media":70419,"comment_status":"open","ping_status":"open","sticky":false,"template":"","format":"standard","meta":{"footnotes":""},"categories":[68],"tags":[],"class_list":["post-70418","post","type-post","status-publish","format-standard","has-post-thumbnail","hentry","category-homilias"],"_links":{"self":[{"href":"http:\/\/portalcatolico.net\/portal\/wp-json\/wp\/v2\/posts\/70418","targetHints":{"allow":["GET"]}}],"collection":[{"href":"http:\/\/portalcatolico.net\/portal\/wp-json\/wp\/v2\/posts"}],"about":[{"href":"http:\/\/portalcatolico.net\/portal\/wp-json\/wp\/v2\/types\/post"}],"author":[{"embeddable":true,"href":"http:\/\/portalcatolico.net\/portal\/wp-json\/wp\/v2\/users\/2"}],"replies":[{"embeddable":true,"href":"http:\/\/portalcatolico.net\/portal\/wp-json\/wp\/v2\/comments?post=70418"}],"version-history":[{"count":4,"href":"http:\/\/portalcatolico.net\/portal\/wp-json\/wp\/v2\/posts\/70418\/revisions"}],"predecessor-version":[{"id":70424,"href":"http:\/\/portalcatolico.net\/portal\/wp-json\/wp\/v2\/posts\/70418\/revisions\/70424"}],"wp:featuredmedia":[{"embeddable":true,"href":"http:\/\/portalcatolico.net\/portal\/wp-json\/wp\/v2\/media\/70419"}],"wp:attachment":[{"href":"http:\/\/portalcatolico.net\/portal\/wp-json\/wp\/v2\/media?parent=70418"}],"wp:term":[{"taxonomy":"category","embeddable":true,"href":"http:\/\/portalcatolico.net\/portal\/wp-json\/wp\/v2\/categories?post=70418"},{"taxonomy":"post_tag","embeddable":true,"href":"http:\/\/portalcatolico.net\/portal\/wp-json\/wp\/v2\/tags?post=70418"}],"curies":[{"name":"wp","href":"https:\/\/api.w.org\/{rel}","templated":true}]}}