{"id":70407,"date":"2020-10-16T20:07:45","date_gmt":"2020-10-16T23:07:45","guid":{"rendered":"http:\/\/portalcatolico.net\/portal\/?p=70407"},"modified":"2020-10-16T19:32:11","modified_gmt":"2020-10-16T22:32:11","slug":"oitavo-congresso-da-diocese-de-itabuna-acontecera-neste-fim-de-semana-por-transmissao-online","status":"publish","type":"post","link":"http:\/\/portalcatolico.net\/portal\/oitavo-congresso-da-diocese-de-itabuna-acontecera-neste-fim-de-semana-por-transmissao-online\/","title":{"rendered":"Oitavo Congresso da Diocese de Itabuna acontecer\u00e1 neste fim de semana, por transmiss\u00e3o online"},"content":{"rendered":"<p>A Renova\u00e7\u00e3o Carism\u00e1tica Cat\u00f3lica de Itabuna realizar\u00e1 o VIII Congresso Diocesano da Diocese de&nbsp;Itabuna, no sul da Bahia. O evento religioso, devido a pandemia do novo coronav\u00edrus, acontecer\u00e1 online,&nbsp;pelo canal do Youtube da RCC, neste&nbsp;fim de semana,&nbsp; s\u00e1bado e domingo, 17 e 18 de outubro.<\/p>\n<p>V\u00e1rios carism\u00e1ticos al\u00e9m de alguns dos pregadores,deixaram seus convites especiais, entre eles, Gledyson Silva (Coordenador do Minist\u00e9rio de Prega\u00e7\u00e3o da RCC Bahia); Frederico Mastroangelo Sim\u00f5es Marques (Coordenador Estadual da RCC Bahia);&nbsp;Ala Menezes (da Diocese de Itabuna);&nbsp;&nbsp;Amistron Lira (Presidente Diocesano da RCC de Itabuna); Keila Fabiane (Presidente do Conselho da RCC do Distrito&nbsp;Federal), Altemar de Jesus (Coordenador Estadual da MOCL da&nbsp;Arquidiocese de Vit\u00f3ria da Conquista).<br \/>\nConfira e participe pelo canal oficial da RCC de Itabuna, no link&nbsp;a seguir:&nbsp;<a href=\"https:\/\/www.youtube.com\/channel\/UCzQriKbuKn0w4G4klHwgCaA\" target=\"_blank\" rel=\"noopener noreferrer\">https:\/\/www.youtube.com\/channel\/UCzQriKbuKn0w4G4klHwgCaA<\/a><\/p>\n<p>Foto: Arquivo\/Portal Cat\u00f3lico. Net<\/p>\n","protected":false},"excerpt":{"rendered":"<p>A Renova\u00e7\u00e3o Carism\u00e1tica Cat\u00f3lica de Itabuna realizar\u00e1 o VIII Congresso Diocesano da Diocese de&nbsp;Itabuna, no sul da Bahia. O evento religioso, devido a pandemia do novo coronav\u00edrus, acontecer\u00e1 online,&nbsp;pelo canal do Youtube da RCC, neste&nbsp;fim de semana,&nbsp; s\u00e1bado e domingo, 17 e 18 de outubro. V\u00e1rios carism\u00e1ticos al\u00e9m de alguns dos pregadores,deixaram seus convites especiais,&nbsp;<\/p>\n<p><a class=\"btn btn-style\" href=\"http:\/\/portalcatolico.net\/portal\/oitavo-congresso-da-diocese-de-itabuna-acontecera-neste-fim-de-semana-por-transmissao-online\/\">Continue Reading<\/a><\/p>\n","protected":false},"author":2,"featured_media":70410,"comment_status":"open","ping_status":"open","sticky":false,"template":"","format":"standard","meta":{"footnotes":""},"categories":[2],"tags":[],"class_list":["post-70407","post","type-post","status-publish","format-standard","has-post-thumbnail","hentry","category-eventos"],"_links":{"self":[{"href":"http:\/\/portalcatolico.net\/portal\/wp-json\/wp\/v2\/posts\/70407","targetHints":{"allow":["GET"]}}],"collection":[{"href":"http:\/\/portalcatolico.net\/portal\/wp-json\/wp\/v2\/posts"}],"about":[{"href":"http:\/\/portalcatolico.net\/portal\/wp-json\/wp\/v2\/types\/post"}],"author":[{"embeddable":true,"href":"http:\/\/portalcatolico.net\/portal\/wp-json\/wp\/v2\/users\/2"}],"replies":[{"embeddable":true,"href":"http:\/\/portalcatolico.net\/portal\/wp-json\/wp\/v2\/comments?post=70407"}],"version-history":[{"count":3,"href":"http:\/\/portalcatolico.net\/portal\/wp-json\/wp\/v2\/posts\/70407\/revisions"}],"predecessor-version":[{"id":70412,"href":"http:\/\/portalcatolico.net\/portal\/wp-json\/wp\/v2\/posts\/70407\/revisions\/70412"}],"wp:featuredmedia":[{"embeddable":true,"href":"http:\/\/portalcatolico.net\/portal\/wp-json\/wp\/v2\/media\/70410"}],"wp:attachment":[{"href":"http:\/\/portalcatolico.net\/portal\/wp-json\/wp\/v2\/media?parent=70407"}],"wp:term":[{"taxonomy":"category","embeddable":true,"href":"http:\/\/portalcatolico.net\/portal\/wp-json\/wp\/v2\/categories?post=70407"},{"taxonomy":"post_tag","embeddable":true,"href":"http:\/\/portalcatolico.net\/portal\/wp-json\/wp\/v2\/tags?post=70407"}],"curies":[{"name":"wp","href":"https:\/\/api.w.org\/{rel}","templated":true}]}}